{"id":53211,"date":"2025-03-11T12:09:43","date_gmt":"2025-03-11T12:09:43","guid":{"rendered":"https:\/\/dekkbi.com\/?p=53211"},"modified":"2025-03-13T10:34:50","modified_gmt":"2025-03-13T10:34:50","slug":"me-augustin-senghor-president-de-la-fsf-le-senegal-merite-aujourdhui-de-sieger-au-conseil-de-la-fifa","status":"publish","type":"post","link":"https:\/\/dekkbi.com\/?p=53211","title":{"rendered":"Me Senghor \u00ab\u2009Le S\u00e9n\u00e9gal m\u00e9rite aujourd\u2019hui de si\u00e9ger au Conseil de la Fifa\u2009\u00bb"},"content":{"rendered":"\n<p><strong>Le Comit\u00e9 ex\u00e9cutif de la Conf\u00e9d\u00e9ration africaine de football (Caf) renouvelle, ce mercredi 12 mars, ses membres au Conseil de la Fifa. Me Augustin Senghor, pr\u00e9sident de la F\u00e9d\u00e9ration s\u00e9n\u00e9galaise de football (Fsf), aspire \u00e0 si\u00e9ger au sein de cet organe de d\u00e9cision du football mondial. Dans cet entretien exclusif accord\u00e9 au \u00ab\u2009Soleil\u2009\u00bb, le patron du football s\u00e9n\u00e9galais et premier vice-pr\u00e9sident de la Caf d\u00e9cline ses ambitions. Il revient sur ses chances, les d\u00e9fis des s\u00e9lections nationales engag\u00e9es cette ann\u00e9e dans les diff\u00e9rentes comp\u00e9titions africaines, mais aussi son avenir \u00e0 la t\u00eate de la f\u00e9d\u00e9ration.&nbsp;<\/strong><\/p>\n\n\n\n<p><em><strong>Vous \u00eates le premier vice-pr\u00e9sident de la Caf et vous briguez un poste au Conseil de la Fifa. Qu\u2019est-ce qui motive votre candidature\u2009?<\/strong><\/em><\/p>\n\n\n\n<p>Tout d\u2019abord, il faut savoir qu\u2019en cette ann\u00e9e 2025, mon mandat de membre du Comit\u00e9 ex\u00e9cutif de la Caf n\u2019est pas en jeu. J\u2019ai \u00e9t\u00e9 r\u00e9\u00e9lu en 2023 pour 4 ans\u2009; mon mandat court jusqu\u2019en 2027. J\u2019ai donc estim\u00e9 devoir faire acte de candidature pour int\u00e9grer le Conseil de la Fifa en tant que repr\u00e9sentant de la Caf, au vu de mon cursus d\u2019abord personnel o\u00f9 j\u2019ai eu \u00e0 occuper pratiquement, mis \u00e0 part le poste de pr\u00e9sident de la Caf, toutes les fonctions au sein de l\u2019instance dirigeante\u2009; que ce soit les pr\u00e9sidences de commissions, d\u2019abord au niveau disciplinaire o\u00f9 j\u2019\u00e9tais vice-pr\u00e9sident pendant des ann\u00e9es, ensuite dans beaucoup de commissions, notamment celle juridique, celle des affaires des \u00e9quipes nationales, celle d\u2019organisation de la Can jusqu\u2019\u00e0 arriver au poste de premier vice-pr\u00e9sident de la Caf sur la base d\u2019un consensus dont tout le monde conna\u00eet l\u2019histoire.<\/p>\n\n\n\n<p>J\u2019ai d\u00e9cid\u00e9 de briguer ce poste de membre africain du Conseil de la Fifa pour apporter mon exp\u00e9rience, mes comp\u00e9tences et mon v\u00e9cu \u00e0 l\u2019\u0153uvre de consolidation du football africain, aux c\u00f4t\u00e9s de mes pairs, mais aussi aux c\u00f4t\u00e9s du pr\u00e9sident Patrice Motsepe, afin de contribuer au renforcement de l\u2019essor du football mondial, aux c\u00f4t\u00e9s du pr\u00e9sident Gianni Infantino. Ce qu\u2019on peut dire de ma candidature, c\u2019est qu\u2019elle est l\u00e9gitime. Elle est aussi, \u00e0 mon sens, quelque chose qui para\u00eet logique, au regard de ce que repr\u00e9sente le S\u00e9n\u00e9gal dans le giron du football continental.<\/p>\n\n\n\n<p>C\u2019est m\u00eame \u00e9tonnant que, dans l\u2019histoire du football, que notre pays n\u2019ait jamais eu \u00e0 si\u00e9ger au sein de cette instance de la Fifa, avec tout son apport pour le football africain et mondial. Nous ne sommes certes pas le pays le plus riche d\u2019Afrique, mais quand on parle de football depuis des ann\u00e9es, m\u00eame avant que nous ne gagnions ces nombreux troph\u00e9es il y a deux ans, le S\u00e9n\u00e9gal \u00e9tait cit\u00e9 comme une r\u00e9f\u00e9rence. Il manquait juste ce palmar\u00e8s que nous avons fini de constituer.<\/p>\n\n\n\n<p>Et je pense que le S\u00e9n\u00e9gal, en tant que pays de football, m\u00e9rite aujourd\u2019hui de si\u00e9ger \u00e0 la Fifa, dans cette instance de d\u00e9cision pour apporter sa touche, sa contribution.<\/p>\n\n\n\n<p><em><strong>Vous avez une grande exp\u00e9rience et un bon v\u00e9cu \u00e0 faire valoir. Est-ce suffisant pour int\u00e9grer le Conseil de la Fifa\u2009?<\/strong><\/em><\/p>\n\n\n\n<p>Oui, forc\u00e9ment. Je pense que notre Conf\u00e9d\u00e9ration gagnerait \u00e0 ce que, au niveau de la repr\u00e9sentation, au sein de l\u2019instance fa\u00eeti\u00e8re que constitue la Fifa, qu\u2019on ait des personnes qui ont un certain v\u00e9cu, une exp\u00e9rience, une comp\u00e9tence av\u00e9r\u00e9e, mais aussi des gens qui pourront d\u00e9battre et contribuer \u00e0 la consolidation du rayonnement du football au niveau mondial, et permettre de faire entendre la voix de l\u2019Afrique. Nous sommes dans un concert de conf\u00e9d\u00e9rations o\u00f9 les d\u00e9cisions se prennent et il est important que la voix de l\u2019Afrique, aux c\u00f4t\u00e9s du pr\u00e9sident de la Caf, soit port\u00e9e par des personnes de r\u00e9f\u00e9rence, qui ont un background qui leur permet de discuter et d\u2019\u00e9changer au m\u00eame niveau avec les repr\u00e9sentants des autres conf\u00e9d\u00e9rations du monde entier\u2009; que ce soit l\u2019Uefa, la Conmebol, l\u2019Ofc, l\u2019Afc en Asie et la Concacaf. C\u2019est \u00e7a qui fait qu\u2019aujourd\u2019hui, ma candidature rev\u00eat cette particularit\u00e9.<\/p>\n\n\n\n<p>Je pense que, aussi bien au plan personnel qu\u2019au plan de la repr\u00e9sentation de mon pays, de mon continent, cette l\u00e9gitimit\u00e9 est av\u00e9r\u00e9e pour pouvoir pr\u00e9tendre \u00e0 briguer un poste \u00e0 ce niveau-l\u00e0. Le Conseil de la Fifa attise les convoitises, avec une dizaine de candidats issus des six zones (Ufoa A et B, Unaf, Cosafa, Cecafa, Uniffac) qui composent la Caf.<\/p>\n\n\n\n<p><em><strong>Avez-vous \u00e9valu\u00e9 vos chances face \u00e0 des candidats qui peuvent se pr\u00e9valoir de plus de soutiens\u2009?<\/strong><\/em><\/p>\n\n\n\n<p>Je peux dire que je jouis, au sein de la Caf, d\u2019une certaine l\u00e9gitimit\u00e9, d\u2019un coefficient de consid\u00e9ration \u00e9norme aupr\u00e8s de mes pairs. Et si c\u2019est cela qui doit faire la diff\u00e9rence, je suis persuad\u00e9 que la majorit\u00e9 des membres de la Caf, donc des pr\u00e9sidents de f\u00e9d\u00e9rations essentiellement, mais aussi des autres membres des f\u00e9d\u00e9rations s\u0153urs, voteront Augustin Senghor. Ils connaissent mon cursus et savent que parmi ceux qui sont candidats, je peux, sans pr\u00e9tention aucune, dire que m\u00eame s\u2019il y a cinq places \u00e0 distribuer, ce serait une grande surprise si effectivement mon \u00e9lection ne se concr\u00e9tisait pas.<\/p>\n\n\n\n<p>Je pense que mes chances sont intactes. Si donc tout se passe normalement et qu\u2019il y ait des \u00e9lections d\u00e9mocratiques, je n\u2019ai pas de doute que je devrais pouvoir \u00eatre \u00e9lu \u00e0 l\u2019une des places. Cela ne veut pas dire que je n\u2019ai pas de consid\u00e9ration pour les autres candidats qui ont aussi un background, un v\u00e9cu, un pedigree qui peuvent leur permettre d\u2019aspirer \u00e0 si\u00e9ger au Conseil de la Fifa.<\/p>\n\n\n\n<p><em><strong>La presse a fait \u00e9cho d\u2019un protocole de Nouakchott. Y a-t-il vraiment eu protocole dans la capitale mauritanienne\u2009?<\/strong><\/em><\/p>\n\n\n\n<p>Moi-m\u00eame j\u2019\u00e9tais \u00e0 Nouakchott sur invitation de mon fr\u00e8re Ahmed Yahya dans le cadre de l\u2019inauguration de l\u2019Acad\u00e9mie des Talents de la Fifa. J\u2019y ai pass\u00e9 deux jours, mais je n\u2019ai pas \u00e9t\u00e9 au courant d\u2019un protocole.<\/p>\n\n\n\n<p>Je n\u2019y ai pas \u00e9t\u00e9 associ\u00e9, donc, je ne peux pas commenter. Et comme je le disais, nous sommes une conf\u00e9d\u00e9ration mature. L\u2019un des points nodaux de nos statuts, comme ceux de la Fifa, c\u2019est le caract\u00e8re d\u00e9mocratique des organisations sportives et je ne suis pas s\u00fbr que, quel que soit le rayonnement, l\u2019influence de certaines personnalit\u00e9s ou de certains pays, on puisse parler d\u2019un protocole qui puisse favoriser d\u2019autres quand ils n\u2019ont pas la l\u00e9gitimit\u00e9 et ne remplissent pas les crit\u00e8res pour aller dans une instance aussi importante au nom de l\u2019Afrique. Tout comme ils ne peuvent pas d\u2019embl\u00e9e \u00e9carter d\u2019autres candidats qui ont d\u00e9pos\u00e9 leur candidature, qui peuvent se pr\u00e9valoir de pouvoir passer et qui ont pass\u00e9 le contr\u00f4le d\u2019\u00e9ligibilit\u00e9 de la Fifa ou de la Caf pour qu\u2019ils puissent se pr\u00e9senter. Donc je peux dire aujourd\u2019hui que je ne suis pas inform\u00e9 de ce protocole de la Caf dont on parle et je n\u2019en suis pas membre, s\u2019il existe.<\/p>\n\n\n\n<p><em><strong>Aujourd\u2019hui, est-ce que la candidature d\u2019Augustin Senghor est soutenue par l\u2019\u00c9tat du S\u00e9n\u00e9gal?<\/strong><\/em><\/p>\n\n\n\n<p>Je dis oui dans la mesure o\u00f9 c\u2019est quelque chose qui a \u00e9t\u00e9 m\u00fbri au sein du Comex parce que, sans son aval, on n\u2019aurait pas pu le faire. Et quand \u00e7a s\u2019est pass\u00e9, lors d\u2019une rencontre avec Madame le Ministre des Sports, je lui ai expos\u00e9 ce projet pour lui dire que j\u2019avais l\u2019intention de briguer un poste au Conseil de la Fifa pour le S\u00e9n\u00e9gal parce que c\u2019est la candidature du S\u00e9n\u00e9gal. Je pense qu\u2019il est important de reposer le rayonnement de notre football sur deux piliers.<\/p>\n\n\n\n<p>Le premier, c\u2019est le rayonnement sportif sur le terrain et nous sommes en train de bien le mener. Apr\u00e8s avoir remport\u00e9 une demi-douzaine de titres il y a deux ans, nous sommes qualifi\u00e9s pratiquement \u00e0 toutes les comp\u00e9titions en 2025. C\u2019est \u00e0 peu pr\u00e8s sept Coupes d\u2019Afrique de football et une Coupe du monde de beach soccer.<\/p>\n\n\n\n<p>C\u2019est \u00e9norme et nous sommes le seul pays africain \u00e0 le faire. L\u2019autre pilier, c\u2019est le rayonnement dans les instances internationales. C\u2019est l\u00e0 o\u00f9 se prennent les d\u00e9cisions que nous devons \u00eatre. Et notre combat a toujours \u00e9t\u00e9 d\u2019avoir une bonne repr\u00e9sentation\u2009; une repr\u00e9sentation de qualit\u00e9 qui incarne le S\u00e9n\u00e9gal. Et fort de tout cela, Madame le Ministre m\u2019avait encourag\u00e9 \u00e0 poursuivre dans cette voie-l\u00e0.<\/p>\n\n\n\n<p>Donc, je peux confirmer effectivement qu\u2019\u00e0 travers elle, l\u2019\u00c9tat du S\u00e9n\u00e9gal nous accompagne dans ce travail, \u00e9tant entendu que ce n\u2019est pas une candidature \u00e0 un poste de pr\u00e9sident de la Caf ou de la Fifa, mais pour un poste de simple membre dans cette instance. Je consid\u00e8re donc que ce soutien des autorit\u00e9s ne nous fait pas d\u00e9faut parce qu\u2019au final, en si\u00e9geant dans cette instance, o\u00f9 d\u2019ailleurs nous avions eu pendant quelques ann\u00e9es notre s\u0153ur, Fatma Samoura, qui \u00e9tait Secr\u00e9taire g\u00e9n\u00e9rale, ce serait une excellente chose d\u2019avoir un membre \u00e9lu au sein de l\u2019instance.<\/p>\n\n\n\n<p>Ce serait une premi\u00e8re, comme on a pu consid\u00e9rer mon accession comme membre du Comit\u00e9 ex\u00e9cutif de la Caf et ma promotion comme premier vice-pr\u00e9sident de l\u2019instance comme des \u00e9tapes importantes dans l\u2019histoire du football du S\u00e9n\u00e9gal. L\u2019autre \u00e9tape aujourd\u2019hui, c\u2019est d\u2019aller au Conseil de la Fifa, en attendant mieux, soit pour moi-m\u00eame, soit pour un autre membre de la famille du football s\u00e9n\u00e9galais.<\/p>\n\n\n\n<p><strong>Lire l\u2019int\u00e9grit\u00e9 de l\u2019entretien avec Samba Oumar FALL dans l\u2019\u00e9dition du Soleil du lundi 10 mars 2025 disponible dans notre kiosque num\u00e9rique : https:\/\/lesoleil.sn\/le-kiosque\/le-soleil-n-16431-lundi-10-mars-2025\/<\/strong><\/p>\n\n\n\n<p>SOURCE SUDQUOTIDIEN<\/p>\n","protected":false},"excerpt":{"rendered":"<p>Le Comit\u00e9 ex\u00e9cutif de la Conf\u00e9d\u00e9ration africaine de football (Caf) renouvelle, ce mercredi 12 mars, ses membres au Conseil de<\/p>\n","protected":false},"author":1,"featured_media":46766,"comment_status":"open","ping_status":"open","sticky":false,"template":"","format":"standard","meta":{"footnotes":""},"categories":[9],"tags":[],"class_list":["post-53211","post","type-post","status-publish","format-standard","has-post-thumbnail","hentry","category-sports"],"_links":{"self":[{"href":"https:\/\/dekkbi.com\/index.php?rest_route=\/wp\/v2\/posts\/53211","targetHints":{"allow":["GET"]}}],"collection":[{"href":"https:\/\/dekkbi.com\/index.php?rest_route=\/wp\/v2\/posts"}],"about":[{"href":"https:\/\/dekkbi.com\/index.php?rest_route=\/wp\/v2\/types\/post"}],"author":[{"embeddable":true,"href":"https:\/\/dekkbi.com\/index.php?rest_route=\/wp\/v2\/users\/1"}],"replies":[{"embeddable":true,"href":"https:\/\/dekkbi.com\/index.php?rest_route=%2Fwp%2Fv2%2Fcomments&post=53211"}],"version-history":[{"count":3,"href":"https:\/\/dekkbi.com\/index.php?rest_route=\/wp\/v2\/posts\/53211\/revisions"}],"predecessor-version":[{"id":53281,"href":"https:\/\/dekkbi.com\/index.php?rest_route=\/wp\/v2\/posts\/53211\/revisions\/53281"}],"wp:featuredmedia":[{"embeddable":true,"href":"https:\/\/dekkbi.com\/index.php?rest_route=\/wp\/v2\/media\/46766"}],"wp:attachment":[{"href":"https:\/\/dekkbi.com\/index.php?rest_route=%2Fwp%2Fv2%2Fmedia&parent=53211"}],"wp:term":[{"taxonomy":"category","embeddable":true,"href":"https:\/\/dekkbi.com\/index.php?rest_route=%2Fwp%2Fv2%2Fcategories&post=53211"},{"taxonomy":"post_tag","embeddable":true,"href":"https:\/\/dekkbi.com\/index.php?rest_route=%2Fwp%2Fv2%2Ftags&post=53211"}],"curies":[{"name":"wp","href":"https:\/\/api.w.org\/{rel}","templated":true}]}}