{"id":53208,"date":"2025-03-11T12:04:52","date_gmt":"2025-03-11T12:04:52","guid":{"rendered":"https:\/\/dekkbi.com\/?p=53208"},"modified":"2025-03-11T12:04:53","modified_gmt":"2025-03-11T12:04:53","slug":"maroc-299-senegalais-detenus-dans-les-prisons","status":"publish","type":"post","link":"https:\/\/dekkbi.com\/?p=53208","title":{"rendered":"Maroc\u00a0: 299 S\u00e9n\u00e9galais d\u00e9tenus dans les prisons"},"content":{"rendered":"\n<p><a href=\"https:\/\/lesoleil.sn\/wp-content\/uploads\/2025\/03\/prison-marocaine.jpg\"><\/a><strong>De nombreux S\u00e9n\u00e9galais sont en conflit avec la loi au Maroc. Selon un communiqu\u00e9 de la Directrice des S\u00e9n\u00e9galais de l\u2019Ext\u00e9rieur, publi\u00e9 lundi, les d\u00e9tenus S\u00e9n\u00e9galais r\u00e9pertori\u00e9s au Maroc sont au nombre de 299, dont 160 dans la juridiction du Consulat G\u00e9n\u00e9ral du S\u00e9n\u00e9gal \u00e0 Dakhla, notamment 93 \u00e0 La\u00e2youne ; 49 \u00e0 Bouizakarne et 18 \u00e0 Tan-Tan\u00a0; et 139 dans celui de Casablanca qui couvre le reste du pays.<\/strong><\/p>\n\n\n\n<p>Selon la m\u00eame source, les principaux motifs de condamnation concernent l\u2019immigration clandestine, la drogue (consommation et vente), association de malfaiteurs et participation \u00e0 des crimes, faux billets et fausse monnaie, escroquerie et fraude. \u00ab&nbsp;\u00c0 ce propos, 38 compatriotes d\u00e9tenus ont exprim\u00e9 le souhait d\u2019\u00eatre transf\u00e9r\u00e9s au S\u00e9n\u00e9gal. Ce nombre est r\u00e9parti comme suit 01 \u00e0 Khouribga, 01 \u00e0 Safi Central, 02 \u00e0 Es-Smara, 02 \u00e0 K\u00e9nitra, 02 \u00e0 Tan-Tan&nbsp;; 03 \u00e0 Nador, 03 \u00e0 Ait Melloul Agadiro, 11 \u00e0 La\u00e2youneo, 13 \u00e0 Bouizakarne. Parmi ces demandeurs, 10 sont condamn\u00e9s \u00e0 des peines allant de 03 \u00e0 25 ans&nbsp;\u00bb, lit-on dans le texte.<\/p>\n\n\n\n<p>Ainsi, les autorit\u00e9s s\u00e9n\u00e9galaises soulignent dans la note que la ratification en cours de la Convention entre le gouvernement de la R\u00e9publique du S\u00e9n\u00e9gal et le gouvernement du Royaume du Maroc sur l\u2019assistance aux personnes d\u00e9tenues et le transf\u00e8rement des personnes condamn\u00e9es sign\u00e9 le 17 d\u00e9cembre 2004, \u00e0 Rabat, est une occasion de passer en revue les traditionnelles relations d\u2019amiti\u00e9 et de coop\u00e9ration qui unissent les deux pays.<\/p>\n\n\n\n<p>Il urge \u00e9galement de relever que le mercredi 22 janvier 2025, en Conseil des ministres, au titre des textes l\u00e9gislatifs et r\u00e9glementaire, il a \u00e9t\u00e9 examin\u00e9 le projet de d\u00e9cret autorisant le Pr\u00e9sident de la R\u00e9publique, \u00e0 ratifier la Convention entre le Gouvernement de la R\u00e9publique du S\u00e9n\u00e9gal et le Gouvernement du Royaume du Maroc sur l\u2019assistance aux personnes d\u00e9tenues et sur le transf\u00e8rement des personnes condamn\u00e9es, sign\u00e9e le 17 d\u00e9cembre 2004 \u00e0 Rabat (Maroc).<\/p>\n\n\n\n<p>A cet effet, le projet de loi a \u00e9t\u00e9 adopt\u00e9 le 3 mars 2025 par la Commission des Affaires \u00e9trang\u00e8res de l\u2019Assembl\u00e9e nationale. Il passera en pl\u00e9ni\u00e8re pour son adoption d\u00e9finitive le 11 mars 2025. Suivront ensuite les \u00e9tapes de la ratification par le Pr\u00e9sident de la R\u00e9publique et la publication au Journal officiel.<\/p>\n\n\n\n<p><strong>Mariama DIEME<\/strong><br>LESOLEIL<\/p>\n","protected":false},"excerpt":{"rendered":"<p>De nombreux S\u00e9n\u00e9galais sont en conflit avec la loi au Maroc. Selon un communiqu\u00e9 de la Directrice des S\u00e9n\u00e9galais de<\/p>\n","protected":false},"author":1,"featured_media":53209,"comment_status":"open","ping_status":"open","sticky":false,"template":"","format":"standard","meta":{"footnotes":""},"categories":[26],"tags":[],"class_list":["post-53208","post","type-post","status-publish","format-standard","has-post-thumbnail","hentry","category-fait-divers"],"_links":{"self":[{"href":"https:\/\/dekkbi.com\/index.php?rest_route=\/wp\/v2\/posts\/53208","targetHints":{"allow":["GET"]}}],"collection":[{"href":"https:\/\/dekkbi.com\/index.php?rest_route=\/wp\/v2\/posts"}],"about":[{"href":"https:\/\/dekkbi.com\/index.php?rest_route=\/wp\/v2\/types\/post"}],"author":[{"embeddable":true,"href":"https:\/\/dekkbi.com\/index.php?rest_route=\/wp\/v2\/users\/1"}],"replies":[{"embeddable":true,"href":"https:\/\/dekkbi.com\/index.php?rest_route=%2Fwp%2Fv2%2Fcomments&post=53208"}],"version-history":[{"count":1,"href":"https:\/\/dekkbi.com\/index.php?rest_route=\/wp\/v2\/posts\/53208\/revisions"}],"predecessor-version":[{"id":53210,"href":"https:\/\/dekkbi.com\/index.php?rest_route=\/wp\/v2\/posts\/53208\/revisions\/53210"}],"wp:featuredmedia":[{"embeddable":true,"href":"https:\/\/dekkbi.com\/index.php?rest_route=\/wp\/v2\/media\/53209"}],"wp:attachment":[{"href":"https:\/\/dekkbi.com\/index.php?rest_route=%2Fwp%2Fv2%2Fmedia&parent=53208"}],"wp:term":[{"taxonomy":"category","embeddable":true,"href":"https:\/\/dekkbi.com\/index.php?rest_route=%2Fwp%2Fv2%2Fcategories&post=53208"},{"taxonomy":"post_tag","embeddable":true,"href":"https:\/\/dekkbi.com\/index.php?rest_route=%2Fwp%2Fv2%2Ftags&post=53208"}],"curies":[{"name":"wp","href":"https:\/\/api.w.org\/{rel}","templated":true}]}}