{"id":53206,"date":"2025-03-11T12:02:12","date_gmt":"2025-03-11T12:02:12","guid":{"rendered":"https:\/\/dekkbi.com\/?p=53206"},"modified":"2025-03-11T12:02:13","modified_gmt":"2025-03-11T12:02:13","slug":"mansour-faye-bloque-a-laeroport-alors-quil-embarquait-pour-djeddah","status":"publish","type":"post","link":"https:\/\/dekkbi.com\/?p=53206","title":{"rendered":"Mansour Faye bloqu\u00e9 \u00e0 l\u2019a\u00e9roport alors qu\u2019il embarquait pour Djeddah"},"content":{"rendered":"\n<p><a href=\"https:\/\/lesoleil.sn\/wp-content\/uploads\/2025\/03\/Mansour-Faye-min.jpg\"><\/a><strong>L\u2019ancien ministre des Infrastructures, des Transports terrestres et du D\u00e9senclavement, Mansour Faye, a \u00e9t\u00e9 emp\u00each\u00e9 de prendre un vol \u00e0 destination de Djeddah ce lundi 10 mars 2025. Face \u00e0 ce qu\u2019il consid\u00e8re comme une d\u00e9cision arbitraire, le beau-fr\u00e8re de l\u2019ancien pr\u00e9sident Macky Sall d\u00e9nonce une tentative d\u2019intimidation politique.<\/strong><\/p>\n\n\n\n<p>Alors qu\u2019il s\u2019appr\u00eatait \u00e0 embarquer sur un vol d\u2019Air France reliant Dakar \u00e0 Djeddah via Paris pour effectuer le petit p\u00e8lerinage \u00e0 La Mecque, Mansour Faye a \u00e9t\u00e9 stopp\u00e9 \u00e0 l\u2019a\u00e9roport par les autorit\u00e9s. Selon ses d\u00e9clarations, l\u2019interdiction lui a \u00e9t\u00e9 signifi\u00e9e au moment de l\u2019embarquement. \u00ab \u00c0 ma question sur le refus de ma sortie du territoire, l\u2019agent de police m\u2019a r\u00e9pondu : \u201cC\u2019est sur instruction de l\u2019Autorit\u00e9 sup\u00e9rieure\u201d \u00bb, rapporte-t-il sur sa page Facebook.<\/p>\n\n\n\n<p>Mansour Faye, qui a longtemps occup\u00e9 des fonctions strat\u00e9giques sous l\u2019\u00e8re de Macky Sall, notamment comme ministre des Infrastructures, des Transports terrestres et du D\u00e9senclavement, affirme ne faire l\u2019objet d\u2019aucune enqu\u00eate judiciaire, ni d\u2019aucune accusation l\u00e9gale qui justifierait une telle mesure. Il d\u00e9nonce une d\u00e9cision sans fondement, prise selon lui pour des raisons purement politiques.<\/p>\n\n\n\n<p>Soup\u00e7onnant une man\u0153uvre politique derri\u00e8re cette interdiction de voyager, Mansour Faye se montre d\u00e9termin\u00e9 et d\u00e9fiant. \u00ab Si c\u2019est pour des questions politiques, cette Autorit\u00e9 va continuer \u00e0 souffrir ! \u00bb, a-t-il martel\u00e9, tout en affirmant qu\u2019il demeure \u00ab droit dans [ses] bottes \u00bb face \u00e0 ce qu\u2019il consid\u00e8re comme une intimidation inutile.<\/p>\n\n\n\n<p><strong>C.G. DIOP<\/strong><br>LESOLEIL<\/p>\n","protected":false},"excerpt":{"rendered":"<p>L\u2019ancien ministre des Infrastructures, des Transports terrestres et du D\u00e9senclavement, Mansour Faye, a \u00e9t\u00e9 emp\u00each\u00e9 de prendre un vol \u00e0<\/p>\n","protected":false},"author":1,"featured_media":14062,"comment_status":"open","ping_status":"open","sticky":false,"template":"","format":"standard","meta":{"footnotes":""},"categories":[26],"tags":[],"class_list":["post-53206","post","type-post","status-publish","format-standard","has-post-thumbnail","hentry","category-fait-divers"],"_links":{"self":[{"href":"https:\/\/dekkbi.com\/index.php?rest_route=\/wp\/v2\/posts\/53206","targetHints":{"allow":["GET"]}}],"collection":[{"href":"https:\/\/dekkbi.com\/index.php?rest_route=\/wp\/v2\/posts"}],"about":[{"href":"https:\/\/dekkbi.com\/index.php?rest_route=\/wp\/v2\/types\/post"}],"author":[{"embeddable":true,"href":"https:\/\/dekkbi.com\/index.php?rest_route=\/wp\/v2\/users\/1"}],"replies":[{"embeddable":true,"href":"https:\/\/dekkbi.com\/index.php?rest_route=%2Fwp%2Fv2%2Fcomments&post=53206"}],"version-history":[{"count":1,"href":"https:\/\/dekkbi.com\/index.php?rest_route=\/wp\/v2\/posts\/53206\/revisions"}],"predecessor-version":[{"id":53207,"href":"https:\/\/dekkbi.com\/index.php?rest_route=\/wp\/v2\/posts\/53206\/revisions\/53207"}],"wp:featuredmedia":[{"embeddable":true,"href":"https:\/\/dekkbi.com\/index.php?rest_route=\/wp\/v2\/media\/14062"}],"wp:attachment":[{"href":"https:\/\/dekkbi.com\/index.php?rest_route=%2Fwp%2Fv2%2Fmedia&parent=53206"}],"wp:term":[{"taxonomy":"category","embeddable":true,"href":"https:\/\/dekkbi.com\/index.php?rest_route=%2Fwp%2Fv2%2Fcategories&post=53206"},{"taxonomy":"post_tag","embeddable":true,"href":"https:\/\/dekkbi.com\/index.php?rest_route=%2Fwp%2Fv2%2Ftags&post=53206"}],"curies":[{"name":"wp","href":"https:\/\/api.w.org\/{rel}","templated":true}]}}