{"id":53196,"date":"2025-03-11T11:50:24","date_gmt":"2025-03-11T11:50:24","guid":{"rendered":"https:\/\/dekkbi.com\/?p=53196"},"modified":"2025-03-11T11:56:12","modified_gmt":"2025-03-11T11:56:12","slug":"pacification-du-climat-social-le-gouvernement-pose-des-jalons","status":"publish","type":"post","link":"https:\/\/dekkbi.com\/?p=53196","title":{"rendered":"Pacification du climat social: le gouvernement pose des jalons"},"content":{"rendered":"\n<p><strong>Le gouvernement s\u2019engage dans la pacification du climat social, apr\u00e8s le lancement du dialogue tripartite avec les organisations syndicales et le patronat. En atteste la signature du d\u00e9cret instaurant la r\u00e9version de la pension des enseignants-chercheurs et chercheurs. D\u2019autres syndicats qui attendent toujours la satisfaction de leurs revendications, ont, tout de m\u00eame, suspendu leur mot d\u2019ordre de gr\u00e8ve, suite \u00e0 la volont\u00e9 de l\u2019autorit\u00e9 \u00e0 les accompagner. Le gouvernement vise un Pacte national de stabilit\u00e9 sociale, d\u2019ici le 1<sup>er<\/sup>&nbsp;mai prochain.<\/strong><\/p>\n\n\n\n<p>Le pr\u00e9sident de la R\u00e9publique, Bassirou Diomaye Faye vient de signer le&nbsp;<em>d\u00e9cret int\u00e9grant la r\u00e9version aux ayants cause et la prime de recherche dans la liquidation de la pension, annonce le Syndicat autonome de l\u2019enseignement sup\u00e9rieur (SAES). \u00ab<\/em><em>Apr\u00e8s l\u2019expiration du pr\u00e9avis de gr\u00e8ve du 13 janvier 2025 et apr\u00e8s la lutte entam\u00e9e par le SAES ainsi que la rencontre tripartite entre syndicats, gouvernement et patronat, le d\u00e9cret a finalement \u00e9t\u00e9 sign\u00e9 le 7 mars 2025\u00bb,<\/em>&nbsp;peut-on dans une lettre adress\u00e9e aux militants du syndicat avant-hier, dimanche 9 mars.<\/p>\n\n\n\n<p>C\u2019est ainsi que&nbsp;<em>\u00able SAES f\u00e9licite et remercie tous ses militants pour leur mobilisation exceptionnelle dans la lutte pour la r\u00e9paration de l\u2019injustice envers les familles des coll\u00e8gues d\u00e9c\u00e9d\u00e9s\u00bb.<\/em>&nbsp;Non sans leur demander de&nbsp;<em>\u00abrester mobilis\u00e9s et attentifs pour la r\u00e9solution&nbsp; des autres points du protocole d\u2019accord\u00bb<\/em>&nbsp;que sont, entre autres,&nbsp;<em>\u00abl\u2019ach\u00e8vement et l\u2019\u00e9quipement des infrastructures sociales et p\u00e9dagogiques dans les universit\u00e9s\u00bb, \u00able recrutement cons\u00e9quent d\u2019enseignants-chercheurs et chercheurs pour atteindre un taux de 66% de permanents\u00bb<\/em>.<\/p>\n\n\n\n<p>Toutefois, on peut dire que la signature du d\u00e9cret portant revalorisation de la pension de retraite des enseignants-chercheurs et chercheurs va contribuer \u00e0 la pacification de l\u2019espace universitaire, car \u00e9tant la principale revendication des enseignants du sup\u00e9rieur ces derniers mois.<\/p>\n\n\n\n<p>En effet, dans un contexte de surchauffe du front social, le gouvernement avait appel\u00e9 au dialogue, le 27 f\u00e9vrier dernier, en vue de la signature d\u2019un Pacte national de stabilit\u00e9 sociale. D\u2019ailleurs, en Conseil des ministres mercredi dernier, 5 mars 2025, le Premier ministre, Ousmane Sonko, a annonc\u00e9 la&nbsp;<em>\u00ab<\/em><em>conclusion d\u2019un Pacte national de stabilit\u00e9 sociale, au plus tard le 1<sup>er<\/sup>&nbsp;mai 2025, avec l\u2019objectif de parvenir \u00e0 des d\u00e9cisions \u00e9quilibr\u00e9es pour r\u00e9pondre aux revendications tout en prenant en compte la situation \u00e9conomique et financi\u00e8re du pays<\/em><em>\u00bb<\/em>.<\/p>\n\n\n\n<p>Dans cette perspective, le Premier ministre&nbsp;<em>\u00aba donn\u00e9 les orientations n\u00e9cessaires<\/em>\u00bb au ministre en charge du Travail, en relation avec le ministre en charge de la Fonction publique et le ministre des Finances et du Budget,&nbsp;<em>\u00aben vue de la mise en \u0153uvre des diligences requises pour le strict respect du calendrier fix\u00e9 pour le d\u00e9marrage des n\u00e9gociations au plus tard le 02 avril 2025<\/em><em>\u00bb,<\/em>&nbsp;indiquait le communiqu\u00e9 du Conseil des ministres.<\/p>\n\n\n\n<p>Apr\u00e8s l\u2019ouverture du dialogue, des syndicats ont suspendu leur mot d\u2019ordre de gr\u00e8ve. C\u2019est le cas, par exemple, du Syndicat autonome des techniciens sup\u00e9rieurs de la sant\u00e9 (SATSUS) qui a suspendu&nbsp;<em>\u00abson quatri\u00e8me plan d\u2019action le temps de permettre au gouvernement de finir le processus de reclassement et la poursuite des travaux avec les minist\u00e8res sectoriels en vue d\u2019une satisfaction de nos points revendicatifs\u00bb.<\/em>&nbsp;Il a, tout de m\u00eame, appel\u00e9 le gouvernement \u00e0 finaliser le processus de reclassement administratif de ses membres en adoptant sans d\u00e9lai le projet de d\u00e9cret valid\u00e9 le 27 f\u00e9vier 2025 par la Commission technique.<\/p>\n\n\n\n<p>Le Syndicat autonome des m\u00e9decins, pharmaciens et chirurgiens-dentistes (SAMES) dit \u00e9galement prendre acte de la&nbsp;<em>\u00abvolont\u00e9 manifeste de l\u2019autorit\u00e9 \u00e0 accompagner les organisations syndicales avec un dialogue sinc\u00e8re et r\u00e9gulier autour des revendications pour un pacte de stabilit\u00e9 sociale durable&nbsp;\u00bb. \u00ab&nbsp;Par cons\u00e9quent, le Bureau ex\u00e9cutif national du SAMES d\u00e9cr\u00e8te une tr\u00eave avec une suspension provisoire de son mot d\u2019ordre de gr\u00e8ve \u00e0 compter de ce jour et demande \u00e0 tous les membres du SAMES de rester mobilis\u00e9s pour les \u00e9ch\u00e9ances futures jusqu\u2019\u00e0 satisfaction de notre plateforme revendicative&nbsp;\u00bb<\/em>, indiquait, le 28 f\u00e9vier dernier, un communiqu\u00e9.<\/p>\n\n\n\n<p><strong>Mariame DJIGO<\/strong><br>SUDQUOTIDIEN<\/p>\n","protected":false},"excerpt":{"rendered":"<p>Le gouvernement s\u2019engage dans la pacification du climat social, apr\u00e8s le lancement du dialogue tripartite avec les organisations syndicales et<\/p>\n","protected":false},"author":1,"featured_media":48573,"comment_status":"open","ping_status":"open","sticky":false,"template":"","format":"standard","meta":{"footnotes":""},"categories":[6],"tags":[],"class_list":["post-53196","post","type-post","status-publish","format-standard","has-post-thumbnail","hentry","category-politics"],"_links":{"self":[{"href":"https:\/\/dekkbi.com\/index.php?rest_route=\/wp\/v2\/posts\/53196","targetHints":{"allow":["GET"]}}],"collection":[{"href":"https:\/\/dekkbi.com\/index.php?rest_route=\/wp\/v2\/posts"}],"about":[{"href":"https:\/\/dekkbi.com\/index.php?rest_route=\/wp\/v2\/types\/post"}],"author":[{"embeddable":true,"href":"https:\/\/dekkbi.com\/index.php?rest_route=\/wp\/v2\/users\/1"}],"replies":[{"embeddable":true,"href":"https:\/\/dekkbi.com\/index.php?rest_route=%2Fwp%2Fv2%2Fcomments&post=53196"}],"version-history":[{"count":1,"href":"https:\/\/dekkbi.com\/index.php?rest_route=\/wp\/v2\/posts\/53196\/revisions"}],"predecessor-version":[{"id":53197,"href":"https:\/\/dekkbi.com\/index.php?rest_route=\/wp\/v2\/posts\/53196\/revisions\/53197"}],"wp:featuredmedia":[{"embeddable":true,"href":"https:\/\/dekkbi.com\/index.php?rest_route=\/wp\/v2\/media\/48573"}],"wp:attachment":[{"href":"https:\/\/dekkbi.com\/index.php?rest_route=%2Fwp%2Fv2%2Fmedia&parent=53196"}],"wp:term":[{"taxonomy":"category","embeddable":true,"href":"https:\/\/dekkbi.com\/index.php?rest_route=%2Fwp%2Fv2%2Fcategories&post=53196"},{"taxonomy":"post_tag","embeddable":true,"href":"https:\/\/dekkbi.com\/index.php?rest_route=%2Fwp%2Fv2%2Ftags&post=53196"}],"curies":[{"name":"wp","href":"https:\/\/api.w.org\/{rel}","templated":true}]}}