{"id":53192,"date":"2025-03-11T11:43:29","date_gmt":"2025-03-11T11:43:29","guid":{"rendered":"https:\/\/dekkbi.com\/?p=53192"},"modified":"2025-03-11T11:43:30","modified_gmt":"2025-03-11T11:43:30","slug":"debut-de-lexamen-du-projet-de-loi-ratifiant-la-convention-judiciaire-entre-le-senegal-et-le-maroc","status":"publish","type":"post","link":"https:\/\/dekkbi.com\/?p=53192","title":{"rendered":"D\u00e9but de l\u2019examen du projet de loi ratifiant la Convention judiciaire entre le S\u00e9n\u00e9gal et le Maroc"},"content":{"rendered":"\n<p>Dakar,  (APS) \u2013 Les d\u00e9put\u00e9s s\u00e9n\u00e9galais ont entam\u00e9, ce mardi matin, l\u2019examen du projet de loi autorisant le pr\u00e9sident de la R\u00e9publique \u00e0 ratifier la Convention entre le S\u00e9n\u00e9gal et Maroc sur l\u2019assistance aux personnes d\u00e9tenues et sur le transf\u00e8rement des personnes condamn\u00e9es, sign\u00e9e le 17 d\u00e9cembre dernier, \u00e0 Rabat (Maroc).<\/p>\n\n\n\n<p>Le texte avait \u00e9t\u00e9 examin\u00e9 en conseil des ministres le 22 janvier 2025.<\/p>\n\n\n\n<p>\u201cCette convention a pour objectif d\u2019assurer la protection consulaire et de faciliter l\u2019aide et l\u2019assistance n\u00e9cessaires aux nationaux d\u00e9tenus sur le territoire de l\u2019autre partie\u201d, pr\u00e9cise un document de l\u2019Assembl\u00e9e nationale, citant la ministre en charge des S\u00e9n\u00e9galais de l\u2019ext\u00e9rieur, Yassine Fall.<\/p>\n\n\n\n<p>Selon ce rapport de l\u2019intercommission constitu\u00e9e de la Commission des affaires \u00e9trang\u00e8res, des S\u00e9n\u00e9galais de l\u2019ext\u00e9rieur et de l\u2019Int\u00e9gration africaine et de la Commission des lois, de la d\u00e9centralisation, du travail et des droits humains, ladite convention fixe les conditions et les modalit\u00e9s du transf\u00e8rement des personnes condamn\u00e9es ainsi que les motifs de refus et les effets juridiques du transf\u00e8rement.<\/p>\n\n\n\n<p>Selon Yassine Fall, \u201cl\u2019entr\u00e9e en vigueur de cet instrument contribuera \u00e0 favoriser de meilleures conditions de r\u00e9insertion \u00e0 nos compatriotes condamn\u00e9s au Maroc, en leur permettant de purger le reste de leur peine\u201d au S\u00e9n\u00e9gal.<\/p>\n\n\n\n<p>La cheffe de la diplomatie s\u00e9n\u00e9galaise pr\u00e9cise que cette convention s\u2019applique uniquement aux personnes arr\u00eat\u00e9es et aux transferts des personnes condamn\u00e9es. Par cons\u00e9quent, cet accord n\u2019inclut pas l\u2019extradition des ressortissants s\u00e9n\u00e9galais.<\/p>\n\n\n\n<p>La ratification de ce texte va permettre au S\u00e9n\u00e9gal de \u201cdisposer d\u2019un cadre juridique moderne apte \u00e0 apporter l\u2019aide et l\u2019assistance n\u00e9cessaires aux S\u00e9n\u00e9galais poursuivis ou condamn\u00e9s au Maroc (\u2026)\u2019\u2019, indique le Big-gouv, anciennement Bureau d\u2019information gouvernementale.<\/p>\n\n\n\n<p>Le cadre juridique en question vise des \u2018\u2019faits relatifs \u00e0 l\u2019immigration clandestine\u2019\u2019 afin de \u2018\u2019permettre\u2019\u2019 aux ressortissants s\u00e9n\u00e9galais condamn\u00e9s de \u2018\u2019purger reste de leurs peines au S\u00e9n\u00e9gal\u2019\u2019.<\/p>\n\n\n\n<p>Il va notamment participer \u00e0 la modernisation des instruments de coop\u00e9ration conform\u00e9ment aux standards internationaux, poursuit le Big-Gouv.<\/p>\n\n\n\n<p>La convention entre les deux pays va aider le S\u00e9n\u00e9gal \u00e0 d\u00e9velopper un leadership au niveau r\u00e9gional et \u00e9tendre son r\u00e9seau de coop\u00e9ration en mati\u00e8re judiciaire et s\u00e9curitaire dans la r\u00e9gion.<\/p>\n\n\n\n<p>Cette coop\u00e9ration judiciaire peut garantir la s\u00e9curit\u00e9 juridique et judiciaire des concitoyens s\u00e9n\u00e9galais au-del\u00e0 des fronti\u00e8res.<\/p>\n\n\n\n<p>Le gouvernement est repr\u00e9sent\u00e9 \u00e0 cette s\u00e9ance pl\u00e9ni\u00e8re par le ministre de l\u2019Urbanisme, des Collectivit\u00e9s territoriales et de l\u2019Am\u00e9nagement des Territoires, &nbsp;Moussa Bala Fofana.<\/p>\n\n\n\n<p>Trente-sept intervenants se sont inscrits pour le d\u00e9bat g\u00e9n\u00e9ral.<\/p>\n\n\n\n<p>FD\/ASG\/OID<\/p>\n","protected":false},"excerpt":{"rendered":"<p>Dakar, (APS) \u2013 Les d\u00e9put\u00e9s s\u00e9n\u00e9galais ont entam\u00e9, ce mardi matin, l\u2019examen du projet de loi autorisant le pr\u00e9sident de<\/p>\n","protected":false},"author":1,"featured_media":47662,"comment_status":"open","ping_status":"open","sticky":false,"template":"","format":"standard","meta":{"footnotes":""},"categories":[6],"tags":[],"class_list":["post-53192","post","type-post","status-publish","format-standard","has-post-thumbnail","hentry","category-politics"],"_links":{"self":[{"href":"https:\/\/dekkbi.com\/index.php?rest_route=\/wp\/v2\/posts\/53192","targetHints":{"allow":["GET"]}}],"collection":[{"href":"https:\/\/dekkbi.com\/index.php?rest_route=\/wp\/v2\/posts"}],"about":[{"href":"https:\/\/dekkbi.com\/index.php?rest_route=\/wp\/v2\/types\/post"}],"author":[{"embeddable":true,"href":"https:\/\/dekkbi.com\/index.php?rest_route=\/wp\/v2\/users\/1"}],"replies":[{"embeddable":true,"href":"https:\/\/dekkbi.com\/index.php?rest_route=%2Fwp%2Fv2%2Fcomments&post=53192"}],"version-history":[{"count":1,"href":"https:\/\/dekkbi.com\/index.php?rest_route=\/wp\/v2\/posts\/53192\/revisions"}],"predecessor-version":[{"id":53193,"href":"https:\/\/dekkbi.com\/index.php?rest_route=\/wp\/v2\/posts\/53192\/revisions\/53193"}],"wp:featuredmedia":[{"embeddable":true,"href":"https:\/\/dekkbi.com\/index.php?rest_route=\/wp\/v2\/media\/47662"}],"wp:attachment":[{"href":"https:\/\/dekkbi.com\/index.php?rest_route=%2Fwp%2Fv2%2Fmedia&parent=53192"}],"wp:term":[{"taxonomy":"category","embeddable":true,"href":"https:\/\/dekkbi.com\/index.php?rest_route=%2Fwp%2Fv2%2Fcategories&post=53192"},{"taxonomy":"post_tag","embeddable":true,"href":"https:\/\/dekkbi.com\/index.php?rest_route=%2Fwp%2Fv2%2Ftags&post=53192"}],"curies":[{"name":"wp","href":"https:\/\/api.w.org\/{rel}","templated":true}]}}