{"id":53186,"date":"2025-03-11T11:39:37","date_gmt":"2025-03-11T11:39:37","guid":{"rendered":"https:\/\/dekkbi.com\/?p=53186"},"modified":"2025-03-11T11:55:30","modified_gmt":"2025-03-11T11:55:30","slug":"renforcement-et-renovation-du-partenariat-entre-paris-et-dakar-au-menu-de-la-visite-de-thani-mohamed-soilihi","status":"publish","type":"post","link":"https:\/\/dekkbi.com\/?p=53186","title":{"rendered":""},"content":{"rendered":"\n<p><strong>\u201dRenforcement\u201d et \u201dr\u00e9novation du partenariat\u201d entre Paris et Dakar au menu de la visite de\u00a0Thani Mohamed-Soilihi<\/strong><\/p>\n\n\n\n<p>Dakar, (APS) \u2013 Le ministre fran\u00e7ais d\u00e9l\u00e9gu\u00e9 aupr\u00e8s du ministre de l\u2019Europe et des Affaires \u00e9trang\u00e8res, charg\u00e9 de la Francophonie et des Partenariats internationaux, Thani Mohamed-Soilihi, a entam\u00e9, lundi, une visite de deux jours, au S\u00e9n\u00e9gal, un s\u00e9jour destin\u00e9 \u00e0 \u2018\u2019travailler au renforcement et \u00e0 la r\u00e9novation du partenariat \u2018\u2019 entre Paris et Dakar.<\/p>\n\n\n\n<p>Le d\u00e9placement de Thani Mohamed-Soilihi est \u201dl\u2019occasion de travailler au renforcement et \u00e0 la r\u00e9novation du partenariat entre la France et le S\u00e9n\u00e9gal, fond\u00e9 sur un respect mutuel, \u00e9quilibr\u00e9, au service des int\u00e9r\u00eats r\u00e9ciproques des deux peuples\u2019\u2019, indique un communiqu\u00e9 dont l\u2019APS a eu connaissance.<\/p>\n\n\n\n<p>\u00c0 Dakar, le ministre d\u00e9l\u00e9gu\u00e9 s\u2019est entretenu, lundi, avec la ministre de l\u2019Int\u00e9gration Africaine et des Affaires \u00e9trang\u00e8res s\u00e9n\u00e9galaise, Yassine Fall. Ils ont fait \u2018\u2019le point sur l\u2019ensemble des projets de coop\u00e9ration, \u00e0 la suite du travail lanc\u00e9 par les pr\u00e9sidents fran\u00e7ais et s\u00e9n\u00e9galais lors de leur entretien du 20 juin 2024\u2019\u2019.<\/p>\n\n\n\n<p>\u201d\u2018\u2019 Avec &nbsp;@YassineFall, ministre du&nbsp;@miaae_senegal,&nbsp;nous avons \u00e9chang\u00e9 sur le fait que nos deux pays ont su b\u00e2tir un partenariat gagnant-gagnant qui sert nos int\u00e9r\u00eats partag\u00e9s\u2019\u2019, a d\u00e9clar\u00e9 l\u2019officiel&nbsp;fran\u00e7ais sur X.<\/p>\n\n\n\n<p>Accompagn\u00e9 de l\u2019ambassadrice de France au S\u00e9n\u00e9gal, le ministre d\u00e9l\u00e9gu\u00e9 a visit\u00e9 la D\u00e9l\u00e9gation \u00e0 l\u2019entrepreneuriat rapide \u00e0 l\u2019entrepreneuriat des femmes et des jeunes (DER FJ).<\/p>\n\n\n\n<p>Thani Mohamed-Soilihi s\u2019est \u00e9galement rendu sur l\u2019un des sites qui accueillera les Jeux Olympiques de la Jeunesse 2026 (JOJ), dont la r\u00e9novation est soutenue par l\u2019agence fran\u00e7aise de D\u00e9veloppement (AFD).<\/p>\n\n\n\n<p>Ce mardi, il a visit\u00e9 le centre de formation aux m\u00e9tiers portuaires et \u00e0 la logistique (CFMPL).<\/p>\n\n\n\n<p>Durant son s\u00e9jour, l\u2019officiel fran\u00e7ais s\u2019entretiendra avec des repr\u00e9sentants de la jeunesse s\u00e9n\u00e9galaise, \u00e0 l\u2019occasion de rencontres des sportifs, des artistes, des entrepreneurs, etc.<\/p>\n\n\n\n<p>Thani Mohamed Soilihi reviendra sur sa visite au S\u00e9n\u00e9gal et le partenariat France-S\u00e9n\u00e9gal, ce mardi, lors d\u2019un un point de presse pr\u00e9vu \u00e0 17h30 \u00e0 la R\u00e9sidence de France.<\/p>\n\n\n\n<p>OID<\/p>\n","protected":false},"excerpt":{"rendered":"<p>\u201dRenforcement\u201d et \u201dr\u00e9novation du partenariat\u201d entre Paris et Dakar au menu de la visite de\u00a0Thani Mohamed-Soilihi Dakar, (APS) \u2013 Le<\/p>\n","protected":false},"author":1,"featured_media":53187,"comment_status":"open","ping_status":"open","sticky":false,"template":"","format":"standard","meta":{"footnotes":""},"categories":[6],"tags":[],"class_list":["post-53186","post","type-post","status-publish","format-standard","has-post-thumbnail","hentry","category-politics"],"_links":{"self":[{"href":"https:\/\/dekkbi.com\/index.php?rest_route=\/wp\/v2\/posts\/53186","targetHints":{"allow":["GET"]}}],"collection":[{"href":"https:\/\/dekkbi.com\/index.php?rest_route=\/wp\/v2\/posts"}],"about":[{"href":"https:\/\/dekkbi.com\/index.php?rest_route=\/wp\/v2\/types\/post"}],"author":[{"embeddable":true,"href":"https:\/\/dekkbi.com\/index.php?rest_route=\/wp\/v2\/users\/1"}],"replies":[{"embeddable":true,"href":"https:\/\/dekkbi.com\/index.php?rest_route=%2Fwp%2Fv2%2Fcomments&post=53186"}],"version-history":[{"count":2,"href":"https:\/\/dekkbi.com\/index.php?rest_route=\/wp\/v2\/posts\/53186\/revisions"}],"predecessor-version":[{"id":53201,"href":"https:\/\/dekkbi.com\/index.php?rest_route=\/wp\/v2\/posts\/53186\/revisions\/53201"}],"wp:featuredmedia":[{"embeddable":true,"href":"https:\/\/dekkbi.com\/index.php?rest_route=\/wp\/v2\/media\/53187"}],"wp:attachment":[{"href":"https:\/\/dekkbi.com\/index.php?rest_route=%2Fwp%2Fv2%2Fmedia&parent=53186"}],"wp:term":[{"taxonomy":"category","embeddable":true,"href":"https:\/\/dekkbi.com\/index.php?rest_route=%2Fwp%2Fv2%2Fcategories&post=53186"},{"taxonomy":"post_tag","embeddable":true,"href":"https:\/\/dekkbi.com\/index.php?rest_route=%2Fwp%2Fv2%2Ftags&post=53186"}],"curies":[{"name":"wp","href":"https:\/\/api.w.org\/{rel}","templated":true}]}}