{"id":53180,"date":"2025-03-10T15:28:31","date_gmt":"2025-03-10T15:28:31","guid":{"rendered":"https:\/\/dekkbi.com\/?p=53180"},"modified":"2025-03-10T15:28:44","modified_gmt":"2025-03-10T15:28:44","slug":"cote-divoire-plusieurs-partis-dopposition-forment-une-coalition","status":"publish","type":"post","link":"https:\/\/dekkbi.com\/?p=53180","title":{"rendered":"C\u00f4te d&rsquo;Ivoire: plusieurs partis d&rsquo;opposition forment une coalition"},"content":{"rendered":"\n<p>\u00a9 2025 AFP &#8211; Les opposants ivoiriens dont Tidjane Thiam, second \u00e0 partir de la droite, l&rsquo;ancienne Premi\u00e8re dame Simone Ehivet Gbagbo, troisi\u00e8me \u00e0 partir de la gauche, et Charles Bl\u00e9 Goud\u00e9, tout \u00e0 gauche, lors du lancement de leur Coalition pour l&rsquo;alternance pacifique en C\u00f4te d&rsquo;Ivoire, \u00e0 Abidjan le 10 mars 2025<\/p>\n\n\n\n<p>Plusieurs partis d&rsquo;opposition de premier plan en C\u00f4te d&rsquo;Ivoire ont annonc\u00e9 lundi la cr\u00e9ation d&rsquo;une coalition pour demander des r\u00e9formes \u00e9lectorales avant la pr\u00e9sidentielle d&rsquo;octobre prochain, sans franchir pour le moment le pas d&rsquo;une candidature unique.<\/p>\n\n\n\n<p>25 formations d&rsquo;opposition ont sign\u00e9 leur adh\u00e9sion \u00e0 une charte lundi pour former la Coalition pour l&rsquo;alternance pacifique en C\u00f4te d&rsquo;Ivoire (CAP-CI).<\/p>\n\n\n\n<p>Parmi elles, on retrouve le Parti d\u00e9mocratique de C\u00f4te d&rsquo;Ivoire (PDCI) de Tidjane Thiam, le Mouvement des G\u00e9n\u00e9rations Capables (MGC) de l&rsquo;ex-Premi\u00e8re Dame Simone Ehivet Gbagbo, le Front populaire ivoirien (FPI) de Pascal Affi N&rsquo;Guessan ou encore le Cojep de Charles Bl\u00e9 Goud\u00e9.<\/p>\n\n\n\n<p>\u00ab\u00a0Nous sommes d\u00e9termin\u00e9s \u00e0 tout mettre en \u0153uvre pour que la paix r\u00e8gne en C\u00f4te d&rsquo;Ivoire, pour que nous ayons des \u00e9lections inclusives, auxquelles tous ceux qui souhaitent \u00eatre candidats puissent \u00eatre candidats et qu&rsquo;on laisse enfin les Ivoiriens d\u00e9cider librement de qui doit les diriger\u00a0\u00bb, a d\u00e9clar\u00e9 M. Thiam, d\u00e9sign\u00e9 coordonnateur de cette coalition.<\/p>\n\n\n\n<p>\u00ab\u00a0Unis nous serons plus forts! Appr\u00eatez-vous \u00e0 nous avoir agir ensemble\u00a0\u00bb, a de son c\u00f4t\u00e9 lanc\u00e9 Mme Ehivet Gbagbo, porte-parole de la coalition.<\/p>\n\n\n\n<p>La CAP-CI appelle notamment les autorit\u00e9s \u00e0 organiser avant la pr\u00e9sidentielle du 25 octobre un dialogue politique en vue de r\u00e9former la commission \u00e9lectorale ind\u00e9pendante, qu&rsquo;ils jugent trop d\u00e9pendante du pouvoir, et r\u00e9viser les listes \u00e9lectorales.<\/p>\n\n\n\n<p>La question d&rsquo;une \u00e9ventuelle candidature unique de l&rsquo;opposition au premier tour de la pr\u00e9sidentielle n&rsquo;a toutefois pas \u00e9t\u00e9 \u00e9voqu\u00e9e.<\/p>\n\n\n\n<p>\u00ab\u00a0On n&rsquo;en est pas encore l\u00e0\u00a0\u00bb, a d\u00e9clar\u00e9 Charles Bl\u00e9 Goud\u00e9 \u00e0 la presse, lundi.<\/p>\n\n\n\n<p>Le Parti des peuples africains &#8211; C\u00f4te d&rsquo;Ivoire (PPA-CI) de l&rsquo;ancien pr\u00e9sident Laurent Gbagbo \u00e9tait de son c\u00f4t\u00e9 absent lundi et n&rsquo;a pas rejoint pour l&rsquo;instant cette coalition.<\/p>\n\n\n\n<p>Candidat d\u00e9clar\u00e9 \u00e0 la pr\u00e9sidentielle, bien qu&rsquo;actuellement in\u00e9ligible en raison d&rsquo;une condamnation p\u00e9nale, M. Gbagbo avait lanc\u00e9 en juillet son propre appel \u00e0 l&rsquo;union de l&rsquo;opposition.<\/p>\n\n\n\n<p>La C\u00f4te d&rsquo;Ivoire a v\u00e9cu plusieurs crises li\u00e9es \u00e0 des \u00e9lections, comme celle de 2010-2011 qui avait fait quelque 3.000 morts.<\/p>\n\n\n\n<p>En 2020, au moins 85 personnes ont \u00e9t\u00e9 tu\u00e9es dans des violences en marge de l&rsquo;\u00e9lection pr\u00e9sidentielle qui avait abouti \u00e0 la r\u00e9\u00e9lection d&rsquo;Alassane Ouattara pour un troisi\u00e8me mandat.<\/p>\n\n\n\n<p>Ce dernier, au pouvoir depuis 2011 et \u00e2g\u00e9 de 83 ans, n&rsquo;a pas encore d\u00e9clar\u00e9 s&rsquo;il comptait briguer un quatri\u00e8me mandat mais s&rsquo;est dit en janvier \u00ab\u00a0d\u00e9sireux de continuer \u00e0 servir son pays\u00a0\u00bb.<\/p>\n\n\n\n<h2 class=\"wp-block-heading\"><\/h2>\n","protected":false},"excerpt":{"rendered":"<p>\u00a9 2025 AFP &#8211; Les opposants ivoiriens dont Tidjane Thiam, second \u00e0 partir de la droite, l&rsquo;ancienne Premi\u00e8re dame Simone<\/p>\n","protected":false},"author":1,"featured_media":53181,"comment_status":"open","ping_status":"open","sticky":false,"template":"","format":"standard","meta":{"footnotes":""},"categories":[6],"tags":[],"class_list":["post-53180","post","type-post","status-publish","format-standard","has-post-thumbnail","hentry","category-politics"],"_links":{"self":[{"href":"https:\/\/dekkbi.com\/index.php?rest_route=\/wp\/v2\/posts\/53180","targetHints":{"allow":["GET"]}}],"collection":[{"href":"https:\/\/dekkbi.com\/index.php?rest_route=\/wp\/v2\/posts"}],"about":[{"href":"https:\/\/dekkbi.com\/index.php?rest_route=\/wp\/v2\/types\/post"}],"author":[{"embeddable":true,"href":"https:\/\/dekkbi.com\/index.php?rest_route=\/wp\/v2\/users\/1"}],"replies":[{"embeddable":true,"href":"https:\/\/dekkbi.com\/index.php?rest_route=%2Fwp%2Fv2%2Fcomments&post=53180"}],"version-history":[{"count":1,"href":"https:\/\/dekkbi.com\/index.php?rest_route=\/wp\/v2\/posts\/53180\/revisions"}],"predecessor-version":[{"id":53182,"href":"https:\/\/dekkbi.com\/index.php?rest_route=\/wp\/v2\/posts\/53180\/revisions\/53182"}],"wp:featuredmedia":[{"embeddable":true,"href":"https:\/\/dekkbi.com\/index.php?rest_route=\/wp\/v2\/media\/53181"}],"wp:attachment":[{"href":"https:\/\/dekkbi.com\/index.php?rest_route=%2Fwp%2Fv2%2Fmedia&parent=53180"}],"wp:term":[{"taxonomy":"category","embeddable":true,"href":"https:\/\/dekkbi.com\/index.php?rest_route=%2Fwp%2Fv2%2Fcategories&post=53180"},{"taxonomy":"post_tag","embeddable":true,"href":"https:\/\/dekkbi.com\/index.php?rest_route=%2Fwp%2Fv2%2Ftags&post=53180"}],"curies":[{"name":"wp","href":"https:\/\/api.w.org\/{rel}","templated":true}]}}