{"id":53168,"date":"2025-03-10T15:14:05","date_gmt":"2025-03-10T15:14:05","guid":{"rendered":"https:\/\/dekkbi.com\/?p=53168"},"modified":"2025-03-10T15:14:24","modified_gmt":"2025-03-10T15:14:24","slug":"situation-de-la-presse-guy-marius-interpelle-le-gouvernement","status":"publish","type":"post","link":"https:\/\/dekkbi.com\/?p=53168","title":{"rendered":"Situation de la presse, Guy Marius interpelle le gouvernement"},"content":{"rendered":"\n<p>Le d\u00e9put\u00e9 Guy Marius Sagna a \u00e9crit hier au gouvernement pour l\u2019interpeller sur la situation de la presse. Il fait savoir au ministre Alioune Sall que des acteurs de la presse ont attir\u00e9 son attention sur les p\u00e9nibles conditions de travail des journalistes. \u2018\u2019Comment l&rsquo;\u00c9tat peut-il reconna\u00eetre un organe de presse qui ne respecte pas le Code du travail, qui ne signe pas de contrat avec ses employ\u00e9s, qu&rsquo;il abandonne sans prise en charge maladie ou sans cotisation \u00e0 l&rsquo;Ipres ou \u00e0 la Caisse de s\u00e9curit\u00e9 sociale ? Violations du Code du travail, arri\u00e9r\u00e9s de salaire, \u00e9vasion sociale, discrimination syndicale&#8230; rythment le quotidien de plusieurs travailleurs de la presse\u2019\u2019, s\u2019est-il interrog\u00e9.<\/p>\n\n\n\n<p>\u2018\u2019Face \u00e0 ces faits pr\u00e9occupants, plusieurs questions se posent : comment un groupe de presse qui ne respecte pas le Code du travail peut-il \u00eatre reconnu par l&rsquo;\u00c9tat du S\u00e9n\u00e9gal ? Quelles mesures vos minist\u00e8res envisagent-ils de prendre pour faire respecter les droits des travailleurs de la presse ? Les services de l&rsquo;inspection du travail et ceux charg\u00e9s de la r\u00e9gulation des m\u00e9dias prennent-ils des sanctions contre ces manquements ? Quels m\u00e9canismes de contr\u00f4le sont en place pour \u00e9viter que de telles violations ne se produisent dans le secteur des m\u00e9dias ? Vos minist\u00e8res pr\u00e9voient-ils une intervention afin que les organes de presse retenus par l&rsquo;\u00c9tat du S\u00e9n\u00e9gal r\u00e9gularisent dans des d\u00e9lais raisonnables la situation salariale, syndicale et sociale de leurs employ\u00e9s ?\u2019\u2019, a mis sur la table du gouvernement le d\u00e9put\u00e9. Esp\u00e9rons que l\u2019Etat desserre l\u2019\u00e9treinte autour de la presse, dans les meilleurs d\u00e9lais.<\/p>\n\n\n\n<p>SOURCE ENQUETEPLUS<\/p>\n","protected":false},"excerpt":{"rendered":"<p>Le d\u00e9put\u00e9 Guy Marius Sagna a \u00e9crit hier au gouvernement pour l\u2019interpeller sur la situation de la presse. Il fait<\/p>\n","protected":false},"author":1,"featured_media":43135,"comment_status":"open","ping_status":"open","sticky":false,"template":"","format":"standard","meta":{"footnotes":""},"categories":[6],"tags":[],"class_list":["post-53168","post","type-post","status-publish","format-standard","has-post-thumbnail","hentry","category-politics"],"_links":{"self":[{"href":"https:\/\/dekkbi.com\/index.php?rest_route=\/wp\/v2\/posts\/53168","targetHints":{"allow":["GET"]}}],"collection":[{"href":"https:\/\/dekkbi.com\/index.php?rest_route=\/wp\/v2\/posts"}],"about":[{"href":"https:\/\/dekkbi.com\/index.php?rest_route=\/wp\/v2\/types\/post"}],"author":[{"embeddable":true,"href":"https:\/\/dekkbi.com\/index.php?rest_route=\/wp\/v2\/users\/1"}],"replies":[{"embeddable":true,"href":"https:\/\/dekkbi.com\/index.php?rest_route=%2Fwp%2Fv2%2Fcomments&post=53168"}],"version-history":[{"count":1,"href":"https:\/\/dekkbi.com\/index.php?rest_route=\/wp\/v2\/posts\/53168\/revisions"}],"predecessor-version":[{"id":53169,"href":"https:\/\/dekkbi.com\/index.php?rest_route=\/wp\/v2\/posts\/53168\/revisions\/53169"}],"wp:featuredmedia":[{"embeddable":true,"href":"https:\/\/dekkbi.com\/index.php?rest_route=\/wp\/v2\/media\/43135"}],"wp:attachment":[{"href":"https:\/\/dekkbi.com\/index.php?rest_route=%2Fwp%2Fv2%2Fmedia&parent=53168"}],"wp:term":[{"taxonomy":"category","embeddable":true,"href":"https:\/\/dekkbi.com\/index.php?rest_route=%2Fwp%2Fv2%2Fcategories&post=53168"},{"taxonomy":"post_tag","embeddable":true,"href":"https:\/\/dekkbi.com\/index.php?rest_route=%2Fwp%2Fv2%2Ftags&post=53168"}],"curies":[{"name":"wp","href":"https:\/\/api.w.org\/{rel}","templated":true}]}}