{"id":53142,"date":"2025-03-10T14:54:12","date_gmt":"2025-03-10T14:54:12","guid":{"rendered":"https:\/\/dekkbi.com\/?p=53142"},"modified":"2025-03-10T14:54:13","modified_gmt":"2025-03-10T14:54:13","slug":"thies-operation-de-controle-sur-le-marche-2-tonnes-de-produits-impropres-a-la-consommation-saisies","status":"publish","type":"post","link":"https:\/\/dekkbi.com\/?p=53142","title":{"rendered":"Thi\u00e8s \u2013 Op\u00e9ration de contr\u00f4le sur le march\u00e9 2 tonnes de produits impropres \u00e0 la consommation saisies"},"content":{"rendered":"\n<p><strong>Les \u00e9quipes du Service r\u00e9gional du commerce de Thi\u00e8s ont saisi 2 tonnes de produits alimentaires impropres \u00e0 la consommation.<\/strong><\/p>\n\n\n\n<p>Deux tonnes de produits impropres \u00e0 la consommation, c\u2019est la prise effectu\u00e9e, ce week-end, par le Service r\u00e9gional du commerce dans le cadre d\u2019une op\u00e9ration de contr\u00f4le \u00e0 travers le march\u00e9 de Thi\u00e8s. \u00abUne partie de cette quantit\u00e9 a \u00e9t\u00e9 saisie avant le mois b\u00e9ni du Ramadan, par nos \u00e9quipes qui sont sur le terrain et passent au peigne fin tous les circuits de distribution, pour assurer aux consommateurs des produits de qualit\u00e9\u00bb, explique le chef du Service r\u00e9gional du Commerce de Thi\u00e8s. Khadim Ndiaye rappelle que parmi les missions du minist\u00e8re du Commerce, figure en bonne place la protection sanitaire du consommateur, ce qui, dit-il, \u00abnous permet \u00e9videmment de retirer des circuits de distribution tous les produits alimentaires comme non alimentaires impropres \u00e0 la consommation irr\u00e9guli\u00e8rement introduits sur le march\u00e9\u00bb. Il renseigne que \u00abce dispositif de contr\u00f4le est renforc\u00e9 pendant le mois de Ramadan qui est quand m\u00eame une p\u00e9riode de forte consommation, mais aussi et surtout une p\u00e9riode o\u00f9 certains commer\u00e7ants v\u00e9reux n\u2019h\u00e9sitent pas \u00e0 mettre sur le march\u00e9 des produits dangereux pour la sant\u00e9 des consommateurs\u00bb.<\/p>\n\n\n\n<p>C\u2019est la raison pour laquelle, souligne le chef du Service r\u00e9gional du commerce de Thi\u00e8s, \u00ables \u00e9quipes sont quotidiennement sur le march\u00e9 au niveau de tous les circuits de distribution pour pouvoir \u00e9videmment assurer une protection efficace du consommateur\u00bb. L\u2019op\u00e9ration concerne toute l\u2019\u00e9tendue du territoire r\u00e9gional. \u00abNous avons les services d\u00e9partementaux de Thi\u00e8s, Mbour et Tivaouane qui sont en train \u00e9galement, de faire un travail au niveau de leur circonscription administrative, au m\u00eame titre que le Service r\u00e9gional, pour \u00e9videmment veiller \u00e0 la protection sanitaire des consommateurs\u00bb, pr\u00e9cise M. Ndiaye. Le volet sensibilisation\/pr\u00e9vention porte sur des produits qui sont g\u00e9n\u00e9ralement commercialis\u00e9s sur le march\u00e9. Le Commissaire aux enqu\u00eates \u00e9conomiques appelle ainsi \u00e0 \u00abla vigilance des consommateurs pour qu\u2019ils puissent \u00e9videmment d\u00e9tecter, \u00e0 l\u2019achat, les produits p\u00e9rim\u00e9s, mal conserv\u00e9s ou ceux en tout cas dont la vente est interdite\u00bb.<\/p>\n\n\n\n<p>Le Service d\u2019hygi\u00e8ne dit collaborer avec les associations de consommateurs qui jouent \u00e9galement un r\u00f4le de veille, mais aussi d\u2019\u00e9veil des populations pour qu\u2019elles \u00abs\u2019approprient lesdits textes afin de se prot\u00e9ger elles-m\u00eames\u00bb.<\/p>\n\n\n\n<p><strong>Le march\u00e9 correctement approvisionn\u00e9<\/strong><\/p>\n\n\n\n<p>\u00abA Thi\u00e8s, le march\u00e9\u00a0se porte bien en ce d\u00e9but de mois b\u00e9ni du Ramadan et de Car\u00eame\u00bb, constate le chef du Service r\u00e9gional du commerce. \u00abLe march\u00e9 est tr\u00e8s bien approvisionn\u00e9. Nous avons des quantit\u00e9s qui d\u00e9passent largement les pr\u00e9visions. Pour ce mois b\u00e9ni, nous avons jou\u00e9 avant la p\u00e9riode sur l\u2019offre, ce qui fait que nous avons des quantit\u00e9s qui peuvent aujourd\u2019hui permettre aux consommateurs de se ravitailler sans difficult\u00e9\u00bb, confie le Commissaire aux enqu\u00eates \u00e9conomiques. Qui poursuit\u00a0: \u00abCe qu\u2019il faut donc comprendre, c\u2019est que nous n\u2019avons aucune crainte de p\u00e9nurie ni de tension sur le march\u00e9.\u00bb<br>M. Ndiaye rassure\u00a0: \u00abLes stocks sont suffisants et les prix sont stables. Nous avons m\u00eame constat\u00e9 une tendance baissi\u00e8re sur certains produits, c\u2019est le cas du riz bris\u00e9 non parfum\u00e9, nous l\u2019avons fix\u00e9 \u00e0 19 500 francs, il se vend \u00e0 16 500 francs, d\u2019o\u00f9 une baisse de l\u2019ordre de 3000 francs. Sur l\u2019huile \u00e9galement, on a constat\u00e9 une baisse. Actuellement, c\u2019est \u00e0 19.500 francs. Sur le sucre, il y a une stabilit\u00e9, le prix demi-gros est \u00e0 18 750 francs le sac, exactement comme on l\u2019avait fix\u00e9 lors du dernier Conseil r\u00e9gional de la consommation. Sur la pomme de terre et l\u2019oignon, non seulement il y a une pr\u00e9sence massive de ces produits mara\u00eechers sur le march\u00e9\u00a0; mais aussi les prix ont connu une tendance baissi\u00e8re, et \u00e7a va crescendo donc jusqu\u2019\u00e0 la fin du mois de Ramadan.\u00bb<\/p>\n\n\n\n<p>Donc, indique le chef du Service r\u00e9gional du commerce de Thi\u00e8s, \u00abnous avons un march\u00e9 approvisionn\u00e9 correctement et une stabilit\u00e9 des prix qui nous a permis, par moments m\u00eame, de conna\u00eetre des tendances baissi\u00e8res\u00bb. Et par rapport \u00e0 la sp\u00e9culation, Khadim Ndiaye promet que \u00abla vigilance sera de rigueur\u00bb. \u00abNos \u00e9quipes sont quotidiennement sur le terrain. Non seulement pour veiller \u00e0 la sant\u00e9 des consommateurs, mais \u00e9galement \u00e0 la pr\u00e9servation de leur pouvoir d\u2019achat. Lorsqu\u2019on parle de pr\u00e9servation de pouvoir d\u2019achat, ce sont toutes les missions de contr\u00f4le qui sont d\u00e9roul\u00e9es pour veiller au respect strict des prix fix\u00e9s par le gouvernement. Nous ne laissons rien en rade, tout est contr\u00f4l\u00e9, pour permettre aux populations de passer un tr\u00e8s bon mois de Ramadan, en tout cas du point de vue de la consommation\u00bb, d\u00e9clare M. Ndiaye. Avant d\u2019ajouter que \u00abl\u2019Etat a fait ce qu\u2019il fallait. L\u2019enjeu \u00e9tait, d\u2019une part, d\u2019approvisionner le march\u00e9 correctement, l\u2019Etat l\u2019a fait. L\u2019autre enjeu, c\u2019est d\u2019assurer une stabilit\u00e9 des prix, l\u2019Etat l\u2019a fait. Ce qui veut dire donc, qu\u2019il faut maintenant que ces populations s\u2019approprient ces mesures-l\u00e0, qu\u2019elles jouent le r\u00f4le de veille par rapport surtout au Service du commerce qui est comp\u00e9tent. Le r\u00f4le d\u2019\u00e9veil, c\u2019est de pouvoir d\u00e9noncer les commer\u00e7ants qui s\u2019adonneraient \u00e0 des pratiques illicites dont la vente de produits impropres \u00e0 la consommation\u00bb.<\/p>\n\n\n\n<p><strong>Correspondant<\/strong> &#8211; <strong>\u00a0Par Cheikh CAMARA \u2013\u00a0<\/strong><\/p>\n","protected":false},"excerpt":{"rendered":"<p>Les \u00e9quipes du Service r\u00e9gional du commerce de Thi\u00e8s ont saisi 2 tonnes de produits alimentaires impropres \u00e0 la consommation.<\/p>\n","protected":false},"author":1,"featured_media":53143,"comment_status":"open","ping_status":"open","sticky":false,"template":"","format":"standard","meta":{"footnotes":""},"categories":[26],"tags":[],"class_list":["post-53142","post","type-post","status-publish","format-standard","has-post-thumbnail","hentry","category-fait-divers"],"_links":{"self":[{"href":"https:\/\/dekkbi.com\/index.php?rest_route=\/wp\/v2\/posts\/53142","targetHints":{"allow":["GET"]}}],"collection":[{"href":"https:\/\/dekkbi.com\/index.php?rest_route=\/wp\/v2\/posts"}],"about":[{"href":"https:\/\/dekkbi.com\/index.php?rest_route=\/wp\/v2\/types\/post"}],"author":[{"embeddable":true,"href":"https:\/\/dekkbi.com\/index.php?rest_route=\/wp\/v2\/users\/1"}],"replies":[{"embeddable":true,"href":"https:\/\/dekkbi.com\/index.php?rest_route=%2Fwp%2Fv2%2Fcomments&post=53142"}],"version-history":[{"count":1,"href":"https:\/\/dekkbi.com\/index.php?rest_route=\/wp\/v2\/posts\/53142\/revisions"}],"predecessor-version":[{"id":53144,"href":"https:\/\/dekkbi.com\/index.php?rest_route=\/wp\/v2\/posts\/53142\/revisions\/53144"}],"wp:featuredmedia":[{"embeddable":true,"href":"https:\/\/dekkbi.com\/index.php?rest_route=\/wp\/v2\/media\/53143"}],"wp:attachment":[{"href":"https:\/\/dekkbi.com\/index.php?rest_route=%2Fwp%2Fv2%2Fmedia&parent=53142"}],"wp:term":[{"taxonomy":"category","embeddable":true,"href":"https:\/\/dekkbi.com\/index.php?rest_route=%2Fwp%2Fv2%2Fcategories&post=53142"},{"taxonomy":"post_tag","embeddable":true,"href":"https:\/\/dekkbi.com\/index.php?rest_route=%2Fwp%2Fv2%2Ftags&post=53142"}],"curies":[{"name":"wp","href":"https:\/\/api.w.org\/{rel}","templated":true}]}}