{"id":53138,"date":"2025-03-10T14:51:01","date_gmt":"2025-03-10T14:51:01","guid":{"rendered":"https:\/\/dekkbi.com\/?p=53138"},"modified":"2025-03-10T15:02:29","modified_gmt":"2025-03-10T15:02:29","slug":"declaration-apres-la-polemique-sur-la-baisse-des-activites-economiques-au-port-waly-diouf-bodian-se-defausse-sur-lopposition","status":"publish","type":"post","link":"https:\/\/dekkbi.com\/?p=53138","title":{"rendered":"D\u00e9claration \u2013 Apr\u00e8s la pol\u00e9mique sur la baisse des activit\u00e9s \u00e9conomiques au Port : Waly Diouf Bodian se d\u00e9fausse sur l\u2019opposition"},"content":{"rendered":"\n<p><strong>La baisse des activit\u00e9s \u00e9conomiques au Port autonome de Dakar (Pad) relev\u00e9e par l\u2019Agence nationale de la statistique et de la d\u00e9mographie (Ansd) s\u2019invite dans le d\u00e9bat politique. Le Dg du Pad a d\u00e9plac\u00e9 ce sujet sur le terrain politique pour s\u2019en prendre \u00e0 l\u2019opposition, en l\u2019accusant de faire dans la \u00abd\u00e9sinformation\u00bb.<br><\/strong><\/p>\n\n\n\n<p>La baisse des activit\u00e9s \u00e9conomiques au Port autonome de Dakar (Pad) mise en avant par&nbsp;l\u2019Agence nationale de la statistique et de la d\u00e9mographie (Ansd) a servi de pr\u00e9texte \u00e0 Waly Diouf Bodian, Dg du Pad, pour d\u00e9placer ce d\u00e9bat sur le terrain politique. Une mani\u00e8re de s\u2019en prendre \u00e0 l\u2019opposition en l\u2019accusant de faire dans la \u00abd\u00e9sinformation et la manipulation\u00bb. \u00abL\u2019opposition milliardaire organise la d\u00e9sinformation et la manipulation de l\u2019opinion. Elle joue sa survie\u00bb, glisse Waly Diouf Bodian. Tr\u00e8s actif sur les r\u00e9seaux et prompt \u00e0 monter au cr\u00e9neau pour r\u00e9agir \u00abaux critiques\u00bb contre son parti et son leader le Pm Ousmane Sonko, Waly Diouf Bodian n\u2019en est pas \u00e0 sa premi\u00e8re sortie vis-\u00e0-vis de la composante de l\u2019opposition incarn\u00e9e par les tenants de l\u2019ancien r\u00e9gime.<\/p>\n\n\n\n<p>En remplacement de Mountaga Sy, le Dg du Port, \u00e0 peine a-t-il pris fonction, qu\u2019il s\u2019est attaqu\u00e9 \u00e0 cette opposition\u00a0en la\u00a0qualifiant de \u00abmilliardaire\u00bb, et avec laquelle le r\u00e9gime \u00abne pourra pas s\u2019acoquiner\u00bb.\u00a0\u00abOn ne peut pas g\u00e9rer ce pays avec des dizaines d\u2019opposants milliardaires qu\u2019on laisse circuler librement\u00bb, d\u00e9clarait Waly Diouf Bodian. D\u2019apr\u00e8s des informations reprises par la presse, le Pad aurait enregistr\u00e9 une perte d\u2019environ un tiers de son trafic total en 2024 sous sa direction. Les donn\u00e9es font \u00e9tat\u00a0\u00a0d\u2019une baisse des d\u00e9barquements et des embarquements, entra\u00eenant une diminution globale de 571 000 tonnes de trafic en un an. Des informations qui ont du mal \u00e0 passer, telle une pilule am\u00e8re pour\u00a0Waly Diouf Bodiang. Dans une publication sur sa page Facebook, le Dg d\u00e9ment ces informations en affirmant\u00a0que \u00able port se porte bien et a progress\u00e9 en termes de trafic, de chiffre d\u2019affaires et de b\u00e9n\u00e9fices\u00bb.<br><\/p>\n\n\n\n<p><strong>Par Amadou MBODJI \u2013\u00a0ambodji@lequotidien.sn\u00a0<\/strong><\/p>\n","protected":false},"excerpt":{"rendered":"<p>La baisse des activit\u00e9s \u00e9conomiques au Port autonome de Dakar (Pad) relev\u00e9e par l\u2019Agence nationale de la statistique et de<\/p>\n","protected":false},"author":1,"featured_media":53139,"comment_status":"open","ping_status":"open","sticky":false,"template":"","format":"standard","meta":{"footnotes":""},"categories":[6],"tags":[],"class_list":["post-53138","post","type-post","status-publish","format-standard","has-post-thumbnail","hentry","category-politics"],"_links":{"self":[{"href":"https:\/\/dekkbi.com\/index.php?rest_route=\/wp\/v2\/posts\/53138","targetHints":{"allow":["GET"]}}],"collection":[{"href":"https:\/\/dekkbi.com\/index.php?rest_route=\/wp\/v2\/posts"}],"about":[{"href":"https:\/\/dekkbi.com\/index.php?rest_route=\/wp\/v2\/types\/post"}],"author":[{"embeddable":true,"href":"https:\/\/dekkbi.com\/index.php?rest_route=\/wp\/v2\/users\/1"}],"replies":[{"embeddable":true,"href":"https:\/\/dekkbi.com\/index.php?rest_route=%2Fwp%2Fv2%2Fcomments&post=53138"}],"version-history":[{"count":1,"href":"https:\/\/dekkbi.com\/index.php?rest_route=\/wp\/v2\/posts\/53138\/revisions"}],"predecessor-version":[{"id":53140,"href":"https:\/\/dekkbi.com\/index.php?rest_route=\/wp\/v2\/posts\/53138\/revisions\/53140"}],"wp:featuredmedia":[{"embeddable":true,"href":"https:\/\/dekkbi.com\/index.php?rest_route=\/wp\/v2\/media\/53139"}],"wp:attachment":[{"href":"https:\/\/dekkbi.com\/index.php?rest_route=%2Fwp%2Fv2%2Fmedia&parent=53138"}],"wp:term":[{"taxonomy":"category","embeddable":true,"href":"https:\/\/dekkbi.com\/index.php?rest_route=%2Fwp%2Fv2%2Fcategories&post=53138"},{"taxonomy":"post_tag","embeddable":true,"href":"https:\/\/dekkbi.com\/index.php?rest_route=%2Fwp%2Fv2%2Ftags&post=53138"}],"curies":[{"name":"wp","href":"https:\/\/api.w.org\/{rel}","templated":true}]}}