{"id":53135,"date":"2025-03-10T14:48:16","date_gmt":"2025-03-10T14:48:16","guid":{"rendered":"https:\/\/dekkbi.com\/?p=53135"},"modified":"2025-03-10T14:57:41","modified_gmt":"2025-03-10T14:57:41","slug":"journee-internationale-des-droits-des-femmes-au-musee-des-civilisations-noires-mcn-de-dakar-le-secteur-culturel-est-tenu-par-les-femmes","status":"publish","type":"post","link":"https:\/\/dekkbi.com\/?p=53135","title":{"rendered":"Journ\u00e9e internationale des droits des femmes"},"content":{"rendered":"\n<p>Le secteur culturel est tenu par les femmes  &#8211; <strong>\u00c0 l\u2019occasion de la Journ\u00e9e Internationale des Droits des Femmes, le Mus\u00e9e des Civilisations Noires (MCN) de Dakar a organis\u00e9 un panel r\u00e9unissant des figures embl\u00e9matiques du monde de l\u2019art, de la culture et de l\u2019histoire. Le th\u00e8me de cette rencontre, le MCN questionne l\u2019h\u00e9ritage colonial et patriarcal des mus\u00e9es. Comment repenser ses institutions lorsque certaines voix restent marginalis\u00e9es\u00a0?\u00a0 Anim\u00e9 par Fatoumata Camara, historienne au MCN, ce d\u00e9bat a permis de mettre en lumi\u00e8re les contributions des femmes dans le domaine des mus\u00e9es, de l\u2019art contemporain et de la sc\u00e9nographie, tout en soulignant les d\u00e9fis auxquels elles font face.<\/strong><\/p>\n\n\n\n<p>La directrice du mus\u00e9e Boribana, Mme Hawa Ba Mara, a ouvert les discussions en mettant l\u2019accent sur la n\u00e9cessit\u00e9 de former et d\u2019accompagner les femmes dans le milieu artistique. Elle a partag\u00e9 son exp\u00e9rience dans la production d\u2019expositions et la promotion de l\u2019art africain, soulignant l\u2019importance de l\u2019\u00e9ducation et de la sensibilisation pour permettre aux femmes de s\u2019affirmer dans ce domaine. Elle a \u00e9galement \u00e9voqu\u00e9 les d\u00e9fis budg\u00e9taires et logistiques auxquels font face les mus\u00e9es, tout en appelant \u00e0 une plus grande collaboration entre les institutions culturelles.<\/p>\n\n\n\n<p>Succ\u00e9dant, \u00e0 Mme Hawa Ba Mara, Khady Kass\u00e9, sc\u00e9nographe, a partag\u00e9 son exp\u00e9rience dans la conception d\u2019expositions, notamment lors de la Biennale de Dakar. Elle a soulign\u00e9 l\u2019importance de la sc\u00e9nographie dans la mise en valeur des \u0153uvres et des artistes, tout en d\u00e9plorant le manque de visibilit\u00e9 des femmes dans ce domaine. Elle a \u00e9galement \u00e9voqu\u00e9 les d\u00e9fis li\u00e9s \u00e0 la communication et \u00e0 la repr\u00e9sentation des artistes africains sur la sc\u00e8ne internationale, appelant \u00e0 une plus grande reconnaissance des talents f\u00e9minins.<\/p>\n\n\n\n<p>Pour sa part, Oumy Diaw, Sp\u00e9cialiste en art contemporain \u00e9ditrice et productrice d\u2019expositions, en partageant son parcours atypique, passant de la m\u00e9decine \u00e0 la gestion culturelle. Elle a insist\u00e9 sur l\u2019importance de l\u2019observation et de la lucidit\u00e9 dans son travail, soulignant que son exp\u00e9rience scientifique a influenc\u00e9 sa mani\u00e8re d\u2019aborder les d\u00e9fis dans le domaine culturel. Elle a \u00e9galement \u00e9voqu\u00e9 son passage aux \u00c9tats-Unis, o\u00f9 elle a d\u00e9couvert une culture de possibilit\u00e9s infinies, contrastant avec les limitations souvent per\u00e7ues en France. Pour elle, l\u2019Am\u00e9rique a \u00e9t\u00e9 une r\u00e9v\u00e9lation, lui permettant de prendre conscience de la puissance de l\u2019h\u00e9ritage africain et de la n\u00e9cessit\u00e9 de valoriser la culture africaine \u00e0 travers des projets comme la Biennale de Dakar.<\/p>\n\n\n\n<p>La derni\u00e8re intervenante parmi les pan\u00e9listes. Mme Mame Maguette S. Thiaw Diop, historienne et chef de service de la m\u00e9diation au MCN, a cl\u00f4tur\u00e9 les interventions en partageant son exp\u00e9rience dans la gestion des collections et des expositions. Elle a soulign\u00e9 l\u2019importance de la repr\u00e9sentation des femmes dans les mus\u00e9es, tant au niveau des expositions que dans les postes de direction. Elle a \u00e9galement \u00e9voqu\u00e9 les d\u00e9fis culturels et \u00e9ducatifs qui limitent la participation des femmes dans le milieu artistique, appelant \u00e0 des initiatives sp\u00e9cifiques pour encourager leur implication.<\/p>\n\n\n\n<p><strong>Une Vision pour l\u2019Avenir<\/strong><\/p>\n\n\n\n<p>En outre, Mouhamed Abdallah Ly, directeur g\u00e9n\u00e9ral du MCN, a salu\u00e9 l\u2019engagement des pan\u00e9listes et a r\u00e9affirm\u00e9 l\u2019importance de la place des femmes dans les institutions culturelles. Il a soulign\u00e9 que le mus\u00e9e est un lieu o\u00f9 les questions de genre, d\u2019inclusion et de repr\u00e9sentation doivent \u00eatre abord\u00e9es de mani\u00e8re proactive. Il a \u00e9galement annonc\u00e9 des initiatives futures, notamment une exposition immersive sur les femmes noires, qui sera lanc\u00e9e dans les prochains mois.<\/p>\n\n\n\n<p>Ibrahima Wone, Pr\u00e9sident du Conseil d\u2019Administration (PCA) du MCN, a quant \u00e0 lui rappel\u00e9 l\u2019importance de la Journ\u00e9e Internationale des Droits des Femmes, soulignant que cette c\u00e9l\u00e9bration est l\u2019occasion de r\u00e9fl\u00e9chir aux progr\u00e8s accomplis et aux d\u00e9fis restants. Il a salu\u00e9 les efforts du MCN pour promouvoir l\u2019\u00e9galit\u00e9 des genres et a appel\u00e9 \u00e0 une plus grande collaboration entre les institutions culturelles pour soutenir les femmes dans le domaine de l\u2019art et de la culture.<\/p>\n\n\n\n<p>Ce panel, riche en t\u00e9moignages et en r\u00e9flexions, a permis de mettre en lumi\u00e8re les contributions essentielles des femmes dans le domaine des mus\u00e9es et de l\u2019art contemporain. Il a \u00e9galement soulign\u00e9 les d\u00e9fis auxquels elles font face, notamment en termes de repr\u00e9sentation et de visibilit\u00e9. Les interventions des pan\u00e9listes, ainsi que les annonces du directeur g\u00e9n\u00e9ral et du pr\u00e9sident du conseil d\u2019administration, ont montr\u00e9 que le MCN est engag\u00e9 dans la promotion de l\u2019\u00e9galit\u00e9 des genres et dans la valorisation des talents f\u00e9minins. Cette journ\u00e9e a \u00e9t\u00e9 une c\u00e9l\u00e9bration inspirante des droits des femmes, mais aussi un appel \u00e0 l\u2019action pour continuer \u00e0 \u0153uvrer en faveur d\u2019une plus grande inclusion et repr\u00e9sentation dans le monde de l\u2019art et de la culture.<\/p>\n\n\n\n<p>LAMINE DIEDHIOU<br>SUDQUOTIDIEN<\/p>\n","protected":false},"excerpt":{"rendered":"<p>Le secteur culturel est tenu par les femmes &#8211; \u00c0 l\u2019occasion de la Journ\u00e9e Internationale des Droits des Femmes, le<\/p>\n","protected":false},"author":1,"featured_media":53136,"comment_status":"open","ping_status":"open","sticky":false,"template":"","format":"standard","meta":{"footnotes":""},"categories":[21],"tags":[],"class_list":["post-53135","post","type-post","status-publish","format-standard","has-post-thumbnail","hentry","category-societe"],"_links":{"self":[{"href":"https:\/\/dekkbi.com\/index.php?rest_route=\/wp\/v2\/posts\/53135","targetHints":{"allow":["GET"]}}],"collection":[{"href":"https:\/\/dekkbi.com\/index.php?rest_route=\/wp\/v2\/posts"}],"about":[{"href":"https:\/\/dekkbi.com\/index.php?rest_route=\/wp\/v2\/types\/post"}],"author":[{"embeddable":true,"href":"https:\/\/dekkbi.com\/index.php?rest_route=\/wp\/v2\/users\/1"}],"replies":[{"embeddable":true,"href":"https:\/\/dekkbi.com\/index.php?rest_route=%2Fwp%2Fv2%2Fcomments&post=53135"}],"version-history":[{"count":2,"href":"https:\/\/dekkbi.com\/index.php?rest_route=\/wp\/v2\/posts\/53135\/revisions"}],"predecessor-version":[{"id":53147,"href":"https:\/\/dekkbi.com\/index.php?rest_route=\/wp\/v2\/posts\/53135\/revisions\/53147"}],"wp:featuredmedia":[{"embeddable":true,"href":"https:\/\/dekkbi.com\/index.php?rest_route=\/wp\/v2\/media\/53136"}],"wp:attachment":[{"href":"https:\/\/dekkbi.com\/index.php?rest_route=%2Fwp%2Fv2%2Fmedia&parent=53135"}],"wp:term":[{"taxonomy":"category","embeddable":true,"href":"https:\/\/dekkbi.com\/index.php?rest_route=%2Fwp%2Fv2%2Fcategories&post=53135"},{"taxonomy":"post_tag","embeddable":true,"href":"https:\/\/dekkbi.com\/index.php?rest_route=%2Fwp%2Fv2%2Ftags&post=53135"}],"curies":[{"name":"wp","href":"https:\/\/api.w.org\/{rel}","templated":true}]}}