{"id":53118,"date":"2025-03-10T13:49:36","date_gmt":"2025-03-10T13:49:36","guid":{"rendered":"https:\/\/dekkbi.com\/?p=53118"},"modified":"2025-03-10T13:49:36","modified_gmt":"2025-03-10T13:49:36","slug":"week-end-des-lions-a-letranger-ismaila-sarr-pape-matar-sarr-et-abdallah-sarr-decisifs","status":"publish","type":"post","link":"https:\/\/dekkbi.com\/?p=53118","title":{"rendered":"Week-end des Lions \u00e0 l\u2019\u00e9tranger: Isma\u00efla Sarr, Pape Matar Sarr et Abdallah Sarr d\u00e9cisifs"},"content":{"rendered":"\n<p>Dakar,\u00a0  (APS) \u2013 Isma\u00efla Sarr et Pape Matar Sarr, buteurs avec leur club en Premier League anglaise, font partie des footballeurs s\u00e9n\u00e9galais les plus en vue ce week-end dans les championnats \u00e9trangers, avec Abdallah Sima, Soumano Sambou et Mouhamadou Diop d\u00e9cisifs dans les championnats fran\u00e7ais.<\/p>\n\n\n\n<p>Isma\u00efla Sarr a offert, samedi, la victoire \u00e0 Crystal Palace (11e), en inscrivant l\u2019unique but de la rencontre qui opposait son \u00e9quipe \u00e0 celle d\u2019Ipswich, lors de la 28e journ\u00e9e de la Premier League anglaise. Double buteur, il y a quelques jours en championnat, Sarr a inscrit son septi\u00e8me but de la comp\u00e9tition.<\/p>\n\n\n\n<p>Son co\u00e9quipier en \u00e9quipe nationale qui \u00e9volue dans le m\u00eame championnat \u00e0 Tottenham, Pape Matar Sarr est \u00e9galement buteur. Le milieu de terrain des Lions a permis \u00e0 son \u00e9quipe de r\u00e9duire le score alors qu\u2019elle \u00e9tait men\u00e9e, 2-0. Il assure ainsi son troisi\u00e8me but en Premier League.<\/p>\n\n\n\n<p>Son co\u00e9quipier Cor\u00e9en, Heung-min Son a \u00e9galis\u00e9 en fin de partie, 2-2, sur p\u00e9nalty.<\/p>\n\n\n\n<p>Chelsea s\u2019est impos\u00e9, 1-0, contre Leicester, dimanche, sans Nicolas Jackson, toujours indisponible, en raison d\u2019une blessure.<\/p>\n\n\n\n<p>Sans Iliman Ndiaye bless\u00e9 et avec Idrissa Gana Gaye, titulaire, Everton a conc\u00e9d\u00e9 le nul, contre Wolverhampton, samedi (1-1).<\/p>\n\n\n\n<p>En Ligue 1 fran\u00e7aise, Abdallah Sima de Brest (9e), a retrouv\u00e9 le chemin des filets, dimanche contre Angers de Bamb Dieng et Ibrahima Niane, (2-0). L\u2019attaquant des Lions de 25 ans n\u2019avait plus marqu\u00e9 en Ligue 1 depuis le 15 d\u00e9cembre dernier. C\u2019est son quatri\u00e8me but dans le championnat fran\u00e7ais, cette saison.<\/p>\n\n\n\n<p>En Ligue 2 fran\u00e7aise, Soumano Sambou (Lorient, leader) est buteur sur p\u00e9nalty, lors de la 26e journ\u00e9e. Il a \u00e9galis\u00e9 contre Paris FC, avant que son \u00e9quipe ne finisse par s\u2019incliner, 2-3.<\/p>\n\n\n\n<p>Mouhamed Diop de Troyes, 10e, (Ligue 2 fran\u00e7aise) s\u2019est aussi illustr\u00e9, en marquant le deuxi\u00e8me but de son \u00e9quipe, contre Pau FC (11e) de Path\u00e9 Mboup.<\/p>\n\n\n\n<p>\u00c0 Metz (3e), Papa Amadou Diallo est passeur d\u00e9cisif, lors du large succ\u00e8s de son \u00e9quipe (5-1), contre Annecy, samedi.<\/p>\n\n\n\n<p><strong>El Hadji Malick Diouf, victime d\u2019une facture du p\u00e9ron\u00e9<\/strong><\/p>\n\n\n\n<p>En Super Liga serbe, Cherif Ndiaye de l\u2019\u00c9toile rouge de Belgrade (1er) n\u2019\u00e9tait pas sur la feuille de match, lors de la victoire de la 27e journ\u00e9e contre Radnicki Nis.<\/p>\n\n\n\n<p>Sorti \u00e0 la 18e mn sur blessure, lors du derby de la 23e journ\u00e9e contre Sparta Prague, El Hadji Malick Diouf du Slavia Prague (1er) est victime d\u2019une fracture du p\u00e9ron\u00e9. Il pourrait \u00eatre forfait pour le reste de la saison, selon son entra\u00eeneur Jind\u0159ich Trpi\u0161ovsk\u00fd.<\/p>\n\n\n\n<p>L\u2019arri\u00e8re gauche s\u00e9n\u00e9galais de 20 ans a inscrit six buts cette saison et d\u00e9livr\u00e9 deux passes d\u00e9cisives. Il&nbsp;a rejoint la saison derni\u00e8re le championnat tch\u00e8que en provenance de Troms\u00f8 Idrettslag (Norv\u00e8ge).<\/p>\n\n\n\n<p>Diouf, une des valeurs s\u00fbres du football s\u00e9n\u00e9galais, sera absent de la s\u00e9lection nationale pour les matchs des cinqui\u00e8me et sixi\u00e8me journ\u00e9es des \u00e9liminatoires de la Coupe du monde 2026 contre le Soudan \u00e0 Benghazi (Libye) et le Togo \u00e0 Diamniadio, respectivement les 22 et 25 mars prochains.<\/p>\n\n\n\n<p>Ce forfait du joueur du Slavia Prague, \u00e0 quelques jours de ces rencontres, s\u2019ajoute \u00e0 d\u2019 autres absences comme celles d\u2019Iliman Ndiaye, Habib Diarra, Nicolas Jackson, et Seny Dieng, deuxi\u00e8me gardien de l\u2019\u00e9quipe nationale, bless\u00e9 et op\u00e9r\u00e9 du tendon d\u2019Achille.<\/p>\n\n\n\n<p>SK\/AB<\/p>\n","protected":false},"excerpt":{"rendered":"<p>Dakar,\u00a0 (APS) \u2013 Isma\u00efla Sarr et Pape Matar Sarr, buteurs avec leur club en Premier League anglaise, font partie des<\/p>\n","protected":false},"author":1,"featured_media":43126,"comment_status":"open","ping_status":"open","sticky":false,"template":"","format":"standard","meta":{"footnotes":""},"categories":[9],"tags":[],"class_list":["post-53118","post","type-post","status-publish","format-standard","has-post-thumbnail","hentry","category-sports"],"_links":{"self":[{"href":"https:\/\/dekkbi.com\/index.php?rest_route=\/wp\/v2\/posts\/53118","targetHints":{"allow":["GET"]}}],"collection":[{"href":"https:\/\/dekkbi.com\/index.php?rest_route=\/wp\/v2\/posts"}],"about":[{"href":"https:\/\/dekkbi.com\/index.php?rest_route=\/wp\/v2\/types\/post"}],"author":[{"embeddable":true,"href":"https:\/\/dekkbi.com\/index.php?rest_route=\/wp\/v2\/users\/1"}],"replies":[{"embeddable":true,"href":"https:\/\/dekkbi.com\/index.php?rest_route=%2Fwp%2Fv2%2Fcomments&post=53118"}],"version-history":[{"count":1,"href":"https:\/\/dekkbi.com\/index.php?rest_route=\/wp\/v2\/posts\/53118\/revisions"}],"predecessor-version":[{"id":53119,"href":"https:\/\/dekkbi.com\/index.php?rest_route=\/wp\/v2\/posts\/53118\/revisions\/53119"}],"wp:featuredmedia":[{"embeddable":true,"href":"https:\/\/dekkbi.com\/index.php?rest_route=\/wp\/v2\/media\/43126"}],"wp:attachment":[{"href":"https:\/\/dekkbi.com\/index.php?rest_route=%2Fwp%2Fv2%2Fmedia&parent=53118"}],"wp:term":[{"taxonomy":"category","embeddable":true,"href":"https:\/\/dekkbi.com\/index.php?rest_route=%2Fwp%2Fv2%2Fcategories&post=53118"},{"taxonomy":"post_tag","embeddable":true,"href":"https:\/\/dekkbi.com\/index.php?rest_route=%2Fwp%2Fv2%2Ftags&post=53118"}],"curies":[{"name":"wp","href":"https:\/\/api.w.org\/{rel}","templated":true}]}}