{"id":53113,"date":"2025-03-10T13:43:23","date_gmt":"2025-03-10T13:43:23","guid":{"rendered":"https:\/\/dekkbi.com\/?p=53113"},"modified":"2025-03-10T13:43:23","modified_gmt":"2025-03-10T13:43:23","slug":"pensions-de-retraite-des-enseignants-du-superieur-le-decret-retrouve-et-signe","status":"publish","type":"post","link":"https:\/\/dekkbi.com\/?p=53113","title":{"rendered":"Pensions de retraite des enseignants du Sup\u00e9rieur : LE D\u00c9CRET RETROUV\u00c9 ET SIGN\u00c9"},"content":{"rendered":"<div class=\"wp-block-image\">\n<figure class=\"alignright\"><img decoding=\"async\" src=\"https:\/\/lequotidien.sn\/wp-content\/uploads\/2024\/05\/ucad-696x348-1.jpg\" alt=\"\" class=\"wp-image-198432\"\/><\/figure>\n<\/div>\n\n\n<p><strong>La\u00a0lutte a fini par payer. Le d\u00e9cret sur la pension des enseignants-chercheurs a \u00e9t\u00e9 r\u00e9introduit et sign\u00e9 ce 7 mars. Dans une note, le Secr\u00e9taire g\u00e9n\u00e9ral du Saes, David C\u00e9lestin Faye, s\u2019est r\u00e9joui de cette nouvelle et a demand\u00e9 aux militants de rester mobilis\u00e9s et attentifs pour la r\u00e9solution des autres points du protocole d\u2019accord du 6 janvier 2023.<\/strong><\/p>\n\n\n\n<p>C\u2019est une\u00a0<strong>victoire pour le Syndicat autonome de l\u2019enseignement sup\u00e9rieur<\/strong>\u00a0(Saes). Finalement, le fameux d\u00e9cret \u00abintrouvable\u00bb portant sur la r\u00e9version des pensions de retraite des ayants cause, a \u00e9t\u00e9 r\u00e9introduit et sign\u00e9 ce 7 mars. Dans une lettre \u00e0 ses camarades, le Secr\u00e9taire g\u00e9n\u00e9ral national du Saes s\u2019est f\u00e9licit\u00e9 de ce pas franchi pour le respect des droits des enseignants du sup\u00e9rieur. \u00abApr\u00e8s l\u2019expiration du pr\u00e9avis de gr\u00e8ve du 13 janvier 2025 et la lutte entam\u00e9e par le Saes, ainsi que la rencontre tripartite syndicats-gouvernement-patronat, le d\u00e9cret a \u00e9t\u00e9 finalement sign\u00e9 le 7 mars 2025. Cette nouvelle version du d\u00e9cret int\u00e8gre la r\u00e9version aux ayants cause, ainsi que la prime de recherche dans la liquidation de la pension\u00bb, a inform\u00e9 David Celestin Faye. Dans le m\u00eame document, il pr\u00e9cise que cette nouvelle version du d\u00e9cret \u00abexige aussi la r\u00e9gularisation des cotisations au titre des r\u00e9gimes de base et compl\u00e9mentaire des enseignants et chercheurs en service d\u00e9tach\u00e9 avant de pouvoir pr\u00e9tendre \u00e0 l\u2019allocation sp\u00e9ciale de retraite\u00bb. Tout en se f\u00e9licitant de cette victoire, le Saes \u00abdemande aux militants de rester mobilis\u00e9s et attentifs pour la r\u00e9solution des autres points du protocole d\u2019accord du 6 janvier 2023\u00bb. Ces derniers portent sur\u00a0l\u2019ach\u00e8vement et l\u2019\u00e9quipement des infrastructures sociales et p\u00e9dagogiques dans les universit\u00e9s, le recrutement cons\u00e9quent d\u2019enseignants-chercheurs et chercheurs pour atteindre un taux de 70% de permanents, la gouvernance et le financement de la recherche, la r\u00e9vision de la derni\u00e8re version du guide d\u2019\u00e9valuation des enseignants-chercheurs et chercheurs du Cames, l\u2019\u00e9valuation des reformes, l\u2019audit et la conservation du patrimoine foncier des universit\u00e9s publiques, ainsi que l\u2019arr\u00eat de la spoliation fonci\u00e8re contre les enseignants-chercheurs victimes des pr\u00e9dateurs fonciers. David Celestin Faye d\u00e9clare dans sa note que \u00able Saes r\u00e9affirme son engagement \u00e0 \u0153uvrer, \u00e0 travers une d\u00e9marche constructive, pour un espace universitaire pacifi\u00e9\u00bb et \u00abexprime sa disponibilit\u00e9 et son ouverture \u00e0 un dialogue permanent pour la prise en charge des autres points du protocole d\u2019accord en vue d\u2019assurer une stabilit\u00e9 durable au sous-secteur de l\u2019enseignement sup\u00e9rieur\u00bb.<\/p>\n\n\n\n<p>Par ailleurs, dans le document, le Secr\u00e9taire g\u00e9n\u00e9ral du Saes est revenu longuement sur la question des pensions de retraite. D\u2019apr\u00e8s lui, \u00ables enseignants et les enseignants-chercheurs ont int\u00e9gralement financ\u00e9 leur retraite, contrairement aux fausses all\u00e9gations diffus\u00e9es \u00e7\u00e0 et l\u00e0 par des personnes mal intentionn\u00e9es qui, de surcro\u00eet, ignorent manifestement le processus qui a conduit \u00e0 cet \u00e9tat de fait\u00bb. Rappelant les faits, M. Faye informe que \u00able probl\u00e8me qui se posait depuis 2020 \u00e9tait celui de la non-r\u00e9version de la pension aux ayants cause des enseignants-chercheurs et chercheurs\u00bb. Et d\u2019expliquer&nbsp;: \u00abEn effet, selon le Code des pensions, la pension est r\u00e9versible aux ayants cause des fonctionnaires d\u00e9c\u00e9d\u00e9s (50% pour les conjoints\/conjointes et 10% pour les orphelins de moins de 21 ans). Cependant, pour le cas des enseignants-chercheurs et chercheurs, les ayants cause percevaient toujours un montant index\u00e9 sur l\u2019ancienne pension de retraite, soit 13% du salaire net, et cela, malgr\u00e9 l\u2019augmentation de leurs cotisations, de leur charge de travail de 20%, qui est aussi et en toute logique une forme de cotisation.\u00bb<\/p>\n\n\n\n<p>Poursuivant ses propos, il souligne que \u00abdans le protocole d\u2019accord du 6 janvier 2023 avec le Saes, le gouvernement s\u2019\u00e9tait engag\u00e9 \u00e0 r\u00e9tablir imm\u00e9diatement les veuves et veufs des enseignants-chercheurs et chercheurs dans leurs droits en effectuant le calcul de la pension de r\u00e9version, conform\u00e9ment aux textes en vigueur\u00bb. C\u2019est ainsi, clarifie le Secr\u00e9taire g\u00e9n\u00e9ral du Saes, que \u00able Conseil des ministres du mercredi 28 f\u00e9vrier 2024 avait examin\u00e9 et adopt\u00e9 le projet de d\u00e9cret modifiant le d\u00e9cret n\u00b02020-1788 du 23 septembre 2020 portant cr\u00e9ation d\u2019une allocation sp\u00e9ciale de retraite au profit des enseignants-chercheurs et chercheurs titulaires des universit\u00e9s\u00bb. Avec le changement de r\u00e9gime, le Mesri a d\u00e9clar\u00e9 que ce d\u00e9cret \u00e9tait introuvable et avait promis, dans un communiqu\u00e9 en date du 22 octobre, \u00aben accord avec le gouvernement, de r\u00e9introduire le d\u00e9cret objet de la revendication dans le circuit d\u2019adoption des textes administratifs, dans les m\u00eames termes contenus dans l\u2019accord sign\u00e9 entre le Saes et l\u2019ancien r\u00e9gime\u00bb.<\/p>\n\n\n\n<p><strong>Par Dieynaba KANE \u2013\u00a0<\/strong> <strong>dkane@lequotidien.sn<\/strong><\/p>\n","protected":false},"excerpt":{"rendered":"<p>La\u00a0lutte a fini par payer. Le d\u00e9cret sur la pension des enseignants-chercheurs a \u00e9t\u00e9 r\u00e9introduit et sign\u00e9 ce 7 mars.<\/p>\n","protected":false},"author":1,"featured_media":37321,"comment_status":"open","ping_status":"open","sticky":false,"template":"","format":"standard","meta":{"footnotes":""},"categories":[21],"tags":[],"class_list":["post-53113","post","type-post","status-publish","format-standard","has-post-thumbnail","hentry","category-societe"],"_links":{"self":[{"href":"https:\/\/dekkbi.com\/index.php?rest_route=\/wp\/v2\/posts\/53113","targetHints":{"allow":["GET"]}}],"collection":[{"href":"https:\/\/dekkbi.com\/index.php?rest_route=\/wp\/v2\/posts"}],"about":[{"href":"https:\/\/dekkbi.com\/index.php?rest_route=\/wp\/v2\/types\/post"}],"author":[{"embeddable":true,"href":"https:\/\/dekkbi.com\/index.php?rest_route=\/wp\/v2\/users\/1"}],"replies":[{"embeddable":true,"href":"https:\/\/dekkbi.com\/index.php?rest_route=%2Fwp%2Fv2%2Fcomments&post=53113"}],"version-history":[{"count":1,"href":"https:\/\/dekkbi.com\/index.php?rest_route=\/wp\/v2\/posts\/53113\/revisions"}],"predecessor-version":[{"id":53114,"href":"https:\/\/dekkbi.com\/index.php?rest_route=\/wp\/v2\/posts\/53113\/revisions\/53114"}],"wp:featuredmedia":[{"embeddable":true,"href":"https:\/\/dekkbi.com\/index.php?rest_route=\/wp\/v2\/media\/37321"}],"wp:attachment":[{"href":"https:\/\/dekkbi.com\/index.php?rest_route=%2Fwp%2Fv2%2Fmedia&parent=53113"}],"wp:term":[{"taxonomy":"category","embeddable":true,"href":"https:\/\/dekkbi.com\/index.php?rest_route=%2Fwp%2Fv2%2Fcategories&post=53113"},{"taxonomy":"post_tag","embeddable":true,"href":"https:\/\/dekkbi.com\/index.php?rest_route=%2Fwp%2Fv2%2Ftags&post=53113"}],"curies":[{"name":"wp","href":"https:\/\/api.w.org\/{rel}","templated":true}]}}