{"id":53110,"date":"2025-03-10T13:40:32","date_gmt":"2025-03-10T13:40:32","guid":{"rendered":"https:\/\/dekkbi.com\/?p=53110"},"modified":"2025-03-10T13:40:33","modified_gmt":"2025-03-10T13:40:33","slug":"le-maroc-va-accueillir-le-premier-bureau-regional-de-la-conference-de-la-haye-en-afrique","status":"publish","type":"post","link":"https:\/\/dekkbi.com\/?p=53110","title":{"rendered":"Le Maroc va accueillir le premier bureau r\u00e9gional de la Conf\u00e9rence de La Haye en Afrique"},"content":{"rendered":"\n<p>Dakar, (APS) \u2013 Le Royaume du Maroc va accueillir le premier bureau r\u00e9gional de la Conf\u00e9rence de La Haye de droit international priv\u00e9 en Afrique dont l\u2019objectif est de renforcer la s\u00e9curit\u00e9 juridique transfrontali\u00e8re et faciliter l\u2019harmonisation des syst\u00e8mes judiciaires du continent.<\/p>\n\n\n\n<p>\u201dLe Conseil des affaires g\u00e9n\u00e9rales et de la politique de la Conf\u00e9rence de La Haye de droit international priv\u00e9 a approuv\u00e9 \u00e0 l\u2019unanimit\u00e9 (\u2026) la proposition marocaine d\u2019accueillir le bureau r\u00e9gional d\u00e9di\u00e9 au continent africain\u2019\u2019, rapporte l\u2019Agence marocaine de presse (MAP).<\/p>\n\n\n\n<p>Reprenant un communiqu\u00e9 du minist\u00e8re de la Justice, l\u2019agence officielle d\u2019information du Royaume \u00e9voque une \u201dnouvelle avanc\u00e9e\u201d illustrant \u201dle leadership du Maroc en mati\u00e8re de coop\u00e9ration juridique et judiciaire sur la sc\u00e8ne internationale\u201d.<\/p>\n\n\n\n<p>\u2018\u2019La proposition marocaine a re\u00e7u un soutien massif, avec l\u2019adh\u00e9sion de 33 \u00c9tats exprimant leur appui total \u00e0 ce projet ambitieux, visant \u00e0 favoriser une plus grande implication des nations africaines dans les m\u00e9canismes du droit international priv\u00e9\u2019\u2019, fait savoir la source.<\/p>\n\n\n\n<p>Elle signale que ce bureau r\u00e9gional va constituer une plateforme de promotion de la coop\u00e9ration juridique et judiciaire en Afrique.<\/p>\n\n\n\n<p>Il va dans le m\u00eame temps assurer \u201dun accompagnement et un encadrement adapt\u00e9s \u00e0 la mise en \u0153uvre des conventions internationales issues de la Conf\u00e9rence de La Haye, contribuant ainsi \u00e0 renforcer la s\u00e9curit\u00e9 juridique transfrontali\u00e8re et \u00e0 faciliter l\u2019harmonisation des syst\u00e8mes judiciaires \u00e0 l\u2019\u00e9chelle du continent\u2019.<\/p>\n\n\n\n<p>La Conf\u00e9rence de La Haye de droit international priv\u00e9 (HCCH, anglais) dispose de deux bureaux r\u00e9gionaux en Argentine et en Chine.<\/p>\n\n\n\n<p>FD\/OID\/AKS<\/p>\n","protected":false},"excerpt":{"rendered":"<p>Dakar, (APS) \u2013 Le Royaume du Maroc va accueillir le premier bureau r\u00e9gional de la Conf\u00e9rence de La Haye de<\/p>\n","protected":false},"author":1,"featured_media":53111,"comment_status":"open","ping_status":"open","sticky":false,"template":"","format":"standard","meta":{"footnotes":""},"categories":[51],"tags":[],"class_list":["post-53110","post","type-post","status-publish","format-standard","has-post-thumbnail","hentry","category-general"],"_links":{"self":[{"href":"https:\/\/dekkbi.com\/index.php?rest_route=\/wp\/v2\/posts\/53110","targetHints":{"allow":["GET"]}}],"collection":[{"href":"https:\/\/dekkbi.com\/index.php?rest_route=\/wp\/v2\/posts"}],"about":[{"href":"https:\/\/dekkbi.com\/index.php?rest_route=\/wp\/v2\/types\/post"}],"author":[{"embeddable":true,"href":"https:\/\/dekkbi.com\/index.php?rest_route=\/wp\/v2\/users\/1"}],"replies":[{"embeddable":true,"href":"https:\/\/dekkbi.com\/index.php?rest_route=%2Fwp%2Fv2%2Fcomments&post=53110"}],"version-history":[{"count":1,"href":"https:\/\/dekkbi.com\/index.php?rest_route=\/wp\/v2\/posts\/53110\/revisions"}],"predecessor-version":[{"id":53112,"href":"https:\/\/dekkbi.com\/index.php?rest_route=\/wp\/v2\/posts\/53110\/revisions\/53112"}],"wp:featuredmedia":[{"embeddable":true,"href":"https:\/\/dekkbi.com\/index.php?rest_route=\/wp\/v2\/media\/53111"}],"wp:attachment":[{"href":"https:\/\/dekkbi.com\/index.php?rest_route=%2Fwp%2Fv2%2Fmedia&parent=53110"}],"wp:term":[{"taxonomy":"category","embeddable":true,"href":"https:\/\/dekkbi.com\/index.php?rest_route=%2Fwp%2Fv2%2Fcategories&post=53110"},{"taxonomy":"post_tag","embeddable":true,"href":"https:\/\/dekkbi.com\/index.php?rest_route=%2Fwp%2Fv2%2Ftags&post=53110"}],"curies":[{"name":"wp","href":"https:\/\/api.w.org\/{rel}","templated":true}]}}