{"id":53060,"date":"2025-03-07T09:41:18","date_gmt":"2025-03-07T09:41:18","guid":{"rendered":"https:\/\/dekkbi.com\/?p=53060"},"modified":"2025-03-07T09:41:46","modified_gmt":"2025-03-07T09:41:46","slug":"decentralisation-gestion-des-collectivites-territoriales-moussa-bala-fofana-veut-linstitutionnalisation-du-budget-participatif","status":"publish","type":"post","link":"https:\/\/dekkbi.com\/?p=53060","title":{"rendered":"D\u00e9centralisation \u2013 Gestion des collectivit\u00e9s territoriales"},"content":{"rendered":"\n<p><strong>Moussa Bala Fofana veut l\u2019institutionnalisation du budget participatif. Le ministre de l\u2019Urbanisme, des collectivit\u00e9s territoriales et de l\u2019am\u00e9nagement des territoires a pr\u00e9sid\u00e9, hier \u00e0 Thi\u00e8s, la 4e Journ\u00e9e nationale de concertation sur le financement du d\u00e9veloppement territorial et la fiscalit\u00e9 locale avec les \u00e9lus locaux. Une occasion pour Moussa Bala Fofana d\u2019inviter les \u00e9lus \u00e0 institutionnaliser le budget participatif dans leurs plans de gestion.<\/strong><\/p>\n\n\n\n<p>Le ministre de l\u2019Urbanisme, des collectivit\u00e9s territoriales et de l\u2019am\u00e9nagement des territoires invite les \u00e9lus locaux \u00e0 institutionnaliser le budget participatif dans leurs plans de gestion. Selon Moussa Bala Fofana, cet outil, v\u00e9ritable barom\u00e8tre de l\u2019implication citoyenne, permet aux populations et acteurs (d\u00e9l\u00e9gu\u00e9s de quartier, chefs de village, chefs coutumiers et religieux, conseils de quartier, Ocb\u2026) de participer activement \u00e0 la d\u00e9finition des priorit\u00e9s, de suivre les engagements pris et de renforcer la transparence dans la mise en \u0153uvre des politiques publiques locales.<\/p>\n\n\n\n<p>Le Muctat pr\u00e9sidait, hier \u00e0 Thi\u00e8s, la 4e Journ\u00e9e nationale de concertation sur le financement du d\u00e9veloppement territorial et la fiscalit\u00e9 locale avec les \u00e9lus locaux. Rencontre au cours de laquelle il a aussi appel\u00e9 les acteurs de la d\u00e9centralisation \u00e0 \u00abexplorer des pistes audacieuses et innovantes pour renforcer le financement du d\u00e9veloppement territorial et r\u00e9former la fiscalit\u00e9 locale, en transformant les obstacles en tremplins, faisant de nos territoires les moteurs d\u2019une croissance inclusive, d\u2019une justice sociale tangible et d\u2019une durabilit\u00e9 p\u00e9renne\u00bb.<\/p>\n\n\n\n<p>Ayant pour th\u00e8me&nbsp;: \u00abLe financement et la fiscalit\u00e9 locale\u00bb, cette rencontre s\u2019inscrit, selon le ministre, dans la vision du pr\u00e9sident de la R\u00e9publique qui accorde une importance capitale \u00e0 la d\u00e9centralisation, v\u00e9ritable levier de d\u00e9veloppement, et \u00e0 la consolidation de l\u2019autonomie des collectivit\u00e9s territoriales. Un engagement qui, dit-il, se traduit par \u00abl\u2019\u00e9rection de p\u00f4les territoriaux dynamiques et par des r\u00e9formes structurantes visant \u00e0 assurer la viabilit\u00e9 financi\u00e8re de nos collectivit\u00e9s\u00bb. Il rappelle que le financement du d\u00e9veloppement territorial et la r\u00e9forme de la fiscalit\u00e9 locale constituent deux piliers essentiels pour b\u00e2tir des territoires prosp\u00e8res, inclusifs et r\u00e9silients, o\u00f9 chaque citoyen pourra s\u2019\u00e9panouir.<\/p>\n\n\n\n<p>Revenant sur l\u2019importance capitale que rev\u00eat cette 4e journ\u00e9e de concertation qui aborde directement la question des ressources financi\u00e8res des collectivit\u00e9s territoriales, M. Fofana de souligner&nbsp;: \u00abLes collectivit\u00e9s territoriales, garantes de la proximit\u00e9 citoyenne, ont la mission essentielle de r\u00e9pondre aux besoins fondamentaux de leurs habitants. Cela implique la mise en place d\u2019infrastructures vitales, la fourniture de services de base essentiels et la lutte contre les in\u00e9galit\u00e9s persistantes.\u00bb<\/p>\n\n\n\n<p>Cependant, indique le ministre, \u00abces aspirations l\u00e9gitimes ne peuvent se concr\u00e9tiser sans l\u2019apport de ressources financi\u00e8res robustes, p\u00e9rennes et g\u00e9r\u00e9es avec une sagesse exemplaire\u00bb. La rencontre, \u00e0 son avis, \u00aboffre une tribune privil\u00e9gi\u00e9e pour partager des exp\u00e9riences fructueuses, analyser avec lucidit\u00e9 les d\u00e9fis et concevoir des solutions novatrices. L\u2019objectif \u00e9tant d\u2019instaurer une fiscalit\u00e9 locale optimis\u00e9e et mettre en place un financement territorial diversifi\u00e9 et \u00e9quitable, gage d\u2019un avenir prosp\u00e8re pour tous\u00bb.<\/p>\n\n\n\n<p>A cet \u00e9gard, le Muctat a tenu \u00e0 rappeler \u00ables efforts de l\u2019Etat \u00e0 travers l\u2019augmentation des fonds transf\u00e9r\u00e9s aux collectivit\u00e9s territoriales\u00bb. Toutefois, estime-t-il, des efforts restent \u00e0 faire. \u00abNous devons aller plus loin. Des r\u00e9formes sont d\u00e9j\u00e0 en cours et porteront leurs fruits \u00e0 court terme, notamment l\u2019indexation du Fonds de dotation de la d\u00e9centralisation (Fdd), que nous comptons porter de 10 \u00e0 15% de la Tva, une r\u00e9partition plus \u00e9quitable de ce fonds entre les collectivit\u00e9s territoriales\u00bb, plaide le ministre.<\/p>\n\n\n\n<p>Pour le volet fiscalit\u00e9 locale, M. Fofana invite \u00e0 appr\u00e9hender par une meilleure ma\u00eetrise de l\u2019assiette fiscale, un recouvrement efficace et efficient, et une optimisation des recettes. Aussi d\u2019exhorter les concern\u00e9s \u00e0 approfondir les axes de r\u00e9forme autour de quelques probl\u00e9matiques de m\u00e9canismes de financements innovants. Parmi lesquels le \u00abFonds d\u2019appui au d\u00e9veloppement local, les fonds verts pour des projets environnementaux et de r\u00e9silience, les emprunts structur\u00e9s, la Responsabilit\u00e9 soci\u00e9tale d\u2019entreprise (Rse), le financement islamique, la mobilisation de l\u2019\u00e9pargne de la diaspora\u00bb.<\/p>\n\n\n\n<p>Ensemble, les acteurs ont d\u00e9cid\u00e9, autour du Muctat, de transformer \u00ables d\u00e9fis en opportunit\u00e9s, de faire des collectivit\u00e9s des moteurs puissants de croissance inclusive et de justice sociale, pour le bien-\u00eatre des concitoyens\u00bb.<\/p>\n\n\n\n<p><strong>Par Cheikh CAMARA \u2013\u00a0Correspondant LEQUOTIDIEN<\/strong><\/p>\n","protected":false},"excerpt":{"rendered":"<p>Moussa Bala Fofana veut l\u2019institutionnalisation du budget participatif. Le ministre de l\u2019Urbanisme, des collectivit\u00e9s territoriales et de l\u2019am\u00e9nagement des territoires<\/p>\n","protected":false},"author":1,"featured_media":44511,"comment_status":"open","ping_status":"open","sticky":false,"template":"","format":"standard","meta":{"footnotes":""},"categories":[3],"tags":[],"class_list":["post-53060","post","type-post","status-publish","format-standard","has-post-thumbnail","hentry","category-event-more-news"],"_links":{"self":[{"href":"https:\/\/dekkbi.com\/index.php?rest_route=\/wp\/v2\/posts\/53060","targetHints":{"allow":["GET"]}}],"collection":[{"href":"https:\/\/dekkbi.com\/index.php?rest_route=\/wp\/v2\/posts"}],"about":[{"href":"https:\/\/dekkbi.com\/index.php?rest_route=\/wp\/v2\/types\/post"}],"author":[{"embeddable":true,"href":"https:\/\/dekkbi.com\/index.php?rest_route=\/wp\/v2\/users\/1"}],"replies":[{"embeddable":true,"href":"https:\/\/dekkbi.com\/index.php?rest_route=%2Fwp%2Fv2%2Fcomments&post=53060"}],"version-history":[{"count":2,"href":"https:\/\/dekkbi.com\/index.php?rest_route=\/wp\/v2\/posts\/53060\/revisions"}],"predecessor-version":[{"id":53062,"href":"https:\/\/dekkbi.com\/index.php?rest_route=\/wp\/v2\/posts\/53060\/revisions\/53062"}],"wp:featuredmedia":[{"embeddable":true,"href":"https:\/\/dekkbi.com\/index.php?rest_route=\/wp\/v2\/media\/44511"}],"wp:attachment":[{"href":"https:\/\/dekkbi.com\/index.php?rest_route=%2Fwp%2Fv2%2Fmedia&parent=53060"}],"wp:term":[{"taxonomy":"category","embeddable":true,"href":"https:\/\/dekkbi.com\/index.php?rest_route=%2Fwp%2Fv2%2Fcategories&post=53060"},{"taxonomy":"post_tag","embeddable":true,"href":"https:\/\/dekkbi.com\/index.php?rest_route=%2Fwp%2Fv2%2Ftags&post=53060"}],"curies":[{"name":"wp","href":"https:\/\/api.w.org\/{rel}","templated":true}]}}