{"id":5303,"date":"2022-12-27T09:42:49","date_gmt":"2022-12-27T09:42:49","guid":{"rendered":"https:\/\/dekkbi.com\/?p=5303"},"modified":"2022-12-27T09:42:51","modified_gmt":"2022-12-27T09:42:51","slug":"covid-19-reaction-au-rapport-de-la-cour-des-comptes-le-gouvernement-se-deconfine","status":"publish","type":"post","link":"https:\/\/dekkbi.com\/?p=5303","title":{"rendered":"Covid-19 \u2013 R\u00e9action au rapport de la Cour des comptes : Le gouvernement se d\u00e9confine"},"content":{"rendered":"\n<p><a href=\"https:\/\/lequotidien.sn\/author\/aicha\/\"><\/a><strong>Se f\u00e9licitant de ce que la Cour des comptes n\u2019ait rien trouv\u00e9 \u00e0 redire sur l\u2019utilisation de plus de 99% des fonds destin\u00e9s \u00e0 la lutte contre la pand\u00e9mie et ses effets, le gouvernement a soulign\u00e9 que c\u2019est \u00e0 la Cour de prendre des mesures pour saisir la Justice contre les fonctionnaires fautifs.<\/strong><\/p>\n\n\n\n<p>Pour le gouvernement, la pol\u00e9mique n\u2019aurait pas lieu d\u2019\u00eatre en ce qui concerne le rapport de la Cour des comptes sur la gestion des fonds mobilis\u00e9s dans la lutte contre le Covid-19. Les ministres des Finances et du budget, Moustapha Ba, et du Commerce, Abdou Karim Fofana, qui ont fait face \u00e0 la presse, ont voulu ramener le d\u00e9bat \u00e0 de justes proportions.<\/p>\n\n\n\n<p>Diss\u00e9quant le rapport de la Cour des comptes, le ministre des Finances, Mamadou Moustapha Ba, a soulign\u00e9 avec force que la Cour a fait dans son document, \u00ab85 recommandations fort pertinentes, qui seront capitalis\u00e9es et internalis\u00e9es au titre des bonnes pratiques en mati\u00e8re de gouvernance des ressources publiques, dans des situations d\u2019urgence et de crise\u00bb. A c\u00f4t\u00e9 de ces recommandations, certaines concernent des fautes de gestion qui ont \u00e9t\u00e9 relev\u00e9es et demandent que les auteurs fassent l\u2019objet d\u2019instructions judiciaires. Et sur ce point, le gouvernement laisse l\u2019initiative \u00e0 la Cour des comptes.<\/p>\n\n\n\n<p>Moustapha Ba le dit, en soulignant que depuis une trentaine d\u2019ann\u00e9es qu\u2019il est dans l\u2019Administration de l\u2019Etat, il a vu plusieurs fois des fonctionnaires attraits devant la Chambre de discipline financi\u00e8re pour des faits consid\u00e9r\u00e9s comme des fautes de gestion. Pour ce qui est des crimes et d\u00e9lits, le Premier pr\u00e9sident de la Cour des comptes saisira le minist\u00e8re de la Justice. Donc, en fait, pas de quoi fouetter un chat. Ni surtout de quoi limoger un ministre ou l\u2019attraire en Justice, comme le souhaiteraient certains.<\/p>\n\n\n\n<p>D\u2019autant plus que, \u00e0 la lecture du rapport, le gouvernement a not\u00e9 que sur les 1000 milliards de fonds de Force Covid-19, seuls 6 milliards 686 millions 784 mille 410 francs Cfa ont fait l\u2019objet de r\u00e9serves de la part des magistrats de la Cour des comptes. Donc, en valeur relative, 0,4% du montant total. Et cette mauvaise utilisation aurait pour responsables, \u00e0 la lecture du document de la Cour, des haut-fonctionnaires de 9 d\u00e9partements minist\u00e9riels. Il s\u2019agit, entre autres, des directeurs-chefs de service et des Dage en fonction \u00e0 l\u2019\u00e9poque, dans les minist\u00e8res de la Sant\u00e9, de la Microfinance et de l\u2019\u00e9conomie solidaire, des Mines et de la g\u00e9ologie, du D\u00e9veloppement communautaire et de l\u2019\u00e9quit\u00e9 sociale, de la Jeunesse, du Commerce, de la Femme et de la famille, ainsi que ceux de la Culture et de la Communication.<\/p>\n\n\n\n<p>Les faits qui leur sont reproch\u00e9s sont de natures diverses et vont, entre autres, de \u00abd\u00e9faut de justification des d\u00e9penses\u00bb ou d\u2019absence de pi\u00e8ces justificatives\u00bb relatives \u00e0 des d\u00e9penses, \u00e0 \u00abdes paiements sans service fait\u00bb, en passant par des \u00absurfacturations\u00bb pour l\u2019acquisition de certains produits. Sans oublier certains paiements en esp\u00e8ces pour des achats, ce qui est contraire \u00e0 la r\u00e8gle dans l\u2019Administration publique.<\/p>\n\n\n\n<p>Si les ministres ont indiqu\u00e9 que les personnes incrimin\u00e9es, si elles \u00e9taient traduites en Justice, auront tout le loisir de s\u2019expliquer, ils ont quand m\u00eame tenu \u00e0 relever certaines incoh\u00e9rences de la part de la Cour.<\/p>\n\n\n\n<p>Ainsi, Abdou Karim Fofana dont les services avaient \u00e9t\u00e9 cit\u00e9s comme ayant indiqu\u00e9 au minist\u00e8re du D\u00e9veloppement communautaire, de l\u2019\u00e9quit\u00e9 sociale et territoriale, les prix de r\u00e9f\u00e9rence pour l\u2019achat de riz, qui auraient \u00e9t\u00e9 fix\u00e9s par l\u2019arr\u00eat\u00e9 007111 du 22 mai 2013, a tenu \u00e0 relever que de 2013 \u00e0 2020, il n\u2019y a pas eu d\u2019arr\u00eat\u00e9 actualis\u00e9 pour tenir compte de l\u2019\u00e9volution des prix du riz sur le march\u00e9, \u00abparce que les prix n\u2019ont pas connu de hausse spectaculaire, et que le gouvernement avait abandonn\u00e9 la politique d\u2019homologation du prix du riz sur cette p\u00e9riode\u00bb. Pour lui, les magistrats de la Cour auraient pu tenir compte de ces \u00e9l\u00e9ments dans leurs d\u00e9cisions. En tout \u00e9tat de cause, le Dage incrimin\u00e9 pourra certainement apporter pour sa d\u00e9fense, des \u00e9l\u00e9ments devant la Chambre de discipline financi\u00e8re, s\u2019il y \u00e9tait attrait.<\/p>\n\n\n\n<p>Pour remettre les choses dans leur contexte, le ministre des Finances et du budget a tenu \u00e0 rappeler que les 1000 milliards du Fonds Covid-19 dont il est question, \u00e9taient compos\u00e9s de 628 milliards de Cfa tir\u00e9s du Tr\u00e9sor public, tandis que pour 372 milliards, il s\u2019agissait de mesures de renonciations fiscales visant \u00e0 permettre \u00e0 des entreprises priv\u00e9es nationales de pouvoir supporter le choc de la perte de leurs activit\u00e9s \u00e9conomiques et de ne pas mettre la cl\u00e9 sous le paillasson durant la p\u00e9riode du Covid-19. Le fonds Force Covid-19 devait permettre la mise en \u0153uvre du Programme de r\u00e9silience \u00e9conomique et sociale (Pres) en ses 4 axes, \u00e0 savoir le soutien au secteur de la sant\u00e9, le renforcement de la r\u00e9silience de la population et de la coh\u00e9sion sociale, la sauvegarde de la stabilit\u00e9 macro\u00e9conomique et financi\u00e8re, ainsi que la s\u00e9curisation de l\u2019approvisionnement et de la distribution des denr\u00e9es alimentaires, des m\u00e9dicaments et de l\u2019\u00e9nergie.<\/p>\n\n\n\n<p>Moustapha Ba a rappel\u00e9 que le S\u00e9n\u00e9gal avait \u00e9t\u00e9 f\u00e9licit\u00e9 par tous ses partenaires et class\u00e9 au second rang dans sa bonne gestion de la pand\u00e9mie du Covid-19, juste derri\u00e8re la Nouvelle Z\u00e9lande. Mais le temps passe vite\u2026<br><strong>mgueye@lequotidien.sn<\/strong><\/p>\n","protected":false},"excerpt":{"rendered":"<p>Se f\u00e9licitant de ce que la Cour des comptes n\u2019ait rien trouv\u00e9 \u00e0 redire sur l\u2019utilisation de plus de 99%<\/p>\n","protected":false},"author":1,"featured_media":5304,"comment_status":"open","ping_status":"open","sticky":false,"template":"","format":"standard","meta":{"footnotes":""},"categories":[6],"tags":[],"class_list":["post-5303","post","type-post","status-publish","format-standard","has-post-thumbnail","hentry","category-politics"],"_links":{"self":[{"href":"https:\/\/dekkbi.com\/index.php?rest_route=\/wp\/v2\/posts\/5303","targetHints":{"allow":["GET"]}}],"collection":[{"href":"https:\/\/dekkbi.com\/index.php?rest_route=\/wp\/v2\/posts"}],"about":[{"href":"https:\/\/dekkbi.com\/index.php?rest_route=\/wp\/v2\/types\/post"}],"author":[{"embeddable":true,"href":"https:\/\/dekkbi.com\/index.php?rest_route=\/wp\/v2\/users\/1"}],"replies":[{"embeddable":true,"href":"https:\/\/dekkbi.com\/index.php?rest_route=%2Fwp%2Fv2%2Fcomments&post=5303"}],"version-history":[{"count":1,"href":"https:\/\/dekkbi.com\/index.php?rest_route=\/wp\/v2\/posts\/5303\/revisions"}],"predecessor-version":[{"id":5305,"href":"https:\/\/dekkbi.com\/index.php?rest_route=\/wp\/v2\/posts\/5303\/revisions\/5305"}],"wp:featuredmedia":[{"embeddable":true,"href":"https:\/\/dekkbi.com\/index.php?rest_route=\/wp\/v2\/media\/5304"}],"wp:attachment":[{"href":"https:\/\/dekkbi.com\/index.php?rest_route=%2Fwp%2Fv2%2Fmedia&parent=5303"}],"wp:term":[{"taxonomy":"category","embeddable":true,"href":"https:\/\/dekkbi.com\/index.php?rest_route=%2Fwp%2Fv2%2Fcategories&post=5303"},{"taxonomy":"post_tag","embeddable":true,"href":"https:\/\/dekkbi.com\/index.php?rest_route=%2Fwp%2Fv2%2Ftags&post=5303"}],"curies":[{"name":"wp","href":"https:\/\/api.w.org\/{rel}","templated":true}]}}