{"id":53003,"date":"2025-03-06T15:42:02","date_gmt":"2025-03-06T15:42:02","guid":{"rendered":"https:\/\/dekkbi.com\/?p=53003"},"modified":"2025-03-06T15:42:02","modified_gmt":"2025-03-06T15:42:02","slug":"moment-decisif-pour-leurope-et-lukraine-affirme-von-der-leyen-au-sommet-extraordinaire-de-bruxelles","status":"publish","type":"post","link":"https:\/\/dekkbi.com\/?p=53003","title":{"rendered":"\u00abMoment d\u00e9cisif pour l&rsquo;Europe et l&rsquo;Ukraine\u00bb, affirme von der Leyen au sommet extraordinaire de Bruxelles"},"content":{"rendered":"\n<p>Le ton a chang\u00e9, les termes des responsables europ\u00e9ens aussi&nbsp;: \u00ab&nbsp;<em>nouvelle \u00e8re<\/em>&nbsp;\u00bb, \u00ab&nbsp;<em>menace claire<\/em>&nbsp;\u00bb, \u00ab&nbsp;<em>danger imm\u00e9diat<\/em>&nbsp;\u00bb\u2026 Face \u00e0 l&rsquo;offensive russe en Ukraine et au d\u00e9sengagement am\u00e9ricain, les dirigeants europ\u00e9ens sont r\u00e9unis \u00e0 Bruxelles pour un sommet extraordinaire. Le sommet s&rsquo;est ouvert avec les 27 et \u00e9galement en pr\u00e9sence de Volodymyr Zelensky. Le pr\u00e9sident ukrainien, malmen\u00e9 par l&rsquo;administration Trump, vient chercher du soutien aupr\u00e8s des Europ\u00e9ens.<\/p>\n\n\n\n<p><em>De notre envoy\u00e9e sp\u00e9ciale \u00e0 Bruxelles,<\/em>\u00a0<strong>Anastasia Becchio<\/strong> &#8211; SOURCE RFI<\/p>\n\n\n\n<p><strong>Volodymyr Zelensky<\/strong>\u00a0a \u00e9t\u00e9 accueilli chaleureusement par le pr\u00e9sident du Conseil, Antonio Costa et la pr\u00e9sidente de la Commission,\u00a0<strong>Ursula von der Leyen<\/strong>. Poign\u00e9e de main appuy\u00e9e, large sourire,\u00a0<strong>le chef de l&rsquo;\u00c9tat ukrainien vient en ami<\/strong>\u00a0et en tant que pr\u00e9sident d&rsquo;un pays destin\u00e9 \u00e0 rejoindre l\u2019Union europ\u00e9enne, comme l&rsquo;a rappel\u00e9 Antonio Costa.\u00a0<\/p>\n\n\n\n<p>Le pr\u00e9sident ukrainien a remerci\u00e9 les Europ\u00e9ens de ne pas laisser son pays seul face \u00e0 la\u00a0<strong>Russie<\/strong>, apr\u00e8s le gel de l&rsquo;aide militaire am\u00e9ricaine\u00a0:\u00a0\u00ab\u00a0<em>Je tiens tout d\u2019abord \u00e0 remercier tous nos dirigeants europ\u00e9ens, pour ce signal fort de soutien constant qu\u2019ils envoient depuis le d\u00e9but de la guerre, tout au long de cette p\u00e9riode et la semaine derni\u00e8re aussi. Vous \u00eates rest\u00e9s \u00e0 nos c\u00f4t\u00e9s. Nous, Ukrainiens, sommes tr\u00e8s reconnaissants de ne pas \u00eatre seuls. Et ce ne sont pas seulement des mots. Nous le ressentons. C\u2019est tr\u00e8s important que vous ayez envoy\u00e9 un signal fort au peuple ukrainien, aux combattants ukrainiens, aux civils, \u00e0 toutes nos familles. C\u2019est bien que nous ne soyons pas seuls ; nous le ressentons et nous le savons, merci.\u00a0<\/em>\u00bb<\/p>\n\n\n\n<p>\u00ab&nbsp;<em>L&rsquo;Europe doit \u00eatre en mesure de se prot\u00e9ger, de se d\u00e9fendre, tout comme nous devons donner \u00e0 l&rsquo;Ukraine les moyens de se prot\u00e9ger<\/em>&nbsp;\u00bb, a dit, pour sa part, Ursula von der Leyen.&nbsp;<\/p>\n\n\n\n<blockquote class=\"wp-block-quote is-layout-flow wp-block-quote-is-layout-flow\">\n<p>C&rsquo;est un moment d\u00e9cisif pour l&rsquo;Europe et l&rsquo;Ukraine fait partie de notre famille europ\u00e9enne, c&rsquo;est aussi un moment d\u00e9cisif pour l&rsquo;Ukraine. L&rsquo;Europe est confront\u00e9e \u00e0 un danger clair et imm\u00e9diat et doit \u00eatre en mesure de se prot\u00e9ger, de se d\u00e9fendre, tout comme nous devons donner \u00e0 l&rsquo;Ukraine les moyens de se prot\u00e9ger et d&rsquo;oeuvrer en faveur d&rsquo;une paix juste et durable.<\/p>\n<\/blockquote>\n\n\n\n<p>00:56  &#8211; D\u00e9claration d&rsquo;Ursula von der Leyen, pr\u00e9sidente de la Commission europ\u00e9enne, lors du sommet extraordinaire de BruxellesAnastasia Becchio<\/p>\n\n\n\n<p>Apr\u00e8s le d\u00e9jeuner de travail avec Volodymyr Zelensky, les 27 doivent \u00e9tudier le plan de la Commission pour r\u00e9armer l&rsquo;Europe, qui vise \u00e0 mobiliser quelque 800 milliards d&rsquo;euros. La question d&rsquo;une aide suppl\u00e9mentaire accord\u00e9e \u00e0 l&rsquo;Ukraine doit aussi \u00eatre abord\u00e9e. Le chancelier sortant allemand\u00a0<strong>Olaf Scholz<\/strong>\u00a0a\u00a0plaid\u00e9 pour une paix juste et \u00e9quitable, qui garantisse la souverainet\u00e9 et l&rsquo;ind\u00e9pendance de l&rsquo;<strong>Ukraine<\/strong>. L&rsquo;Allemagne envisage d\u00e9sormais des investissements massifs pour renforcer son arm\u00e9e. Jusqu&rsquo;ici ap\u00f4tre d&rsquo;une stricte orthodoxie budg\u00e9taire, elle plaide d\u00e9sormais,\u00a0<strong>par la voix de Friedrich Merz<\/strong>\u00a0pour un all\u00e8gement du \u00ab corset budg\u00e9taire \u00bb de l&rsquo;UE.<\/p>\n\n\n\n<p>Mais d&rsquo;autres pays, comme la\u00a0<strong>Hongrie, sont r\u00e9ticents<\/strong>\u00a0\u00e0 continuer \u00e0 transf\u00e9rer davantage d&rsquo;armes \u00e0 l&rsquo;Ukraine. Depuis son d\u00eener \u00e0 l&rsquo;\u00c9lys\u00e9e, ce mercredi 5 mars au soir, Viktor Orban n&rsquo;a pas fait de d\u00e9claration publique, tout comme Emmanuel Macron, qui est directement all\u00e9 s\u2019entretenir avec Volodymyr Zelensky au Conseil.\u00a0<\/p>\n","protected":false},"excerpt":{"rendered":"<p>Le ton a chang\u00e9, les termes des responsables europ\u00e9ens aussi&nbsp;: \u00ab&nbsp;nouvelle \u00e8re&nbsp;\u00bb, \u00ab&nbsp;menace claire&nbsp;\u00bb, \u00ab&nbsp;danger imm\u00e9diat&nbsp;\u00bb\u2026 Face \u00e0 l&rsquo;offensive russe<\/p>\n","protected":false},"author":1,"featured_media":53004,"comment_status":"open","ping_status":"open","sticky":false,"template":"","format":"standard","meta":{"footnotes":""},"categories":[51],"tags":[],"class_list":["post-53003","post","type-post","status-publish","format-standard","has-post-thumbnail","hentry","category-general"],"_links":{"self":[{"href":"https:\/\/dekkbi.com\/index.php?rest_route=\/wp\/v2\/posts\/53003","targetHints":{"allow":["GET"]}}],"collection":[{"href":"https:\/\/dekkbi.com\/index.php?rest_route=\/wp\/v2\/posts"}],"about":[{"href":"https:\/\/dekkbi.com\/index.php?rest_route=\/wp\/v2\/types\/post"}],"author":[{"embeddable":true,"href":"https:\/\/dekkbi.com\/index.php?rest_route=\/wp\/v2\/users\/1"}],"replies":[{"embeddable":true,"href":"https:\/\/dekkbi.com\/index.php?rest_route=%2Fwp%2Fv2%2Fcomments&post=53003"}],"version-history":[{"count":1,"href":"https:\/\/dekkbi.com\/index.php?rest_route=\/wp\/v2\/posts\/53003\/revisions"}],"predecessor-version":[{"id":53005,"href":"https:\/\/dekkbi.com\/index.php?rest_route=\/wp\/v2\/posts\/53003\/revisions\/53005"}],"wp:featuredmedia":[{"embeddable":true,"href":"https:\/\/dekkbi.com\/index.php?rest_route=\/wp\/v2\/media\/53004"}],"wp:attachment":[{"href":"https:\/\/dekkbi.com\/index.php?rest_route=%2Fwp%2Fv2%2Fmedia&parent=53003"}],"wp:term":[{"taxonomy":"category","embeddable":true,"href":"https:\/\/dekkbi.com\/index.php?rest_route=%2Fwp%2Fv2%2Fcategories&post=53003"},{"taxonomy":"post_tag","embeddable":true,"href":"https:\/\/dekkbi.com\/index.php?rest_route=%2Fwp%2Fv2%2Ftags&post=53003"}],"curies":[{"name":"wp","href":"https:\/\/api.w.org\/{rel}","templated":true}]}}