{"id":52986,"date":"2025-03-06T14:50:55","date_gmt":"2025-03-06T14:50:55","guid":{"rendered":"https:\/\/dekkbi.com\/?p=52986"},"modified":"2025-03-06T14:58:28","modified_gmt":"2025-03-06T14:58:28","slug":"abbe-roger-gomis-archidiocese-de-dakar-sur-le-message-du-pape-francois-pour-le-careme-2025-marcher-ensemble-dans-lesperance","status":"publish","type":"post","link":"https:\/\/dekkbi.com\/?p=52986","title":{"rendered":"Abbe Roger Gomis sur le Car\u00eame 2025 : \u00abMarcher ensemble dans l\u2019esp\u00e9rance\u00bb"},"content":{"rendered":"\n<p><strong>A l\u2019instar du reste du monde, les fid\u00e8les chr\u00e9tiens du S\u00e9n\u00e9gal entament le Car\u00eame 2025, ce mercredi. Apr\u00e8s la premi\u00e8re \u00e9dition de la rubrique \u00abL<em>a Marche vers P\u00e2ques\u00bb<\/em>&nbsp;qui a tenu toutes ses promesses (durant le Car\u00eame 2024), avec deux interventions de pr\u00eatres (dans les \u00e9ditions de mercredi et samedi de Sud Quotidien) par semaine sur un th\u00e8me du Car\u00eame, la&nbsp;2<sup>\u00e8me<\/sup>&nbsp;\u00e9dition, qui co\u00efncide avec l\u2019ann\u00e9e jubilaire, d\u00e9marre ce mercredi 05 mars, avec un enseignement fait par Abb\u00e9 Roger Gomis de l\u2019Archidioc\u00e8se de Dakar, par ailleurs secr\u00e9taire g\u00e9n\u00e9ral de l\u2019Union des Clerg\u00e9s du S\u00e9n\u00e9gal. Pour ce d\u00e9but du Car\u00eame, marqu\u00e9 par l\u2019imposition des cendres, le&nbsp;religieux revient sur le message du Pape Fran\u00e7ois qui invite les chr\u00e9tiens \u00e0&nbsp;<em>\u00abmarcher ensemble dans l\u2019esp\u00e9rance\u00bb<\/em>. Un th\u00e8me qui s\u2019inscrit, selon&nbsp;abb\u00e9 Roger, dans la dynamique du Jubil\u00e9 et qui fait \u00e9cho aux grands parcours de foi de l\u2019histoire biblique. Enseignement&nbsp;!&nbsp;<\/strong><\/p>\n\n\n\n<p><strong>&nbsp;<\/strong>Le temps du Car\u00eame s\u2019ouvre devant nous, trois jours apr\u00e8s que nos fr\u00e8res musulmans ont commenc\u00e9 le mois sacr\u00e9 du Ramadan. Cette co\u00efncidence, loin d\u2019\u00eatre anodine, nous rappelle que nous sommes tous en qu\u00eate de purification, de renouveau et d\u2019une relation plus profonde avec Dieu, a d\u2019embl\u00e9e relev\u00e9 Abb\u00e9 Roger Gomis. Dans son message pour ce Car\u00eame 2025, le Pape Fran\u00e7ois nous invite \u00e0&nbsp;<em>\u201cmarcher ensemble dans l\u2019esp\u00e9rance\u201d<\/em>. Il nous propose une r\u00e9flexion en trois \u00e9tapes : marcher, marcher ensemble et marcher dans l\u2019esp\u00e9rance. Ces trois dimensions sont un appel \u00e0 la conversion, \u00e0 la fraternit\u00e9 et \u00e0 la confiance en la promesse divine.<\/p>\n\n\n\n<p><strong>&nbsp;<\/strong><strong>MARCHER : UN PELERINAGE INTERIEUR VERS DIEU<\/strong><\/p>\n\n\n\n<p>Le Car\u00eame est un chemin, un p\u00e8lerinage spirituel qui nous pousse \u00e0 sortir de nos routines et de nos certitudes pour avancer vers Dieu.&nbsp;<em>\u201cUn premier appel \u00e0 la conversion appara\u00eet ici, car, dans la vie, nous sommes tous des p\u00e8lerins\u201d<\/em>, rappelle le Pape. \u00c0 l\u2019image du peuple d\u2019Isra\u00ebl quittant l\u2019\u00c9gypte pour la Terre promise, nous sommes appel\u00e9s \u00e0 abandonner ce qui nous enferme \u2013 nos p\u00e9ch\u00e9s, nos \u00e9go\u00efsmes, nos peurs \u2013 pour entrer dans la vraie libert\u00e9 des enfants de Dieu.<\/p>\n\n\n\n<p>Mais cette marche ne va pas sans effort. Comme les H\u00e9breux traversant le d\u00e9sert, nous sommes parfois tent\u00e9s de faire demi-tour, de nous accrocher \u00e0 nos s\u00e9curit\u00e9s plut\u00f4t que d\u2019avancer dans la foi. Le Pape nous interroge :&nbsp;<em>\u201cSuis-je vraiment en chemin ou bien suis-je statique, paralys\u00e9 par la peur et le manque d\u2019esp\u00e9rance ?\u201d<\/em>&nbsp;Cette question nous invite \u00e0 un examen de conscience profond : sommes-nous des chr\u00e9tiens en marche, anim\u00e9s par le d\u00e9sir de grandir spirituellement, ou restons-nous bloqu\u00e9s dans une foi ti\u00e8de et conformiste ?<\/p>\n\n\n\n<p><strong>MARCHER ENSEMBLE : UN APPEL A LA FRATERNITE<\/strong><\/p>\n\n\n\n<p>Mais marcher ne suffit pas. Il faut marcher ensemble. L\u2019\u00c9glise, nous rappelle le Pape, est une communaut\u00e9 synodale, c\u2019est-\u00e0-dire un peuple en route, uni par la foi et la charit\u00e9.&nbsp;<em>\u201cMarcher ensemble, \u00eatre synodal, telle est la vocation de l\u2019\u00c9glise\u201d,<\/em>&nbsp;affirme-t-il. Cela signifie que nous devons apprendre \u00e0 \u00e9couter, \u00e0 accompagner et \u00e0 soutenir ceux qui nous entourent.<\/p>\n\n\n\n<p>Notre foi ne peut pas \u00eatre individualiste. Le Car\u00eame nous pousse \u00e0 \u00e9largir notre regard : sommes-nous attentifs aux autres ? Acceptons-nous de cheminer avec ceux qui sont diff\u00e9rents, de partager leurs joies et leurs peines ? Dans notre contexte s\u00e9n\u00e9galais, o\u00f9 chr\u00e9tiens et musulmans cohabitent en harmonie, cette invitation prend tout son sens. L\u2019esprit de dialogue et de respect mutuel doit \u00eatre un t\u00e9moignage vivant de notre engagement \u00e0 b\u00e2tir une soci\u00e9t\u00e9 fraternelle.<\/p>\n\n\n\n<p>Le Pape nous met aussi en garde contre certaines attitudes qui entravent cette marche commune :&nbsp;<em>\u201cAllons dans la m\u00eame direction, vers le m\u00eame but, en nous \u00e9coutant les uns les autres avec amour et patience, sans pi\u00e9tiner ni dominer l\u2019autre, sans nourrir d\u2019envies ni d\u2019hypocrisies\u201d.<\/em>&nbsp;Ces paroles nous rappellent que la conversion ne concerne pas seulement notre relation avec Dieu, mais aussi notre mani\u00e8re d\u2019\u00eatre avec les autres.<\/p>\n\n\n\n<p><strong>MARCHER DANS L\u2019ESPERANCE : LA CERTITUDE DE LA VICTOIRE PASCALE<\/strong><\/p>\n\n\n\n<p>Enfin, cette marche a un but : P\u00e2ques, la victoire du Christ sur la mort. Le Car\u00eame ne doit pas \u00eatre v\u00e9cu comme un temps de privation st\u00e9rile, mais comme un chemin qui nous conduit vers la lumi\u00e8re du Ressuscit\u00e9.&nbsp;<em>\u201cQue l\u2019esp\u00e9rance qui ne d\u00e9\u00e7oit pas, soit pour nous l\u2019horizon du chemin de Car\u00eame vers la victoire de P\u00e2ques\u201d<\/em>, nous exhorte le Pape.<\/p>\n\n\n\n<p>Dans un monde marqu\u00e9 par l\u2019incertitude, la violence et les \u00e9preuves, il est facile de c\u00e9der au d\u00e9couragement. Mais notre foi nous rappelle que rien ne pourra nous s\u00e9parer de l\u2019amour de Dieu qui est en J\u00e9sus-Christ (Rm 8, 39). Le Pape nous invite \u00e0 nous poser une question essentielle :&nbsp;<em>\u201cAi-je la conviction que Dieu pardonne mes p\u00e9ch\u00e9s ? Ou bien est-ce que j\u2019agis comme si je pouvais me sauver moi-m\u00eame ?\u201d<\/em><\/p>\n\n\n\n<p>Cette esp\u00e9rance n\u2019est pas passive. Elle doit nous pousser \u00e0 l\u2019action, \u00e0 un engagement concret pour la justice, la paix et le soin de ceux qui souffrent. Comme le souligne le Pape,&nbsp;<em>\u201cnous devons nous demander : est-ce que je vis concr\u00e8tement l\u2019esp\u00e9rance qui m\u2019aide \u00e0 lire les \u00e9v\u00e9nements de l\u2019histoire et qui me pousse \u00e0 m\u2019engager pour la justice, la fraternit\u00e9, le soin de la maison commune ?\u201d<\/em><\/p>\n\n\n\n<p><strong>UNE INVITATION A UN TEMOIGNAGE COMMUN<\/strong><\/p>\n\n\n\n<p>Cette ann\u00e9e, la co\u00efncidence entre le Car\u00eame et le Ramadan nous offre une occasion unique de dialogue et de fraternit\u00e9. Deux grandes traditions religieuses, unies dans le je\u00fbne, la pri\u00e8re et le partage, t\u00e9moignent ensemble d\u2019une humanit\u00e9 en qu\u00eate de sens et de transcendance. Le Pape nous invite \u00e0 d\u00e9passer nos diff\u00e9rences pour b\u00e2tir ensemble un monde o\u00f9 r\u00e8gnent la paix et la solidarit\u00e9.<\/p>\n\n\n\n<p><em>\u201cCe serait un bon exercice de Car\u00eame que de nous confronter \u00e0 la r\u00e9alit\u00e9 concr\u00e8te d\u2019un migrant ou d\u2019un p\u00e8lerin, et de nous laisser toucher de mani\u00e8re \u00e0 d\u00e9couvrir ce que Dieu nous demande\u201d,<\/em>&nbsp;\u00e9crit-il. Cette parole r\u00e9sonne particuli\u00e8rement dans notre soci\u00e9t\u00e9 o\u00f9 tant de personnes aspirent \u00e0 une vie meilleure. Sommes-nous capables de les accueillir, de marcher avec eux ?<\/p>\n\n\n\n<p><strong>SOUS LE REGARD DE MARIE, MERE DE L\u2019ESPERANCE<\/strong><\/p>\n\n\n\n<p>Dans cette marche vers P\u00e2ques, nous ne sommes pas seuls. Marie, M\u00e8re de l\u2019Esp\u00e9rance, nous accompagne et nous guide. Le Pape nous rappelle cette magnifique pri\u00e8re de sainte Th\u00e9r\u00e8se d\u2019Avila :&nbsp;<em>\u201cEsp\u00e8re, \u00f4 mon \u00e2me, esp\u00e8re. Tu ignores le jour et l\u2019heure. Veille soigneusement, tout passe avec rapidit\u00e9 quoique ton impatience rende douteux ce qui est certain\u201d.<\/em><\/p>\n\n\n\n<p>Que ce Car\u00eame soit pour chacun de nous un temps de gr\u00e2ce, un v\u00e9ritable chemin de conversion et de renouveau. Que nous puissions, \u00e0 travers notre pri\u00e8re, notre partage et notre fraternit\u00e9, avancer ensemble vers la lumi\u00e8re de P\u00e2ques, remplis de la certitude que&nbsp;<em>\u201cl\u2019esp\u00e9rance est l\u2019ancre de l\u2019\u00e2me, s\u00fbre et ind\u00e9fectible\u201d<\/em>&nbsp;(Hb 6, 19). Que le Seigneur b\u00e9nisse notre marche et nous garde dans son amour !<\/p>\n\n\n\n<p><strong>R\u00e9alis\u00e9e par Denise ZAROUR MEDANG \u00a0<\/strong><br>SUDQUOTIDIEN<\/p>\n","protected":false},"excerpt":{"rendered":"<p>A l\u2019instar du reste du monde, les fid\u00e8les chr\u00e9tiens du S\u00e9n\u00e9gal entament le Car\u00eame 2025, ce mercredi. Apr\u00e8s la premi\u00e8re<\/p>\n","protected":false},"author":1,"featured_media":32542,"comment_status":"open","ping_status":"open","sticky":false,"template":"","format":"standard","meta":{"footnotes":""},"categories":[26],"tags":[],"class_list":["post-52986","post","type-post","status-publish","format-standard","has-post-thumbnail","hentry","category-fait-divers"],"_links":{"self":[{"href":"https:\/\/dekkbi.com\/index.php?rest_route=\/wp\/v2\/posts\/52986","targetHints":{"allow":["GET"]}}],"collection":[{"href":"https:\/\/dekkbi.com\/index.php?rest_route=\/wp\/v2\/posts"}],"about":[{"href":"https:\/\/dekkbi.com\/index.php?rest_route=\/wp\/v2\/types\/post"}],"author":[{"embeddable":true,"href":"https:\/\/dekkbi.com\/index.php?rest_route=\/wp\/v2\/users\/1"}],"replies":[{"embeddable":true,"href":"https:\/\/dekkbi.com\/index.php?rest_route=%2Fwp%2Fv2%2Fcomments&post=52986"}],"version-history":[{"count":3,"href":"https:\/\/dekkbi.com\/index.php?rest_route=\/wp\/v2\/posts\/52986\/revisions"}],"predecessor-version":[{"id":52991,"href":"https:\/\/dekkbi.com\/index.php?rest_route=\/wp\/v2\/posts\/52986\/revisions\/52991"}],"wp:featuredmedia":[{"embeddable":true,"href":"https:\/\/dekkbi.com\/index.php?rest_route=\/wp\/v2\/media\/32542"}],"wp:attachment":[{"href":"https:\/\/dekkbi.com\/index.php?rest_route=%2Fwp%2Fv2%2Fmedia&parent=52986"}],"wp:term":[{"taxonomy":"category","embeddable":true,"href":"https:\/\/dekkbi.com\/index.php?rest_route=%2Fwp%2Fv2%2Fcategories&post=52986"},{"taxonomy":"post_tag","embeddable":true,"href":"https:\/\/dekkbi.com\/index.php?rest_route=%2Fwp%2Fv2%2Ftags&post=52986"}],"curies":[{"name":"wp","href":"https:\/\/api.w.org\/{rel}","templated":true}]}}