{"id":52968,"date":"2025-03-06T13:47:05","date_gmt":"2025-03-06T13:47:05","guid":{"rendered":"https:\/\/dekkbi.com\/?p=52968"},"modified":"2025-03-06T13:47:06","modified_gmt":"2025-03-06T13:47:06","slug":"ousmane-sonko-annonce-un-pacte-national-de-stabilite-sociale-dici-mai-2025","status":"publish","type":"post","link":"https:\/\/dekkbi.com\/?p=52968","title":{"rendered":"Ousmane Sonko annonce un pacte national de stabilit\u00e9 sociale, d\u2019ici mai 2025"},"content":{"rendered":"\n<p>Lors du Conseil des ministres hier, mercredi 5 mars, le Premier ministre Ousmane Sonko a annonc\u00e9 un pacte national de stabilit\u00e9 sociale \u00e0 mettre en place d\u2019ici le 1er mai 2025. Cela s&rsquo;inscrit dans le cadre du dialogue avec les organisations syndicales et le patronat.<\/p>\n\n\n\n<p>\u00ab&nbsp;<em>Le Premier Ministre a rappel\u00e9 l\u2019urgence attach\u00e9e \u00e0 un dialogue social inclusif et sinc\u00e8re, en vue de la conclusion d\u2019un Pacte national de stabilit\u00e9 sociale, au plus tard le 1er mai 2025, avec l\u2019objectif de parvenir \u00e0 des d\u00e9cisions \u00e9quilibr\u00e9es, pour r\u00e9pondre aux revendications tout en prenant en compte la situation \u00e9conomique et financi\u00e8re du pays<\/em>&nbsp;\u00bb, indique le communiqu\u00e9 du Conseil des ministres, relate \u00ab\u00a0Sud Quotidien\u00a0\u00bb.<\/p>\n\n\n\n<p>Selon le Premier ministre, les discussions inclusives se poursuivront jusqu\u2019au 2 avril prochain, pour aboutir \u00e0 un consensus national. \u00ab&nbsp;<em>Dans cette perspective, le Premier Ministre a donn\u00e9 les orientations n\u00e9cessaires au Ministre en charge du Travail, en relation avec le Ministre en charge de la Fonction publique et le Ministre des Finances et du Budget, en vue de la mise en \u0153uvre des diligences requises pour le strict respect du calendrier fix\u00e9 pour le d\u00e9marrage des n\u00e9gociations, au plus tard le 2 avril 2025<\/em>&nbsp;\u00bb, ajoute la note. Mais entre-temps, des instructions sont donn\u00e9es aux membres du gouvernement concern\u00e9s, pour \u00ab&nbsp;<em>acc\u00e9l\u00e9rer et finaliser, dans les plus brefs d\u00e9lais, les actions aff\u00e9rentes \u00e0 certaines pr\u00e9occupations ressorties de la rencontre tripartite&nbsp;<\/em>\u00bb.<\/p>\n\n\n\n<p>\u00ab&nbsp;<em>Il s\u2019agit, notamment, de la liquidation des points de revendications pouvant faire l\u2019objet de mise en \u0153uvre imm\u00e9diate, du chantier de l\u2019\u00e9quit\u00e9 salariale, de la seconde phase des mesures de r\u00e9duction du co\u00fbt de la vie sans impact budg\u00e9taire, du programme r\u00e9nov\u00e9 de construction de logements sociaux, de la relance des activit\u00e9s \u00e9conomiques, en particulier dans le secteur des b\u00e2timents et travaux publics, ainsi que de l\u2019ach\u00e8vement des anciens chantiers de construction d\u2019\u00e9coles, d\u2019universit\u00e9s et d\u2019h\u00f4pitaux et du d\u00e9marrage des nouveaux chantiers. Il a renouvel\u00e9 ses fermes instructions pour le paiement \u00e0 temps des salaires, primes, bourses et sommes dues aux gestionnaires des restaurants universitaires&nbsp;<\/em>\u00bb, rappelle le communiqu\u00e9.<\/p>\n\n\n\n<p>Mame Fatou K\u00e9b\u00e9<\/p>\n\n\n\n<p>LERAL<\/p>\n","protected":false},"excerpt":{"rendered":"<p>Lors du Conseil des ministres hier, mercredi 5 mars, le Premier ministre Ousmane Sonko a annonc\u00e9 un pacte national de<\/p>\n","protected":false},"author":1,"featured_media":52180,"comment_status":"open","ping_status":"open","sticky":false,"template":"","format":"standard","meta":{"footnotes":""},"categories":[21],"tags":[],"class_list":["post-52968","post","type-post","status-publish","format-standard","has-post-thumbnail","hentry","category-societe"],"_links":{"self":[{"href":"https:\/\/dekkbi.com\/index.php?rest_route=\/wp\/v2\/posts\/52968","targetHints":{"allow":["GET"]}}],"collection":[{"href":"https:\/\/dekkbi.com\/index.php?rest_route=\/wp\/v2\/posts"}],"about":[{"href":"https:\/\/dekkbi.com\/index.php?rest_route=\/wp\/v2\/types\/post"}],"author":[{"embeddable":true,"href":"https:\/\/dekkbi.com\/index.php?rest_route=\/wp\/v2\/users\/1"}],"replies":[{"embeddable":true,"href":"https:\/\/dekkbi.com\/index.php?rest_route=%2Fwp%2Fv2%2Fcomments&post=52968"}],"version-history":[{"count":1,"href":"https:\/\/dekkbi.com\/index.php?rest_route=\/wp\/v2\/posts\/52968\/revisions"}],"predecessor-version":[{"id":52969,"href":"https:\/\/dekkbi.com\/index.php?rest_route=\/wp\/v2\/posts\/52968\/revisions\/52969"}],"wp:featuredmedia":[{"embeddable":true,"href":"https:\/\/dekkbi.com\/index.php?rest_route=\/wp\/v2\/media\/52180"}],"wp:attachment":[{"href":"https:\/\/dekkbi.com\/index.php?rest_route=%2Fwp%2Fv2%2Fmedia&parent=52968"}],"wp:term":[{"taxonomy":"category","embeddable":true,"href":"https:\/\/dekkbi.com\/index.php?rest_route=%2Fwp%2Fv2%2Fcategories&post=52968"},{"taxonomy":"post_tag","embeddable":true,"href":"https:\/\/dekkbi.com\/index.php?rest_route=%2Fwp%2Fv2%2Ftags&post=52968"}],"curies":[{"name":"wp","href":"https:\/\/api.w.org\/{rel}","templated":true}]}}