{"id":52966,"date":"2025-03-06T13:45:29","date_gmt":"2025-03-06T13:45:29","guid":{"rendered":"https:\/\/dekkbi.com\/?p=52966"},"modified":"2025-03-06T15:39:13","modified_gmt":"2025-03-06T15:39:13","slug":"autonomisation-des-femmes-le-chef-de-letat-insiste-sur-lurgence-de-finaliser-le-projet-de-loi","status":"publish","type":"post","link":"https:\/\/dekkbi.com\/?p=52966","title":{"rendered":"Autonomisation des femmes: le chef de l\u2019\u00c9tat Bassirou Diomaye Faye insiste sur l\u2019urgence de finaliser le projet de loi"},"content":{"rendered":"\n<p><strong>Le pr\u00e9sident de la R\u00e9publique a rappel\u00e9, mercredi, en Conseil des ministres, l\u2019urgence de finaliser le projet de loi relatif \u00e0 l\u2019autonomisation \u00e9conomique des femmes.<\/strong><\/p>\n\n\n\n<p>\u00ab Ce nouveau cadre l\u00e9gislatif innovant permettra d\u2019\u00e9largir et de mutualiser les opportunit\u00e9s et les possibilit\u00e9s de formation, d\u2019encadrement et de financement des activit\u00e9s des femmes \u00bb, indique notamment le communiqu\u00e9 de la r\u00e9union hebdomadaire du gouvernement.<\/p>\n\n\n\n<p>D\u2019apr\u00e8s le texte, Bassirou Diomaye Faye a invit\u00e9 le ministre de la Famille et des Solidarit\u00e9s \u00e0 prendre les mesures n\u00e9cessaires pour finaliser cette loi, qui facilitera notamment l\u2019ancrage national de l\u2019\u00e9conomie sociale et solidaire ainsi que le d\u00e9veloppement communautaire dans toutes les localit\u00e9s du pays.<\/p>\n\n\n\n<p>\u00c0 ce titre, souligne le document, il est indispensable d\u2019actualiser le recensement des groupements et organisations f\u00e9minines dans les 46 d\u00e9partements.<\/p>\n\n\n\n<p>Cette op\u00e9ration permettra au gouvernement de disposer d\u2019une cartographie exhaustive et d\u2019un syst\u00e8me d\u2019information fiable et performant, afin de mieux orienter les interventions de l\u2019\u00c9tat envers les populations cibl\u00e9es.<\/p>\n\n\n\n<p>Au cours du Conseil des ministres, le pr\u00e9sident Faye a \u00e9galement \u00e9voqu\u00e9 la c\u00e9l\u00e9bration, samedi prochain, de la Journ\u00e9e internationale des droits des femmes. Il a ainsi demand\u00e9 au ministre de la Famille et des Solidarit\u00e9s de poursuivre et d\u2019intensifier le plaidoyer en faveur de la lutte contre les violences faites aux femmes.<\/p>\n\n\n\n<p>Le chef de l\u2019\u00c9tat a, en outre, soulign\u00e9 le r\u00f4le fondamental des femmes dans le d\u00e9veloppement \u00e9conomique et social du S\u00e9n\u00e9gal. Il a salu\u00e9 l\u2019organisation de la Semaine nationale de la femme, lanc\u00e9e samedi \u00e0 Thi\u00e8s, sous le th\u00e8me : \u00ab Les femmes, droits \u2013 \u00e9quit\u00e9 et autonomisation au c\u0153ur de la vision S\u00e9n\u00e9gal 2050 : les femmes s\u2019engagent et mobilisent les communaut\u00e9s \u00bb.<\/p>\n\n\n\n<p>SOURCE LESOLEIL<\/p>\n","protected":false},"excerpt":{"rendered":"<p>Le pr\u00e9sident de la R\u00e9publique a rappel\u00e9, mercredi, en Conseil des ministres, l\u2019urgence de finaliser le projet de loi relatif<\/p>\n","protected":false},"author":1,"featured_media":10761,"comment_status":"open","ping_status":"open","sticky":false,"template":"","format":"standard","meta":{"footnotes":""},"categories":[3],"tags":[],"class_list":["post-52966","post","type-post","status-publish","format-standard","has-post-thumbnail","hentry","category-event-more-news"],"_links":{"self":[{"href":"https:\/\/dekkbi.com\/index.php?rest_route=\/wp\/v2\/posts\/52966","targetHints":{"allow":["GET"]}}],"collection":[{"href":"https:\/\/dekkbi.com\/index.php?rest_route=\/wp\/v2\/posts"}],"about":[{"href":"https:\/\/dekkbi.com\/index.php?rest_route=\/wp\/v2\/types\/post"}],"author":[{"embeddable":true,"href":"https:\/\/dekkbi.com\/index.php?rest_route=\/wp\/v2\/users\/1"}],"replies":[{"embeddable":true,"href":"https:\/\/dekkbi.com\/index.php?rest_route=%2Fwp%2Fv2%2Fcomments&post=52966"}],"version-history":[{"count":2,"href":"https:\/\/dekkbi.com\/index.php?rest_route=\/wp\/v2\/posts\/52966\/revisions"}],"predecessor-version":[{"id":53002,"href":"https:\/\/dekkbi.com\/index.php?rest_route=\/wp\/v2\/posts\/52966\/revisions\/53002"}],"wp:featuredmedia":[{"embeddable":true,"href":"https:\/\/dekkbi.com\/index.php?rest_route=\/wp\/v2\/media\/10761"}],"wp:attachment":[{"href":"https:\/\/dekkbi.com\/index.php?rest_route=%2Fwp%2Fv2%2Fmedia&parent=52966"}],"wp:term":[{"taxonomy":"category","embeddable":true,"href":"https:\/\/dekkbi.com\/index.php?rest_route=%2Fwp%2Fv2%2Fcategories&post=52966"},{"taxonomy":"post_tag","embeddable":true,"href":"https:\/\/dekkbi.com\/index.php?rest_route=%2Fwp%2Fv2%2Ftags&post=52966"}],"curies":[{"name":"wp","href":"https:\/\/api.w.org\/{rel}","templated":true}]}}