{"id":52920,"date":"2025-03-05T12:34:57","date_gmt":"2025-03-05T12:34:57","guid":{"rendered":"https:\/\/dekkbi.com\/?p=52920"},"modified":"2025-03-05T12:34:57","modified_gmt":"2025-03-05T12:34:57","slug":"debut-du-careme-les-chretiens-entament-leur-marche-vers-paques","status":"publish","type":"post","link":"https:\/\/dekkbi.com\/?p=52920","title":{"rendered":"D\u00c9BUT DU CAR\u00caME &#8211; Les chr\u00e9tiens entament leur marche vers P\u00e2ques"},"content":{"rendered":"\n<p><strong>Le car\u00eame chr\u00e9tien d\u00e9bute aujourd\u2019hui jusqu\u2019au dimanche 20 avril, avec le traditionnel c\u00e9r\u00e9monial de distribution des cendres, commun\u00e9ment appel\u00e9 \u00abMercredi des cendres\u00bb.<\/strong><\/p>\n\n\n\n<p>Les chr\u00e9tiens qui prendront part aux c\u00e9l\u00e9brations eucharistiques du jour se verront enduire sur le front une Croix de la cendre accompagn\u00e9e des d\u00e9clarations du pr\u00eatre affirmant \u00abConvertis-toi et crois \u00e0 la Bonne Nouvelle\u00bb (cf Marc 1, 15), \u00abTu es poussi\u00e8re et tu retourneras poussi\u00e8re\u00bb (cf. Gen\u00e8se 3, 19). Les cendres que le pr\u00eatre impose sur le front du fid\u00e8le chr\u00e9tien repr\u00e9sentent \u00e0 la fois le p\u00e9ch\u00e9 et la fragilit\u00e9 de l\u2019Homme dans ce bas monde.<\/p>\n\n\n\n<p>Ce signe a pour origine le rite antique au cours duquel les p\u00e9cheurs convertis se soumettaient \u00e0 la p\u00e9nitence canonique. Ce geste consistant \u00e0 se couvrir de cendres signifie la reconnaissance de la fragilit\u00e9 et de la condition mortelle de l\u2019Homme. Ce dernier ressent le besoin de se tourner vers la mis\u00e9ricorde de Dieu pour obtenir de lui le salut. Le rite d\u2019imposition des cendres est alors une d\u00e9marche de p\u00e9nitence qui ouvre le temps du Car\u00eame. Il invite chaque chr\u00e9tien \u00e0 changer ses habitudes pour prendre la route de l\u2019\u00c9vangile et, particuli\u00e8rement, celle de la mis\u00e9ricorde.<\/p>\n\n\n\n<p>Le Mercredi des cendres est une journ\u00e9e de p\u00e9nitence et de je\u00fbne \u00e0 laquelle participe toute l\u2019\u00c9glise qui demande \u00e0 son peuple \u00e0 se tourner vers Dieu, et cela pendant 40 jours. Durant le temps de car\u00eame, l\u2019\u00c9glise appelle ses fid\u00e8les \u00e0 la pri\u00e8re et \u00e0 la p\u00e9nitence pour mieux pr\u00e9parer la R\u00e9surrection de J\u00e9sus-Christ. Saint temps de car\u00eame \u00e0 tous !<\/p>\n\n\n\n<p><strong>Eug\u00e8ne KALY<\/strong><\/p>\n","protected":false},"excerpt":{"rendered":"<p>Le car\u00eame chr\u00e9tien d\u00e9bute aujourd\u2019hui jusqu\u2019au dimanche 20 avril, avec le traditionnel c\u00e9r\u00e9monial de distribution des cendres, commun\u00e9ment appel\u00e9 \u00abMercredi<\/p>\n","protected":false},"author":1,"featured_media":31096,"comment_status":"open","ping_status":"open","sticky":false,"template":"","format":"standard","meta":{"footnotes":""},"categories":[21],"tags":[],"class_list":["post-52920","post","type-post","status-publish","format-standard","has-post-thumbnail","hentry","category-societe"],"_links":{"self":[{"href":"https:\/\/dekkbi.com\/index.php?rest_route=\/wp\/v2\/posts\/52920","targetHints":{"allow":["GET"]}}],"collection":[{"href":"https:\/\/dekkbi.com\/index.php?rest_route=\/wp\/v2\/posts"}],"about":[{"href":"https:\/\/dekkbi.com\/index.php?rest_route=\/wp\/v2\/types\/post"}],"author":[{"embeddable":true,"href":"https:\/\/dekkbi.com\/index.php?rest_route=\/wp\/v2\/users\/1"}],"replies":[{"embeddable":true,"href":"https:\/\/dekkbi.com\/index.php?rest_route=%2Fwp%2Fv2%2Fcomments&post=52920"}],"version-history":[{"count":1,"href":"https:\/\/dekkbi.com\/index.php?rest_route=\/wp\/v2\/posts\/52920\/revisions"}],"predecessor-version":[{"id":52921,"href":"https:\/\/dekkbi.com\/index.php?rest_route=\/wp\/v2\/posts\/52920\/revisions\/52921"}],"wp:featuredmedia":[{"embeddable":true,"href":"https:\/\/dekkbi.com\/index.php?rest_route=\/wp\/v2\/media\/31096"}],"wp:attachment":[{"href":"https:\/\/dekkbi.com\/index.php?rest_route=%2Fwp%2Fv2%2Fmedia&parent=52920"}],"wp:term":[{"taxonomy":"category","embeddable":true,"href":"https:\/\/dekkbi.com\/index.php?rest_route=%2Fwp%2Fv2%2Fcategories&post=52920"},{"taxonomy":"post_tag","embeddable":true,"href":"https:\/\/dekkbi.com\/index.php?rest_route=%2Fwp%2Fv2%2Ftags&post=52920"}],"curies":[{"name":"wp","href":"https:\/\/api.w.org\/{rel}","templated":true}]}}