{"id":52902,"date":"2025-03-03T15:52:11","date_gmt":"2025-03-03T15:52:11","guid":{"rendered":"https:\/\/dekkbi.com\/?p=52902"},"modified":"2025-03-03T15:52:11","modified_gmt":"2025-03-03T15:52:11","slug":"nord-du-nigeria-la-fermeture-des-ecoles-pendant-le-ramadan-suscite-la-polemique","status":"publish","type":"post","link":"https:\/\/dekkbi.com\/?p=52902","title":{"rendered":"Nord du Nigeria : la fermeture des \u00e9coles pendant le Ramadan suscite la pol\u00e9mique"},"content":{"rendered":"\n<p>Quatre Etats \u00e0 pr\u00e9dominance musulmane dans le nord du Nigeria ont ordonn\u00e9 la fermeture des \u00e9coles pendant le ramadan, le mois de je\u00fbne sacr\u00e9 en islam, suscitant l\u2019indignation des chr\u00e9tiens et des syndicats de l\u2019enseignement.<\/p>\n\n\n\n<p>Cette d\u00e9cision inhabituelle prise par les autorit\u00e9s des \u00c9tats de Kano, Katsina, Bauchi et Kebbi a conduit \u00e0 la fermeture des \u00e9coles primaires et secondaires la semaine derni\u00e8re, pour permettre aux \u00e9l\u00e8ves de passer le ramadan chez eux, perturbant ainsi le calendrier acad\u00e9mique.<\/p>\n\n\n\n<p>La fermeture des \u00e9coles a suscit\u00e9 de vives critiques de la part de l\u2019Association nationale des \u00e9tudiants nig\u00e9rians (NANS) et de l\u2019Association chr\u00e9tienne du Nigeria (CAN) qui a menac\u00e9 d\u2019intentionner une action en justice contre les gouvernements des quatre \u00c9tats.<\/p>\n\n\n\n<p>La NANS a d\u00e9clar\u00e9 \u00ab condamner avec v\u00e9h\u00e9mence la r\u00e9cente directive des gouverneurs des \u00c9tats de Bauchi, Katsina, Kano et Kebbi de fermer les \u00e9coles pendant le mois sacr\u00e9 du Ramadan \u00bb dans un communiqu\u00e9 publi\u00e9 lundi.<\/p>\n\n\n\n<p>L\u2019association s\u2019est dite pr\u00eate \u00e0 organiser des manifestations \u00e0 l\u2019\u00e9chelle nationale si les quatre \u00c9tats n\u2019annulent pas la fermeture des \u00e9coles dans les 72 heures.<\/p>\n\n\n\n<p>La d\u00e9cision \u00ab&nbsp;\u00e9branle les progr\u00e8s acad\u00e9miques des \u00e9tudiants, perturbe leur apprentissage et cible injustement les \u00e9tudiants non-musulmans, les soumettant \u00e0 une discrimination indue&nbsp;\u00bb, a d\u00e9clar\u00e9 la NANS.<\/p>\n\n\n\n<p>\u00ab&nbsp;L\u2019\u00e9ducation de nos enfants et l\u2019unit\u00e9 de nos \u00c9tats sont en jeu. Si ces droits sont encore menac\u00e9s ou si le dialogue n\u2019aboutit pas, le CAN est pr\u00eat \u00e0 utiliser \u00e0 la justice&nbsp;\u00bb, a d\u00e9clar\u00e9 de son c\u00f4t\u00e9, Daniel Okoh, pr\u00e9sident de la CAN, dans un communiqu\u00e9 diffus\u00e9 dimanche.<\/p>\n\n\n\n<p>Dans un communiqu\u00e9 publi\u00e9 jeudi, Aminu Usman, chef de la police islamique de Kano, la Hisbah, a demand\u00e9 aux \u00e9coles priv\u00e9es de se conformer \u00e0 l\u2019ordre, d\u00e9clar\u00e9 qu\u2019aucun manquement ne sera \u00ab&nbsp;tol\u00e9r\u00e9&nbsp;\u00bb.<\/p>\n\n\n\n<p>Deux jours avant, le minist\u00e8re de l\u2019\u00e9ducation de Kano a ordonn\u00e9 \u00e0 toutes les \u00e9coles publiques de fermer le 28 f\u00e9vrier et de rouvrir le 7 avril afin de terminer le trimestre.<\/p>\n\n\n\n<p>L\u2019opposition de la CAN \u00e0 la fermeture des \u00e9coles pendant le ramadan a mis en lumi\u00e8re les tensions religieuses sous-jacentes dans le pays le plus peupl\u00e9 d\u2019Afrique, qui compte 220 millions d\u2019habitants, majoritairement musulmans dans le nord, et chr\u00e9tiens dans le sud.<\/p>\n\n\n\n<p>Les quatre \u00c9tats concern\u00e9s n\u2019ont pas r\u00e9agi \u00e0 la pol\u00e9mique provoqu\u00e9e par la fermeture des \u00e9coles.<\/p>\n\n\n\n<p>SOURCE LESOLEIL<\/p>\n","protected":false},"excerpt":{"rendered":"<p>Quatre Etats \u00e0 pr\u00e9dominance musulmane dans le nord du Nigeria ont ordonn\u00e9 la fermeture des \u00e9coles pendant le ramadan, le<\/p>\n","protected":false},"author":1,"featured_media":9252,"comment_status":"open","ping_status":"open","sticky":false,"template":"","format":"standard","meta":{"footnotes":""},"categories":[26],"tags":[],"class_list":["post-52902","post","type-post","status-publish","format-standard","has-post-thumbnail","hentry","category-fait-divers"],"_links":{"self":[{"href":"https:\/\/dekkbi.com\/index.php?rest_route=\/wp\/v2\/posts\/52902","targetHints":{"allow":["GET"]}}],"collection":[{"href":"https:\/\/dekkbi.com\/index.php?rest_route=\/wp\/v2\/posts"}],"about":[{"href":"https:\/\/dekkbi.com\/index.php?rest_route=\/wp\/v2\/types\/post"}],"author":[{"embeddable":true,"href":"https:\/\/dekkbi.com\/index.php?rest_route=\/wp\/v2\/users\/1"}],"replies":[{"embeddable":true,"href":"https:\/\/dekkbi.com\/index.php?rest_route=%2Fwp%2Fv2%2Fcomments&post=52902"}],"version-history":[{"count":1,"href":"https:\/\/dekkbi.com\/index.php?rest_route=\/wp\/v2\/posts\/52902\/revisions"}],"predecessor-version":[{"id":52903,"href":"https:\/\/dekkbi.com\/index.php?rest_route=\/wp\/v2\/posts\/52902\/revisions\/52903"}],"wp:featuredmedia":[{"embeddable":true,"href":"https:\/\/dekkbi.com\/index.php?rest_route=\/wp\/v2\/media\/9252"}],"wp:attachment":[{"href":"https:\/\/dekkbi.com\/index.php?rest_route=%2Fwp%2Fv2%2Fmedia&parent=52902"}],"wp:term":[{"taxonomy":"category","embeddable":true,"href":"https:\/\/dekkbi.com\/index.php?rest_route=%2Fwp%2Fv2%2Fcategories&post=52902"},{"taxonomy":"post_tag","embeddable":true,"href":"https:\/\/dekkbi.com\/index.php?rest_route=%2Fwp%2Fv2%2Ftags&post=52902"}],"curies":[{"name":"wp","href":"https:\/\/api.w.org\/{rel}","templated":true}]}}