{"id":52890,"date":"2025-03-03T15:45:16","date_gmt":"2025-03-03T15:45:16","guid":{"rendered":"https:\/\/dekkbi.com\/?p=52890"},"modified":"2025-03-03T15:45:17","modified_gmt":"2025-03-03T15:45:17","slug":"remous-autour-du-foncier-a-ouakam-le-jaraf-papa-youssou-ndoye-menace-et-alerte","status":"publish","type":"post","link":"https:\/\/dekkbi.com\/?p=52890","title":{"rendered":"Remous autour du foncier \u00e0 Ouakam: le Jaraf Papa Youssou Ndoye menace et alerte\u2026"},"content":{"rendered":"\n<h3 class=\"wp-block-heading\">Au niveau de Ouakam, les probl\u00e8mes relatifs au foncier semblent avoir la peau dure. Ils sont monnaie courante. Ce village traditionnel l\u00e9bou de Dakar vient encore d&rsquo;\u00eatre \u00e9clabouss\u00e9 par un diff\u00e9rend au sujet de la gestion de ses terres. Ainsi, l&rsquo;accaparement par des tiers de 4 hectares au niveau de la dite localit\u00e9 (en face de la Cit\u00e9 El Hadji Malick Sy) est la goutte d&rsquo;absinthe de trop qui pousse, ainsi, le Jaraf Pape Youssou Ndoye \u00e0 r\u00e9agir \u00e9nergiquement.<\/h3>\n\n\n\n<p>Ce dernier qui accuse ouvertement des membres de la Communaut\u00e9 L\u00e9bou, dont son neveu El Hadji Dione dit Tostao et de hauts plac\u00e9s, invite le Pr\u00e9sident de la R\u00e9publique Bassirou Diomaye Diakhar Faye et son Premier ministre Ousmane Sonko \u00e0 intervenir rapidement avant que l&rsquo;irr\u00e9parable ne se produit.<\/p>\n\n\n\n<p>\u00ab\u00a0Ce qui se passe dans notre village est in\u00e9dit. Il est sans pr\u00e9c\u00e9dent. Des soit-disant notables de Ouakam viennent d&rsquo;user du faux et de l&rsquo;usage de faux pour tenir, disent-ils, une Assembl\u00e9e G\u00e9n\u00e9rale pour me r\u00e9voquer par ce qu&rsquo;ils veulent faire main basse sur 4 hectares de terres situ\u00e9(e)s en face de la Cit\u00e9 El Hadji Malick Sy. Voil\u00e0 une vraie connerie et une ignorance crasse de la vraie histoire du peuple L\u00e9bou. Ils sont ill\u00e9gitimes pour me d\u00e9gommer. Ce statut de chef coutumier (Jaraf), ce n&rsquo;est pas un titre usurp\u00e9. Je le tiens de mes a\u00efeuls directs qui ont fond\u00e9 le village de Ouakam en 1601\u00a0\u00bb.<\/p>\n\n\n\n<p>C&rsquo;est en ces propos que le Jaraf Papa Youssou Ndoye a ouvert le bal pour parler des manoeuvres not\u00e9es au niveau de la gestion du foncier auquel on l&rsquo;implique et qui d\u00e9fraie la chronique au niveau de la Collectivit\u00e9 L\u00e9bou de Ouakam. Et il accuse: \u00ab\u00a0Dans ce pays qui s&rsquo;appelle le S\u00e9n\u00e9gal, le ridicule ne tue vraiment pas.<\/p>\n\n\n\n<p>Le sieur El Hadji Dione alias Tostao qui se trouve \u00eatre mon neveu (fils de ma propre soeur) \u00e0 qui j&rsquo;avais fait une procuration, me combat avec ses alli\u00e9s. Il pactise avec des m\u00e9contents de la Communaut\u00e9 L\u00e9bou et d&rsquo;autres autorit\u00e9s (ndlr: il cite nomm\u00e9ment le nom de Me Lika B\u00e2) pour me d\u00e9pouiller de mes pr\u00e9rogatives. Il les amadoue. Ensemble, ils font dans le forcing et la manipulation \u00e0 outrance. Je lui ai d\u00e9chu de cette procuration mais, il continue de l&rsquo;utiliser pour agir selon ses propres int\u00e9r\u00eats par ce qu&rsquo;il est tout simplement aid\u00e9 par des gens v\u00e9reux. Personne ne peut me r\u00e9voquer. Qu&rsquo;ils le sachent une bonne fois pour toutes\u00a0\u00bb, dit le Jaraaf de Ouakam qui interpelle les autorit\u00e9s \u00e9tatiques: \u00ab\u00a0Je suis las d&rsquo;aller r\u00e9pondre \u00e0 chaque fois \u00e0 des convocations de la DSCOS et\/ou \u00e0 la DIC.<\/p>\n\n\n\n<p>Les terres en question sont un patrimoine de la Collectivit\u00e9 L\u00e9bou et mon nom figure sur les papiers. D&rsquo;o\u00f9 ma responsabilit\u00e9 est totalement engag\u00e9e \u00e0 tout point de vue. Sur ce, j&rsquo;interpelle le Pr\u00e9sident de la R\u00e9publique Bassirou Diomaye Diakhar Faye et son Premier ministre M.Ousmane Sonko. Ouakam fait partie de Dakar qui fait partie du S\u00e9n\u00e9gal. Si rien n&rsquo;est fait pour rappeler ces gens-l\u00e0 \u00e0 l&rsquo;ordre, le r\u00e9veil risquera d&rsquo;\u00eatre brutal. J&rsquo;alerte sur d&rsquo;\u00e9ventuels troubles li\u00e9s \u00e0 ce diff\u00e9rend. J&rsquo;ai introduit deux (2) demandes d&rsquo;audience pour les voir et pouvoir discuter avec eux des probl\u00e8mes de Ouakam.<\/p>\n\n\n\n<p>Au nom du \u00ab\u00a0Jub-Jubal-Jubanti\u00a0\u00bb, je leur invite \u00e0 intervenir le plus rapidement possible. Les nuages d&rsquo;un conflit ouvert sont gros\u00a0\u00bb, l\u00e2che le Jaraf du Grand Cap-Vert qui d\u00e9busque certains de ses adversaires qui se r\u00e9clament du Pastef pour l\u00e9gitimer leur forfait : \u00ab\u00a0Ceux qui sont contre moi utilisent un modus operandi : ils se disent militants de Pastef alors que c&rsquo;est faux. Ils veulent tout simplement entrer dans les bonnes gr\u00e2ces du r\u00e9gime en place pour pouvoir accomplir leur forfait. Ils soutenaient tous le r\u00e9gime du Pr\u00e9sident Macky jusqu&rsquo;\u00e0 le 24 mars 2024. Aujourd&rsquo;hui, c&rsquo;est pour des int\u00e9r\u00eats bassement mat\u00e9riels qu&rsquo;ils entendent se ranger dans le Pastef\u00a0\u00bb.<\/p>\n\n\n\n<p>SOURCE LERAL<\/p>\n","protected":false},"excerpt":{"rendered":"<p>Au niveau de Ouakam, les probl\u00e8mes relatifs au foncier semblent avoir la peau dure. Ils sont monnaie courante. Ce village<\/p>\n","protected":false},"author":1,"featured_media":52891,"comment_status":"open","ping_status":"open","sticky":false,"template":"","format":"standard","meta":{"footnotes":""},"categories":[26],"tags":[],"class_list":["post-52890","post","type-post","status-publish","format-standard","has-post-thumbnail","hentry","category-fait-divers"],"_links":{"self":[{"href":"https:\/\/dekkbi.com\/index.php?rest_route=\/wp\/v2\/posts\/52890","targetHints":{"allow":["GET"]}}],"collection":[{"href":"https:\/\/dekkbi.com\/index.php?rest_route=\/wp\/v2\/posts"}],"about":[{"href":"https:\/\/dekkbi.com\/index.php?rest_route=\/wp\/v2\/types\/post"}],"author":[{"embeddable":true,"href":"https:\/\/dekkbi.com\/index.php?rest_route=\/wp\/v2\/users\/1"}],"replies":[{"embeddable":true,"href":"https:\/\/dekkbi.com\/index.php?rest_route=%2Fwp%2Fv2%2Fcomments&post=52890"}],"version-history":[{"count":1,"href":"https:\/\/dekkbi.com\/index.php?rest_route=\/wp\/v2\/posts\/52890\/revisions"}],"predecessor-version":[{"id":52892,"href":"https:\/\/dekkbi.com\/index.php?rest_route=\/wp\/v2\/posts\/52890\/revisions\/52892"}],"wp:featuredmedia":[{"embeddable":true,"href":"https:\/\/dekkbi.com\/index.php?rest_route=\/wp\/v2\/media\/52891"}],"wp:attachment":[{"href":"https:\/\/dekkbi.com\/index.php?rest_route=%2Fwp%2Fv2%2Fmedia&parent=52890"}],"wp:term":[{"taxonomy":"category","embeddable":true,"href":"https:\/\/dekkbi.com\/index.php?rest_route=%2Fwp%2Fv2%2Fcategories&post=52890"},{"taxonomy":"post_tag","embeddable":true,"href":"https:\/\/dekkbi.com\/index.php?rest_route=%2Fwp%2Fv2%2Ftags&post=52890"}],"curies":[{"name":"wp","href":"https:\/\/api.w.org\/{rel}","templated":true}]}}