{"id":52848,"date":"2025-02-28T10:47:00","date_gmt":"2025-02-28T10:47:00","guid":{"rendered":"https:\/\/dekkbi.com\/?p=52848"},"modified":"2025-02-28T10:47:00","modified_gmt":"2025-02-28T10:47:00","slug":"les-religions-afro-bresiliennes-fetees-au-carnaval-mais-discriminees-au-quotidien","status":"publish","type":"post","link":"https:\/\/dekkbi.com\/?p=52848","title":{"rendered":"Les religions afro-br\u00e9siliennes f\u00eat\u00e9es au carnaval, mais discrimin\u00e9es au quotidien"},"content":{"rendered":"\n<p>Au Br\u00e9sil, les cultures et religions afro-br\u00e9siliennes sont f\u00eat\u00e9es tous les ans pendant le carnaval. Mais au quotidien, les personnes qui les portent sont victimes d\u2019importantes discriminations. Les actes portant atteinte \u00e0 la libert\u00e9 religieuse ont augment\u00e9 de mani\u00e8re croissante ces derni\u00e8res ann\u00e9es.&nbsp;<\/p>\n\n\n\n<p>Dans les ateliers d&rsquo;une \u00e9cole de samba, Leandro Vieira surveille les pr\u00e9paratifs de son d\u00e9fil\u00e9 pour le carnaval de Rio de Janeiro, qui va exalter la richesse spirituelle du candombl\u00e9, l&rsquo;une des principales religions afro-br\u00e9siliennes.&nbsp;<\/p>\n\n\n\n<p>\u00c0 quelques kilom\u00e8tres de l\u00e0, non loin du c\u00e9l\u00e8bre stade Maracana, Fernanda Marques Franco dos Anjos, pr\u00eatresse d&rsquo;umbanda, un autre culte afro-br\u00e9silien, fond en larmes face aux d\u00e9combres de son temple, ou \u00ab\u00a0terreiro\u00a0\u00bb.<\/p>\n\n\n\n<p>Ventilateurs arrach\u00e9s, \u00e9quipements vol\u00e9s, objets sacr\u00e9s d\u00e9truits. Sur le sol, pr\u00e8s de ce qu&rsquo;il reste d&rsquo;une image d&rsquo;Oxum, la d\u00e9esse de l&rsquo;amour, les vandales ont laiss\u00e9 une bible.<\/p>\n\n\n\n<p>Oxum et d&rsquo;autres orishas, divinit\u00e9s d&rsquo;origine africaine, seront honor\u00e9es par la plupart des douze \u00e9coles de samba qui d\u00e9fileront de dimanche \u00e0 mardi dans l&rsquo;enceinte du l\u00e9gendaire sambodrome.<\/p>\n\n\n\n<p>Des dizaines de milliers de spectateurs vont admirer cette repr\u00e9sentation des mythes et rituels qui se sont d\u00e9velopp\u00e9s au long des derniers si\u00e8cles au Br\u00e9sil avec l&rsquo;arriv\u00e9e de cinq millions d&rsquo;esclaves venus d&rsquo;Afrique.<\/p>\n\n\n\n<p>\u00ab\u00a0<em>Le d\u00e9fil\u00e9 des \u00e9coles de samba est un patrimoine artistique d&rsquo;une valeur incalculable, vendu dans le monde entier comme une marque de fabrique de la culture br\u00e9silienne, mais les religions d&rsquo;origine africaine n&rsquo;en sont pas moins discrimin\u00e9es<\/em>\u00ab\u00a0, dit \u00e0 l&rsquo;AFP Leandro Vieira, 41 ans, directeur artistique de l&rsquo;\u00e9cole Imperatriz Leopoldinense.&nbsp;<\/p>\n\n\n\n<p>Ce paradoxe \u00ab\u00a0<em>montre que la soci\u00e9t\u00e9 br\u00e9silienne a du mal \u00e0 comprendre l&rsquo;apport esth\u00e9tique, artistique et social de la culture noire<\/em>\u00ab\u00a0, d\u00e9plore-t-il.<\/p>\n\n\n\n<h2 class=\"wp-block-heading\">Une diabolisation des religions<\/h2>\n\n\n\n<p>\u00ab\u00a0<em>Les gens acceptent le carnaval, qui est magnifique, mais nous, nous souffrons de nombreux pr\u00e9jug\u00e9s<\/em>\u00ab\u00a0, s&rsquo;indigne Fernanda Marques Franco dos Anjos, dite \u00ab\u00a0m\u00e8re Fernanda\u00a0\u00bb, 42 ans, avocate et responsable du \u00ab\u00a0terreiro\u00a0\u00bb Caboclo Pena Dourado. \u00ab\u00a0<em>C&rsquo;est notre r\u00e9alit\u00e9 au quotidien : on nous fait taire, on nous d\u00e9truit.<\/em>\u00ab\u00a0<\/p>\n\n\n\n<p>Selon les derni\u00e8res donn\u00e9es disponibles, celles du recensement de 2010, pr\u00e8s de 600.000 Br\u00e9siliens se disent adeptes de religions d&rsquo;origine africaine.&nbsp;<\/p>\n\n\n\n<p>Les actes portant atteinte \u00e0 la libert\u00e9 religieuse ont augment\u00e9 de 81% au Br\u00e9sil l&rsquo;an dernier par rapport \u00e0 2023, une hausse croissante ces derni\u00e8res ann\u00e9es, d&rsquo;apr\u00e8s les chiffres officiels.&nbsp;<\/p>\n\n\n\n<p>Les fid\u00e8les d&rsquo;umbanda et de candombl\u00e9 voient leurs cultes souvent associ\u00e9s \u00e0 tort \u00e0 de la sorcellerie ou au satanisme, et r\u00e9sum\u00e9s par le terme p\u00e9joratif \u00ab\u00a0macumba\u00a0\u00bb. Ils ont \u00e9t\u00e9 victimes de trois fois plus d&rsquo;agressions d&rsquo;une ann\u00e9e sur l&rsquo;autre.<\/p>\n\n\n\n<p>L&rsquo;Observatoire des libert\u00e9s religieuses (OLR), un r\u00e9seau ind\u00e9pendant de chercheurs, a pr\u00e9sent\u00e9 en 2023 \u00e0 l&rsquo;ONU un rapport faisant \u00e9tat de \u00ab\u00a0terreiros\u00a0\u00bb incendi\u00e9s, de responsables religieux menac\u00e9s et de fid\u00e8les ayant perdu leur emploi en raison de leurs croyances.<\/p>\n\n\n\n<p>\u00ab\u00a0<em>Tu ne peux pas t&rsquo;afficher sur LinkedIn (en tant qu&rsquo;adepte d&rsquo;une religion afro-br\u00e9silienne) ni arborer un collier de protection sur Instagram, \u00e7a risque de te co\u00fbter ton boulot<\/em>\u00ab\u00a0, confirme Isabella Menezes Antas, 41 ans, pr\u00eatresse du \u00ab\u00a0terreiro\u00a0\u00bb Academia de Umbanda, dans le centre-ville de Rio.<\/p>\n\n\n\n<h2 class=\"wp-block-heading\">Racisme structurelle<\/h2>\n\n\n\n<p>\u00ab\u00a0<em>Les religions afro-br\u00e9siliennes ont toujours \u00e9t\u00e9 victimes de violence<\/em>\u00ab\u00a0, explique Christina Vital, sociologue de l&rsquo;Universit\u00e9 f\u00e9d\u00e9rale Fluminense.<\/p>\n\n\n\n<p>\u00ab\u00a0<em>Son importance artistique et culturelle est reconnue, mais ce n&rsquo;est pas suffisant face au racisme et \u00e0 l&rsquo;intol\u00e9rance structurelles<\/em>\u00ab\u00a0, affirme-t-elle.<\/p>\n\n\n\n<p>Maria Eduarda Oliveira, coiffeuse de 24 ans, se souvient d&rsquo;avoir \u00e9t\u00e9 trait\u00e9e de \u00ab\u00a0<em>guenon de la macumba<\/em>\u00a0\u00bb \u00e0 l&rsquo;\u00e9cole.<\/p>\n\n\n\n<p>\u00ab\u00a0<em>Cela m&rsquo;a \u00e9branl\u00e9e, mais comme j&rsquo;ai \u00e9t\u00e9 bien \u00e9duqu\u00e9e pour revendiquer ma n\u00e9gritude et mon histoire, j&rsquo;ai pu aller de l&rsquo;avant<\/em>\u00ab\u00a0, confie-t-elle, en d\u00e9posant dans l&rsquo;oc\u00e9an sur la plage d&rsquo;Ipanema une offrande \u00e0 Iemanja, la d\u00e9esse de la mer.<\/p>\n\n\n\n<p>Ces pr\u00e9jug\u00e9s touchent m\u00eame des c\u00e9l\u00e9brit\u00e9s comme la popstar Anitta, qui a perdu 300.000 abonn\u00e9s sur les r\u00e9seaux sociaux apr\u00e8s avoir r\u00e9v\u00e9l\u00e9 \u00eatre une adepte du candombl\u00e9.<\/p>\n\n\n\n<h2 class=\"wp-block-heading\">\u00ab\u00a0R\u00e9sistance\u00a0\u00bb<\/h2>\n\n\n\n<p>Ivanir dos Santos, professeur d&rsquo;universit\u00e9 et membre de l&rsquo;OLR, attribue cette discrimination \u00ab\u00a0<em>\u00e0 l&rsquo;expansion politique de groupes \u00e9vang\u00e9liques<\/em>\u00a0\u00bb et de \u00ab\u00a0<em>chr\u00e9tiens int\u00e9gristes<\/em>\u00a0\u00bb ayant pour but d'\u00a0\u00bb<em>\u00e9touffer<\/em>\u00a0\u00bb l&rsquo;h\u00e9ritage spirituel africain au Br\u00e9sil.<\/p>\n\n\n\n<p>Pr\u00e8s d&rsquo;un tiers des Br\u00e9siliens sont de confession \u00e9vang\u00e9lique, et cette population ne cesse d&rsquo;augmenter.<\/p>\n\n\n\n<p>Dans les favelas et autres quartiers pauvres, les responsables religieux et adeptes de cultes afro-br\u00e9siliens sont pers\u00e9cut\u00e9s par des factions criminelles qui s\u00e8ment la terreur dans ces territoires et cherchent \u00e0 y imposer les religions chr\u00e9tiennes, selon le rapport de l&rsquo;OLR.<\/p>\n\n\n\n<p>\u00ab\u00a0<em>Les gens doivent respecter le droit de chacun \u00e0 suivre sa religion<\/em>\u00ab\u00a0, d\u00e9clarait r\u00e9cemment Anielle Franco, ministre de l&rsquo;Egalit\u00e9 raciale, qui a mis en place un service de d\u00e9nonciations anonymes et des programmes de pr\u00e9vention et d&rsquo;\u00e9ducation contre l&rsquo;intol\u00e9rance religieuse.<\/p>\n\n\n\n<p>\u00ab\u00a0<em>Nos anc\u00eatres ont surv\u00e9cu \u00e0 l&rsquo;esclavage, et nous continuerons \u00e0 survivre malgr\u00e9 cette violence<\/em>\u00ab\u00a0, jure Ivanir dos Santos, invoquant l&rsquo;esprit de \u00ab\u00a0<em>r\u00e9sistance<\/em>\u00ab\u00a0.<\/p>\n","protected":false},"excerpt":{"rendered":"<p>Au Br\u00e9sil, les cultures et religions afro-br\u00e9siliennes sont f\u00eat\u00e9es tous les ans pendant le carnaval. Mais au quotidien, les personnes<\/p>\n","protected":false},"author":1,"featured_media":52849,"comment_status":"open","ping_status":"open","sticky":false,"template":"","format":"standard","meta":{"footnotes":""},"categories":[51],"tags":[],"class_list":["post-52848","post","type-post","status-publish","format-standard","has-post-thumbnail","hentry","category-general"],"_links":{"self":[{"href":"https:\/\/dekkbi.com\/index.php?rest_route=\/wp\/v2\/posts\/52848","targetHints":{"allow":["GET"]}}],"collection":[{"href":"https:\/\/dekkbi.com\/index.php?rest_route=\/wp\/v2\/posts"}],"about":[{"href":"https:\/\/dekkbi.com\/index.php?rest_route=\/wp\/v2\/types\/post"}],"author":[{"embeddable":true,"href":"https:\/\/dekkbi.com\/index.php?rest_route=\/wp\/v2\/users\/1"}],"replies":[{"embeddable":true,"href":"https:\/\/dekkbi.com\/index.php?rest_route=%2Fwp%2Fv2%2Fcomments&post=52848"}],"version-history":[{"count":1,"href":"https:\/\/dekkbi.com\/index.php?rest_route=\/wp\/v2\/posts\/52848\/revisions"}],"predecessor-version":[{"id":52850,"href":"https:\/\/dekkbi.com\/index.php?rest_route=\/wp\/v2\/posts\/52848\/revisions\/52850"}],"wp:featuredmedia":[{"embeddable":true,"href":"https:\/\/dekkbi.com\/index.php?rest_route=\/wp\/v2\/media\/52849"}],"wp:attachment":[{"href":"https:\/\/dekkbi.com\/index.php?rest_route=%2Fwp%2Fv2%2Fmedia&parent=52848"}],"wp:term":[{"taxonomy":"category","embeddable":true,"href":"https:\/\/dekkbi.com\/index.php?rest_route=%2Fwp%2Fv2%2Fcategories&post=52848"},{"taxonomy":"post_tag","embeddable":true,"href":"https:\/\/dekkbi.com\/index.php?rest_route=%2Fwp%2Fv2%2Ftags&post=52848"}],"curies":[{"name":"wp","href":"https:\/\/api.w.org\/{rel}","templated":true}]}}