{"id":52843,"date":"2025-02-28T10:38:17","date_gmt":"2025-02-28T10:38:17","guid":{"rendered":"https:\/\/dekkbi.com\/?p=52843"},"modified":"2025-02-28T10:38:18","modified_gmt":"2025-02-28T10:38:18","slug":"le-gros-coup-de-blues-des-verts-en-europe","status":"publish","type":"post","link":"https:\/\/dekkbi.com\/?p=52843","title":{"rendered":"Le gros coup de blues des Verts en Europe"},"content":{"rendered":"\n<p>Apr\u00e8s avoir d\u00e9croch\u00e9 durant cinq ans des perc\u00e9es majeures sur le climat, les \u00e9cologistes europ\u00e9ens assistent, un peu d\u00e9sempar\u00e9s, au d\u00e9tricotage par Bruxelles de certains de leurs acquis. Et redoutent que les ann\u00e9es \u00e0 venir soient rudes.<\/p>\n\n\n\n<p>\u00ab\u00a0On est dans l&rsquo;un des pires sc\u00e9narios\u00a0\u00bb, soupire la Fran\u00e7aise Marie Toussaint, qui si\u00e8ge avec les Verts au Parlement europ\u00e9en. \u00ab\u00a0\u00c9motionnellement, on se demande tous comment on tient.\u00a0\u00bb<\/p>\n\n\n\n<p>Il y a peu de temps encore, l&rsquo;Union europ\u00e9enne \u00e9tait marqu\u00e9e par un \u00e9lan environnemental tr\u00e8s fort.<\/p>\n\n\n\n<p>Face \u00e0 la pression des jeunes r\u00e9clamant des mesures pour prot\u00e9ger la plan\u00e8te lors de manifestations quasi hebdomadaires, la pr\u00e9sidente de la Commission europ\u00e9enne Ursula von der Leyen avait plac\u00e9 la lutte contre le changement climatique au c\u0153ur de son premier mandat (2019-2024). Avec comme point culminant l&rsquo;adoption du Pacte vert et &#8211; symbole fort &#8211; l&rsquo;interdiction de la vente de voitures thermiques neuves d&rsquo;ici 2035.<\/p>\n\n\n\n<p>En ce d\u00e9but d&rsquo;ann\u00e9e 2025, le contraste est saisissant.<\/p>\n\n\n\n<h2 class=\"wp-block-heading\">\u00ab\u00a0Choc profond\u00a0\u00bb<\/h2>\n\n\n\n<p>En juin dernier, les Verts ont perdu un quart de leurs membres aux \u00e9lections europ\u00e9ennes, lors d&rsquo;un scrutin marqu\u00e9 par une mont\u00e9e en puissance de la droite et une perc\u00e9e de l&rsquo;extr\u00eame droite \u00e0 travers le continent.<\/p>\n\n\n\n<p>L&rsquo;h\u00e9morragie a \u00e9t\u00e9 notable en Allemagne et en France, o\u00f9 la liste \u00e9cologiste men\u00e9e par Marie Toussaint a failli ne pas atteindre le seuil de 5%, n\u00e9cessaire pour avoir des d\u00e9put\u00e9s au Parlement europ\u00e9en.<\/p>\n\n\n\n<p>\u00ab\u00a0Le choc a \u00e9t\u00e9 assez profond\u00a0\u00bb, reconna\u00eet l&rsquo;eurod\u00e9put\u00e9e de 37 ans.<\/p>\n\n\n\n<p>D&rsquo;autant que la Commission a depuis chang\u00e9 de cap. Face au risque d&rsquo;une guerre commerciale avec les \u00c9tats-Unis de Donald Trump, l&rsquo;ex\u00e9cutif europ\u00e9en assure ne pas vouloir remettre en cause les grands objectifs du \u00ab\u00a0Green deal\u00a0\u00bb, mais a fait de la comp\u00e9titivit\u00e9 une priorit\u00e9. Mercredi, il a annonc\u00e9 un coup de frein \u00e0 certains textes environnementaux pour donner un peu d&rsquo;air aux industriels.<\/p>\n\n\n\n<p>\u00ab\u00a0Beaucoup d&rsquo;entre nous ont \u00e9t\u00e9 assez sonn\u00e9s\u00a0\u00bb, affirme la Danoise Kira Peter-Hansen, qui lors de son \u00e9lection en 2019 \u00e9tait devenue la plus jeune \u00e9lue \u00e0 si\u00e9ger au Parlement europ\u00e9en.<\/p>\n\n\n\n<p>\u00ab\u00a0Personnellement, j&rsquo;ai vraiment r\u00e9alis\u00e9 en septembre ou en octobre que le contexte politique avait compl\u00e8tement chang\u00e9\u00a0\u00bb, confie l&rsquo;\u00e9lue, se disant \u00ab\u00a0un peu triste\u00a0\u00bb de n&rsquo;avoir pas savour\u00e9 la dynamique verte.<\/p>\n\n\n\n<p>D\u00e9sormais, \u00ab\u00a0la situation politique est diff\u00e9rente. En tant qu&rsquo;\u00e9lus \u00e9cologistes, on doit tous se demander si on essaye de sauver les meubles, ou si on rejoint l&rsquo;opposition\u00a0\u00bb, d\u00e9crypte-t-elle. A contrec\u0153ur, elle a choisi la premi\u00e8re option.<\/p>\n\n\n\n<p>&#8211; \u00ab\u00a0Retour de b\u00e2ton\u00a0\u00bb &#8211;<\/p>\n\n\n\n<p>La frustration des Verts est partag\u00e9e par les ONG environnementales, qui sont elles aussi contraintes d&rsquo;adopter une posture beaucoup plus d\u00e9fensive qu&rsquo;il y a cinq ans.<\/p>\n\n\n\n<p>\u00ab\u00a0Quand on regarde le paysage politique au Conseil et au Parlement, la perspective d&rsquo;avoir la moindre proposition l\u00e9gislative ambitieuse sur le climat est extr\u00eamement limit\u00e9e\u00a0\u00bb, souffle John Condon, de ClientEarth.<\/p>\n\n\n\n<p>\u00ab\u00a0On a tr\u00e8s clairement une forme de retour de b\u00e2ton qui s&rsquo;op\u00e8re sur ces sujets\u00a0\u00bb, note Phuc Nguyen, de l&rsquo;institut Jacques Delors. Et selon lui, les \u00e9cologistes n&rsquo;ont peut-\u00eatre pas encore touch\u00e9 le fond.<\/p>\n\n\n\n<p>Et pour cause: de nombreux industriels ont r\u00e9clam\u00e9 que Bruxelles dilue encore davantage ses mesures climatiques, qu&rsquo;ils trouvent trop contraignantes face \u00e0 la concurrence f\u00e9roce de Washington et P\u00e9kin. Au Parlement europ\u00e9en, le chef des Patriotes (extr\u00eame droite), Jordan Bardella, a lui r\u00e9clam\u00e9 la suspension pure et simple du Pacte vert.<\/p>\n\n\n\n<p>\u00ab\u00a0Il y a des textes qui sont victimes du backlash anti-\u00e9colo\u00a0\u00bb, estime l&rsquo;eurod\u00e9put\u00e9 centriste Pascal Canfin. \u00ab\u00a0Mais on ne peut pas dire que tout va sauter\u00a0\u00bb, temp\u00e8re l&rsquo;\u00e9lu, membre de la commission environnement au Parlement europ\u00e9en.<\/p>\n\n\n\n<p>Contrairement \u00e0 certains de ses coll\u00e8gues \u00e9cologistes, son ancienne famille politique, le quinquag\u00e9naire assure \u00ab\u00a0ne pas \u00eatre d\u00e9prim\u00e9\u00a0\u00bb: \u00ab\u00a0Il faut montrer que c&rsquo;est dans notre int\u00e9r\u00eat \u00e9conomique de faire cette transition \u00e9cologique. Et mener la bataille\u00a0\u00bb.<\/p>\n","protected":false},"excerpt":{"rendered":"<p>Apr\u00e8s avoir d\u00e9croch\u00e9 durant cinq ans des perc\u00e9es majeures sur le climat, les \u00e9cologistes europ\u00e9ens assistent, un peu d\u00e9sempar\u00e9s, au<\/p>\n","protected":false},"author":1,"featured_media":1616,"comment_status":"open","ping_status":"open","sticky":false,"template":"","format":"standard","meta":{"footnotes":""},"categories":[51],"tags":[],"class_list":["post-52843","post","type-post","status-publish","format-standard","has-post-thumbnail","hentry","category-general"],"_links":{"self":[{"href":"https:\/\/dekkbi.com\/index.php?rest_route=\/wp\/v2\/posts\/52843","targetHints":{"allow":["GET"]}}],"collection":[{"href":"https:\/\/dekkbi.com\/index.php?rest_route=\/wp\/v2\/posts"}],"about":[{"href":"https:\/\/dekkbi.com\/index.php?rest_route=\/wp\/v2\/types\/post"}],"author":[{"embeddable":true,"href":"https:\/\/dekkbi.com\/index.php?rest_route=\/wp\/v2\/users\/1"}],"replies":[{"embeddable":true,"href":"https:\/\/dekkbi.com\/index.php?rest_route=%2Fwp%2Fv2%2Fcomments&post=52843"}],"version-history":[{"count":1,"href":"https:\/\/dekkbi.com\/index.php?rest_route=\/wp\/v2\/posts\/52843\/revisions"}],"predecessor-version":[{"id":52844,"href":"https:\/\/dekkbi.com\/index.php?rest_route=\/wp\/v2\/posts\/52843\/revisions\/52844"}],"wp:featuredmedia":[{"embeddable":true,"href":"https:\/\/dekkbi.com\/index.php?rest_route=\/wp\/v2\/media\/1616"}],"wp:attachment":[{"href":"https:\/\/dekkbi.com\/index.php?rest_route=%2Fwp%2Fv2%2Fmedia&parent=52843"}],"wp:term":[{"taxonomy":"category","embeddable":true,"href":"https:\/\/dekkbi.com\/index.php?rest_route=%2Fwp%2Fv2%2Fcategories&post=52843"},{"taxonomy":"post_tag","embeddable":true,"href":"https:\/\/dekkbi.com\/index.php?rest_route=%2Fwp%2Fv2%2Ftags&post=52843"}],"curies":[{"name":"wp","href":"https:\/\/api.w.org\/{rel}","templated":true}]}}