{"id":52838,"date":"2025-02-28T10:14:07","date_gmt":"2025-02-28T10:14:07","guid":{"rendered":"https:\/\/dekkbi.com\/?p=52838"},"modified":"2025-02-28T10:48:17","modified_gmt":"2025-02-28T10:48:17","slug":"trump-veut-des-droits-de-douane-de-25-sur-les-produits-europeens-comment-lue-pourrait-riposter","status":"publish","type":"post","link":"https:\/\/dekkbi.com\/?p=52838","title":{"rendered":"Trump veut des droits de douane de 25 % sur les produits europ\u00e9ens"},"content":{"rendered":"\n<p>Comment l\u2019UE pourrait riposter? Le pr\u00e9sident am\u00e9ricain menace d\u2019imposer des droits de douane de 25 % sur tous les produits en provenance de l\u2019UE. Si celle-ci a promis de riposter \u00e0 cette mesure, similaire \u00e0 celle avanc\u00e9e par Trump en 2016, en a-t-elle encore les moyens? Les secteurs pharmaceutique et chimique \u2013 deux des plus importants de notre pays \u2013 pourraient-ils c\u00e9der aux nouvelles conditions am\u00e9ricaines plut\u00f4t que de se rebiffer? \u201cL\u2019Europe joue une tout autre partie qu\u2019il y a huit ans\u201d, r\u00e9sume Hylke Vandenbussche, directrice du d\u00e9partement d\u2019\u00e9conomie internationale de Louvain.<\/p>\n\n\n\n<p><strong>Marc Coppens, Matthias Bertrand&nbsp;<\/strong>&nbsp;<strong>Source:<\/strong>&nbsp;HLN<\/p>\n\n\n\n<p>Trump menace d\u2019imposer des droits de douane de 25 % sur tous nos produits. Que peut faire l\u2019Europe pour lui r\u00e9pondre?<\/p>\n\n\n\n<p><strong>Hylke Vandenbussche<\/strong>: \u201cCe qui est en jeu en premier lieu, ce sont les taxes sur les voitures. L\u2019Europe impose actuellement un droit de douane de 10 % sur les voitures am\u00e9ricaines, alors que les \u00c9tats-Unis ne pr\u00e9l\u00e8vent que 2,5 % sur l\u2019importation de v\u00e9hicules europ\u00e9ens. Il y a deux possibilit\u00e9s: soit on riposte en augmentant nous-m\u00eames les tarifs, par exemple en taxant davantage l\u2019importation de voitures am\u00e9ricaines, mais ce ne serait pas une bonne nouvelle pour le consommateur europ\u00e9en. Soit nous essayons de n\u00e9gocier un accord.<\/p>\n\n\n\n<p>\u201cCelui-ci pourrait porter sur trois domaines: \u201ccars, guns and gas\u201d, soit les voitures, les armes et le carburant. Concernant le premier point, ce sont surtout les v\u00e9hicules \u00e9lectriques, comme les Tesla, dont les ventes ont r\u00e9cemment chut\u00e9. Ensuite, les Am\u00e9ricains souhaitent que nous leur achetions plus d\u2019\u00e9nergie, notamment du gaz. Et enfin, il y a l\u2019enjeu de la hausse des d\u00e9penses de d\u00e9fense pour les pays de l\u2019OTAN. \u00c0 court terme, les fabricants d\u2019armes europ\u00e9ens ne sont pas en mesure de produire beaucoup plus, tandis que les USA restent un fournisseur de premier plan.<\/p>\n\n\n\n<blockquote class=\"wp-block-quote is-layout-flow wp-block-quote-is-layout-flow\">\n<figure class=\"wp-block-image\"><img decoding=\"async\" src=\"https:\/\/statics.7sur7.be\/img\/icons\/article-quote-6f574e7dd1.svg\" alt=\"\"\/><\/figure>\n\n\n\n<p>Trump applique la loi du plus fort. S&rsquo;il sent que la proie est affaiblie, il l&rsquo;attaque\u00adra d\u2019autant plus. L\u2019Europe est fragilis\u00e9e et n\u2019arrive plus \u00e0 serrer le poing comme en 2016Hylke Vandenbussche<\/p>\n<\/blockquote>\n\n\n\n<p>Trump avait d\u00e9j\u00e0 menac\u00e9 d\u2019augmenter les droits de douane en 2016. \u00c0 l\u2019\u00e9poque, l\u2019Europe avait r\u00e9sist\u00e9 et cela n\u2019avait jamais \u00e9t\u00e9 concr\u00e9tis\u00e9. Quelle est la diff\u00e9rence avec la situation actuelle?<\/p>\n\n\n\n<p>\u201cD\u2019apr\u00e8s mon analyse \u2013 sachant que demain, tout peut encore changer avec Trump \u2013, sous son premier mandat, l\u2019Europe ciblait surtout des produits symboliques, qui ne repr\u00e9sentaient pas grand-chose en valeur marchande totale: les motos Harley-Davidson, le bourbon, les jeans Levi\u2019s\u2026 Des produits relativement mineurs, mais ayant une forte valeur symbolique pour les \u00c9tats-Unis. C\u2019\u00e9tait une mani\u00e8re pour l\u2019Europe de montrer qu\u2019elle pouvait aussi riposter. J\u2019ai peur qu\u2019aujourd\u2019hui, la situation soit compl\u00e8tement diff\u00e9rente, car l\u2019Europe est affaiblie.\u201d<\/p>\n\n\n\n<p>Vous dites donc que l\u2019Europe de 2016 n\u2019existe plus?<\/p>\n\n\n\n<p>\u201cPour Trump, c\u2019est la loi du plus fort qui pr\u00e9vaut. D\u00e8s qu\u2019il sent que sa proie est affaiblie, il la frappe d\u2019autant plus. L\u2019Europe est affaiblie et, compar\u00e9e \u00e0 2016, elle ne peut plus tenir t\u00eate. \u00c0 l\u2019\u00e9poque, il n\u2019y avait pas encore la guerre en Ukraine, et nous \u00e9tions encore relativement ind\u00e9pendants en mati\u00e8re d\u2019approvisionnement \u00e9nerg\u00e9tique. Tout cela a chang\u00e9.\u201d<\/p>\n\n\n\n<p>\u201cEn outre, en 2016, l\u2019IRA (Inflation Reduction Act) n\u2019existait pas encore. Cette loi, adopt\u00e9e sous Biden, visait \u00e0 r\u00e9duire l\u2019inflation am\u00e9ricaine et \u00e0 stimuler l\u2019\u00e9conomie verte en accordant des subventions et des tarifs \u00e9nerg\u00e9tiques avantageux aux entreprises qui d\u00e9veloppaient leur activit\u00e9 aux \u00c9tats-Unis. L\u2019objectif \u00e9tait de ma\u00eetriser l\u2019inflation, mais en cons\u00e9quence, de nombreuses entreprises europ\u00e9ennes ont d\u00e9cid\u00e9 de d\u00e9localiser tout ou partie de leur production aux \u00c9tats-Unis, attir\u00e9es par ces avantages.\u201d<\/p>\n\n\n\n<h2 class=\"wp-block-heading\">Y a-t-il un risque que notre secteur chimique, tr\u00e8s important, suive le m\u00eame chemin?<\/h2>\n\n\n\n<p>\u201cLe week-end dernier, j\u2019ai donn\u00e9 une conf\u00e9rence \u00e0 l\u2019Universit\u00e9 de Louvain sur le c\u0153ur \u00e9conomique de la Belgique, \u00e0 savoir le commerce international. Beaucoup ont \u00e9t\u00e9 surpris d\u2019apprendre que nos principales exportations ne sont pas la bi\u00e8re et le chocolat, mais la chimie et la pharmacie. Le secteur chimique est essentiel, repr\u00e9sentant 30 % de nos exportations, tandis que la bi\u00e8re et le chocolat ne comptent que pour 7 %. Ces produits alimentaires embl\u00e9matiques sont bien moins strat\u00e9giques que la chimie, la pharmacie, la construction m\u00e9canique et les transports.\u201d<\/p>\n\n\n\n<p>Ces secteurs repr\u00e9sentent donc des centaines de milliers d\u2019emplois?<\/p>\n\n\n\n<p>\u201cJe ne peux pas donner de chiffre exact, mais il y a quelques ann\u00e9es, la Banque nationale avait publi\u00e9 une \u00e9tude montrant qu\u2019un travailleur sur trois est li\u00e9, directement ou indirectement, au commerce. Cela repr\u00e9sente un nombre \u00e9norme d\u2019emplois!\u201d<\/p>\n\n\n\n<h2 class=\"wp-block-heading\">Sous l\u2019impulsion de l\u2019IRA, l\u2019entreprise technologique IMEC a ouvert une filiale aux \u00c9tats-Unis. Pourquoi Janssen Pharmaceutica, un de nos fleurons industriels qui fait aujourd\u2019hui partie de Johnson &amp; Johnson, ne suivrait-elle pas le m\u00eame chemin?<\/h2>\n\n\n\n<p>\u201cJe ne pense pas que les grands groupes pharmaceutiques partiront imm\u00e9diatement, car la demande en m\u00e9dicaments reste tr\u00e8s \u00e9lev\u00e9e en Europe, et il est pr\u00e9f\u00e9rable de travailler avec des acteurs et des distributeurs locaux. Il y aura toujours une pr\u00e9sence pharmaceutique en Europe, et sans doute aussi dans notre pays. Mais si les exportations sont mises sous pression, cela se fera ressentir. Le commerce intercontinental est d\u2019ailleurs en l\u00e9ger recul, ce qui nous affaiblit. Entre les crises g\u00e9opolitiques, notre d\u00e9pendance \u00e0 l\u2019\u00e9nergie et aux mati\u00e8res premi\u00e8res, et le risque de voir nos entreprises d\u00e9localiser, nous ne pouvons plus frapper du poing sur la table comme avant.\u201d<\/p>\n\n\n\n<blockquote class=\"wp-block-quote is-layout-flow wp-block-quote-is-layout-flow\">\n<figure class=\"wp-block-image\"><img decoding=\"async\" src=\"https:\/\/statics.7sur7.be\/img\/icons\/article-quote-6f574e7dd1.svg\" alt=\"\"\/><\/figure>\n\n\n\n<p>Nous sommes moins d\u00e9pendants des \u00c9tats-Unis que de nombreux autres pays europ\u00e9ens: pour l\u2019UE, ils repr\u00e9sen\u00adtent la premi\u00e8re destinati\u00adon hors du continent, avec 20 % des exportati\u00adons, contre 6 % pour notre pays<\/p>\n<\/blockquote>\n\n\n\n<p>Les \u00c9tats-Unis sont-ils incontournables, en tant que partenaire commercial?<\/p>\n\n\n\n<p>\u201cLes \u00c9tats-Unis ne sont pas le principal partenaire pour la Belgique: nous exportons principalement vers l\u2019Allemagne, la France et les Pays-Bas, qui sont nos trois plus grands march\u00e9s. Mais pour l\u2019Europe, les \u00c9tats-Unis repr\u00e9sentent la premi\u00e8re destination hors du continent, avec 20 % des exportations, contre 6 % pour notre pays. Nous sommes donc moins d\u00e9pendants des \u00c9tats-Unis que de nombreux autres pays europ\u00e9ens. Attention toutefois, cela concerne le commerce direct. 17 % des exportations belges vont vers l\u2019Allemagne, mais ce pays exporte lui-m\u00eame \u00e9norm\u00e9ment vers les \u00c9tats-Unis. Il faut donc aussi prendre en compte l\u2019ensemble du paysage commercial europ\u00e9en.\u201d<\/p>\n\n\n\n<p>SOURCE 7\/7.BE<\/p>\n\n\n\n<p><\/p>\n","protected":false},"excerpt":{"rendered":"<p>Comment l\u2019UE pourrait riposter? Le pr\u00e9sident am\u00e9ricain menace d\u2019imposer des droits de douane de 25 % sur tous les produits<\/p>\n","protected":false},"author":1,"featured_media":51858,"comment_status":"open","ping_status":"open","sticky":false,"template":"","format":"standard","meta":{"footnotes":""},"categories":[51],"tags":[],"class_list":["post-52838","post","type-post","status-publish","format-standard","has-post-thumbnail","hentry","category-general"],"_links":{"self":[{"href":"https:\/\/dekkbi.com\/index.php?rest_route=\/wp\/v2\/posts\/52838","targetHints":{"allow":["GET"]}}],"collection":[{"href":"https:\/\/dekkbi.com\/index.php?rest_route=\/wp\/v2\/posts"}],"about":[{"href":"https:\/\/dekkbi.com\/index.php?rest_route=\/wp\/v2\/types\/post"}],"author":[{"embeddable":true,"href":"https:\/\/dekkbi.com\/index.php?rest_route=\/wp\/v2\/users\/1"}],"replies":[{"embeddable":true,"href":"https:\/\/dekkbi.com\/index.php?rest_route=%2Fwp%2Fv2%2Fcomments&post=52838"}],"version-history":[{"count":2,"href":"https:\/\/dekkbi.com\/index.php?rest_route=\/wp\/v2\/posts\/52838\/revisions"}],"predecessor-version":[{"id":52852,"href":"https:\/\/dekkbi.com\/index.php?rest_route=\/wp\/v2\/posts\/52838\/revisions\/52852"}],"wp:featuredmedia":[{"embeddable":true,"href":"https:\/\/dekkbi.com\/index.php?rest_route=\/wp\/v2\/media\/51858"}],"wp:attachment":[{"href":"https:\/\/dekkbi.com\/index.php?rest_route=%2Fwp%2Fv2%2Fmedia&parent=52838"}],"wp:term":[{"taxonomy":"category","embeddable":true,"href":"https:\/\/dekkbi.com\/index.php?rest_route=%2Fwp%2Fv2%2Fcategories&post=52838"},{"taxonomy":"post_tag","embeddable":true,"href":"https:\/\/dekkbi.com\/index.php?rest_route=%2Fwp%2Fv2%2Ftags&post=52838"}],"curies":[{"name":"wp","href":"https:\/\/api.w.org\/{rel}","templated":true}]}}