{"id":52836,"date":"2025-02-28T10:12:41","date_gmt":"2025-02-28T10:12:41","guid":{"rendered":"https:\/\/dekkbi.com\/?p=52836"},"modified":"2025-02-28T14:51:00","modified_gmt":"2025-02-28T14:51:00","slug":"mma-zarco-va-se-lancer-dans-la-discipline-son-premier-combat-cale","status":"publish","type":"post","link":"https:\/\/dekkbi.com\/?p=52836","title":{"rendered":"MMA : Le lutteur Zarco va se lancer dans la discipline, son premier combat cal\u00e9 !"},"content":{"rendered":"\n<p>Zarco va se lancer dans les arts martiaux mixtes. Il a sign\u00e9 avec \u00c9ric Favre Nation pour disputer plusieurs combats.<\/p>\n\n\n\n<p>Ses prouesses dans l\u2019ar\u00e8ne ne lui suffisent plus. Zarco veut se montrer dans une autre discipline \u00e0 l\u2019occurrence le MMA. Le tombeur de Gris Bordeaux a en effet paraph\u00e9 un contrat avec la ligue \u00c9ric Favre Nation pour disputer quatre combats dont le premier est pr\u00e9vu pour le mois de Mai \u00e0 Abidjan contre Kabiru Adediran aka The HULK.<\/p>\n\n\n\n<p>Comme si la victoire lui \u00e9tait d\u00e9j\u00e0 promise, Zarco a fait savoir qu\u2019il visait les champions du MMA tels que Francis Ngannou ou encore le champion en titre One Championship Oumar Kane Reug Reug.<\/p>\n\n\n\n<p>Wiwsport.com<\/p>\n","protected":false},"excerpt":{"rendered":"<p>Zarco va se lancer dans les arts martiaux mixtes. Il a sign\u00e9 avec \u00c9ric Favre Nation pour disputer plusieurs combats.<\/p>\n","protected":false},"author":1,"featured_media":52587,"comment_status":"open","ping_status":"open","sticky":false,"template":"","format":"standard","meta":{"footnotes":""},"categories":[9],"tags":[],"class_list":["post-52836","post","type-post","status-publish","format-standard","has-post-thumbnail","hentry","category-sports"],"_links":{"self":[{"href":"https:\/\/dekkbi.com\/index.php?rest_route=\/wp\/v2\/posts\/52836","targetHints":{"allow":["GET"]}}],"collection":[{"href":"https:\/\/dekkbi.com\/index.php?rest_route=\/wp\/v2\/posts"}],"about":[{"href":"https:\/\/dekkbi.com\/index.php?rest_route=\/wp\/v2\/types\/post"}],"author":[{"embeddable":true,"href":"https:\/\/dekkbi.com\/index.php?rest_route=\/wp\/v2\/users\/1"}],"replies":[{"embeddable":true,"href":"https:\/\/dekkbi.com\/index.php?rest_route=%2Fwp%2Fv2%2Fcomments&post=52836"}],"version-history":[{"count":2,"href":"https:\/\/dekkbi.com\/index.php?rest_route=\/wp\/v2\/posts\/52836\/revisions"}],"predecessor-version":[{"id":52861,"href":"https:\/\/dekkbi.com\/index.php?rest_route=\/wp\/v2\/posts\/52836\/revisions\/52861"}],"wp:featuredmedia":[{"embeddable":true,"href":"https:\/\/dekkbi.com\/index.php?rest_route=\/wp\/v2\/media\/52587"}],"wp:attachment":[{"href":"https:\/\/dekkbi.com\/index.php?rest_route=%2Fwp%2Fv2%2Fmedia&parent=52836"}],"wp:term":[{"taxonomy":"category","embeddable":true,"href":"https:\/\/dekkbi.com\/index.php?rest_route=%2Fwp%2Fv2%2Fcategories&post=52836"},{"taxonomy":"post_tag","embeddable":true,"href":"https:\/\/dekkbi.com\/index.php?rest_route=%2Fwp%2Fv2%2Ftags&post=52836"}],"curies":[{"name":"wp","href":"https:\/\/api.w.org\/{rel}","templated":true}]}}