{"id":52829,"date":"2025-02-28T10:08:24","date_gmt":"2025-02-28T10:08:24","guid":{"rendered":"https:\/\/dekkbi.com\/?p=52829"},"modified":"2025-02-28T10:08:25","modified_gmt":"2025-02-28T10:08:25","slug":"farba-ngom-en-prison-pour-31-milliards-fcfa-ses-immeubles-rejetes-comme-garantie","status":"publish","type":"post","link":"https:\/\/dekkbi.com\/?p=52829","title":{"rendered":"Farba Ngom en prison pour 31 milliards FCfa : Ses immeubles rejet\u00e9s comme garantie"},"content":{"rendered":"\n<h3 class=\"wp-block-heading\">Le pr\u00e9sident du coll\u00e8ge des juges d\u2019instruction financiers, en charge du 1er cabinet du Pool Judiciaire Financier (PJF), a plac\u00e9 Mouhamadou Ngom dit Farba Ngom, sous mandat de d\u00e9p\u00f4t, ce jeudi 27 f\u00e9vrier 2025. Selon des sources proches de Leral.net, le responsable de l\u2019Alliance Pour la R\u00e9publique (APR) est inculp\u00e9 d\u2019escroquerie sur deniers publics portant sur 31 milliards FCfa, de blanchiment de capitaux et d\u2019association de malfaiteurs.<\/h3>\n\n\n\n<p>Ces accusations s\u2019inscrivent dans le cadre de l\u2019enqu\u00eate d\u00e9clench\u00e9e par le rapport de la Cellule Nationale de Traitement des Informations Financi\u00e8res (CENTIF), qui a mis en lumi\u00e8re des transactions suspectes de blanchiment de capitaux estim\u00e9es \u00e0 125 milliards FCfa.<\/p>\n\n\n\n<p>Dans ce dossier, Farba Ngom est soup\u00e7onn\u00e9 d\u2019avoir ill\u00e9galement per\u00e7u 31 milliards FCfa de la part d\u2019un homme d\u2019affaires, des faits qu\u2019il conteste fermement devant le juge. Pour \u00e9viter la prison, il a propos\u00e9 de mettre en garantie des immeubles d\u2019une valeur \u00e9quivalente au montant incrimin\u00e9. Cependant, cette offre n\u2019a pas convaincu la justice.<\/p>\n\n\n\n<p>Alors que le procureur financier avait requis son placement sous mandat de d\u00e9p\u00f4t, ses avocats \u2013 Mes Alassane Ciss\u00e9, Baboucar Ciss\u00e9, Ousmane Thiam, El Hadji Diouf et autres \u2013 ont plaid\u00e9 pour une mise en libert\u00e9 provisoire, sous contr\u00f4le judiciaire. Le juge a rejet\u00e9 cette demande et ordonn\u00e9 son incarc\u00e9ration.<\/p>\n\n\n\n<p>SOURCE Les News\u00a0<\/p>\n\n\n\n<p><\/p>\n","protected":false},"excerpt":{"rendered":"<p>Le pr\u00e9sident du coll\u00e8ge des juges d\u2019instruction financiers, en charge du 1er cabinet du Pool Judiciaire Financier (PJF), a plac\u00e9<\/p>\n","protected":false},"author":1,"featured_media":52830,"comment_status":"open","ping_status":"open","sticky":false,"template":"","format":"standard","meta":{"footnotes":""},"categories":[21],"tags":[],"class_list":["post-52829","post","type-post","status-publish","format-standard","has-post-thumbnail","hentry","category-societe"],"_links":{"self":[{"href":"https:\/\/dekkbi.com\/index.php?rest_route=\/wp\/v2\/posts\/52829","targetHints":{"allow":["GET"]}}],"collection":[{"href":"https:\/\/dekkbi.com\/index.php?rest_route=\/wp\/v2\/posts"}],"about":[{"href":"https:\/\/dekkbi.com\/index.php?rest_route=\/wp\/v2\/types\/post"}],"author":[{"embeddable":true,"href":"https:\/\/dekkbi.com\/index.php?rest_route=\/wp\/v2\/users\/1"}],"replies":[{"embeddable":true,"href":"https:\/\/dekkbi.com\/index.php?rest_route=%2Fwp%2Fv2%2Fcomments&post=52829"}],"version-history":[{"count":1,"href":"https:\/\/dekkbi.com\/index.php?rest_route=\/wp\/v2\/posts\/52829\/revisions"}],"predecessor-version":[{"id":52831,"href":"https:\/\/dekkbi.com\/index.php?rest_route=\/wp\/v2\/posts\/52829\/revisions\/52831"}],"wp:featuredmedia":[{"embeddable":true,"href":"https:\/\/dekkbi.com\/index.php?rest_route=\/wp\/v2\/media\/52830"}],"wp:attachment":[{"href":"https:\/\/dekkbi.com\/index.php?rest_route=%2Fwp%2Fv2%2Fmedia&parent=52829"}],"wp:term":[{"taxonomy":"category","embeddable":true,"href":"https:\/\/dekkbi.com\/index.php?rest_route=%2Fwp%2Fv2%2Fcategories&post=52829"},{"taxonomy":"post_tag","embeddable":true,"href":"https:\/\/dekkbi.com\/index.php?rest_route=%2Fwp%2Fv2%2Ftags&post=52829"}],"curies":[{"name":"wp","href":"https:\/\/api.w.org\/{rel}","templated":true}]}}