{"id":52810,"date":"2025-02-28T09:29:25","date_gmt":"2025-02-28T09:29:25","guid":{"rendered":"https:\/\/dekkbi.com\/?p=52810"},"modified":"2025-02-28T09:29:25","modified_gmt":"2025-02-28T09:29:25","slug":"cooperation-economique-et-commerciale-le-senegal-et-le-qatar-reaffirment-leur-volonte-commune","status":"publish","type":"post","link":"https:\/\/dekkbi.com\/?p=52810","title":{"rendered":"Coop\u00e9ration \u00e9conomique et commerciale : le S\u00e9n\u00e9gal et le Qatar r\u00e9affirment leur volont\u00e9 commune"},"content":{"rendered":"\n<p>Le pr\u00e9sident de la R\u00e9publique, Bassirou Diomaye Faye, a re\u00e7u en audience hier, jeudi, Mohammed Bin Abdulaziz Al Khulaifi, secr\u00e9taire aux Affaires \u00e9trang\u00e8res de l\u2019\u00c9tat du Qatar. Au cours de cette rencontre, le S\u00e9n\u00e9gal et le Qatar ont r\u00e9affirm\u00e9 leur volont\u00e9 commune de renforcer leur coop\u00e9ration, notamment dans les domaines \u00e9conomiques et commerciaux, en la hissant \u00e0 un niveau sup\u00e9rieur.<\/p>\n\n\n\n<p>Le chef de l\u2019\u00c9tat a \u00e9galement profit\u00e9 de l\u2019occasion pour inviter les investisseurs qatariens \u00e0 \u00ab contribuer \u00bb \u00e0 la mise en \u0153uvre de l\u2019agenda national de transformation S\u00e9n\u00e9gal 2050 qui, selon lui, est \u00ab un cadre strat\u00e9gique visant \u00e0 b\u00e2tir un d\u00e9veloppement durable et inclusif \u00bb pour le S\u00e9n\u00e9gal.<\/p>\n\n\n\n<p>SOURCE SUDQUOTIDIEN<\/p>\n","protected":false},"excerpt":{"rendered":"<p>Le pr\u00e9sident de la R\u00e9publique, Bassirou Diomaye Faye, a re\u00e7u en audience hier, jeudi, Mohammed Bin Abdulaziz Al Khulaifi, secr\u00e9taire<\/p>\n","protected":false},"author":1,"featured_media":52811,"comment_status":"open","ping_status":"open","sticky":false,"template":"","format":"standard","meta":{"footnotes":""},"categories":[3],"tags":[],"class_list":["post-52810","post","type-post","status-publish","format-standard","has-post-thumbnail","hentry","category-event-more-news"],"_links":{"self":[{"href":"https:\/\/dekkbi.com\/index.php?rest_route=\/wp\/v2\/posts\/52810","targetHints":{"allow":["GET"]}}],"collection":[{"href":"https:\/\/dekkbi.com\/index.php?rest_route=\/wp\/v2\/posts"}],"about":[{"href":"https:\/\/dekkbi.com\/index.php?rest_route=\/wp\/v2\/types\/post"}],"author":[{"embeddable":true,"href":"https:\/\/dekkbi.com\/index.php?rest_route=\/wp\/v2\/users\/1"}],"replies":[{"embeddable":true,"href":"https:\/\/dekkbi.com\/index.php?rest_route=%2Fwp%2Fv2%2Fcomments&post=52810"}],"version-history":[{"count":1,"href":"https:\/\/dekkbi.com\/index.php?rest_route=\/wp\/v2\/posts\/52810\/revisions"}],"predecessor-version":[{"id":52812,"href":"https:\/\/dekkbi.com\/index.php?rest_route=\/wp\/v2\/posts\/52810\/revisions\/52812"}],"wp:featuredmedia":[{"embeddable":true,"href":"https:\/\/dekkbi.com\/index.php?rest_route=\/wp\/v2\/media\/52811"}],"wp:attachment":[{"href":"https:\/\/dekkbi.com\/index.php?rest_route=%2Fwp%2Fv2%2Fmedia&parent=52810"}],"wp:term":[{"taxonomy":"category","embeddable":true,"href":"https:\/\/dekkbi.com\/index.php?rest_route=%2Fwp%2Fv2%2Fcategories&post=52810"},{"taxonomy":"post_tag","embeddable":true,"href":"https:\/\/dekkbi.com\/index.php?rest_route=%2Fwp%2Fv2%2Ftags&post=52810"}],"curies":[{"name":"wp","href":"https:\/\/api.w.org\/{rel}","templated":true}]}}