{"id":52807,"date":"2025-02-28T09:26:25","date_gmt":"2025-02-28T09:26:25","guid":{"rendered":"https:\/\/dekkbi.com\/?p=52807"},"modified":"2025-02-28T09:26:26","modified_gmt":"2025-02-28T09:26:26","slug":"rejet-de-la-loi-damnistie-pastef-dribble-tas","status":"publish","type":"post","link":"https:\/\/dekkbi.com\/?p=52807","title":{"rendered":"Rejet de la loi d\u2019amnistie : PASTEF DRIBBLE TAS"},"content":{"rendered":"\n<p><strong>Le Bureau de l\u2019Assembl\u00e9e nationale rejette la proposition de loi de Thierno Alassane Sall portant \u00ababrogation de la loi d\u2019amnistie\u00bb en se basant sur l\u2019Article 82 de la Constitution et l\u2019Article 60 du R\u00e8glement int\u00e9rieur de l\u2019Assembl\u00e9e. Selon la majorit\u00e9, sa proposition ne respecte pas les exigences constitutionnelles en mati\u00e8re budg\u00e9taire. Alors que celle de Amadou B\u00e2 de Pastef, qui parle d\u2019une \u00abinterpr\u00e9tation de la loi d\u2019amnistie\u00bb, a \u00e9t\u00e9 valid\u00e9e par le m\u00eame Bureau hier. Elle a \u00e9t\u00e9 envoy\u00e9e \u00e0 l\u2019Ex\u00e9cutif pour avis et observations. Ce qui annonce une probable abrogation partielle.<\/strong><\/p>\n\n\n\n<p>Thierno Alassane Sall doit l\u2019avoir mauvaise. Le Bureau de l\u2019Assembl\u00e9e nationale a rejet\u00e9 hier la proposition de loi portant \u00ababrogation de la loi d\u2019amnistie\u00bb, d\u00e9pos\u00e9e par le leader de la R\u00e9publique des valeurs. Ce rejet a \u00e9t\u00e9 ent\u00e9rin\u00e9 hier lors de la r\u00e9union du Bureau, qui s\u2019est r\u00e9uni pour examiner la recevabilit\u00e9 de 2 propositions de loi portant sur l\u2019amnistie.<\/p>\n\n\n\n<p>Pour motiver sa d\u00e9cision, le Bureau a invoqu\u00e9 l\u2019Article 82 de la Constitution et l\u2019Article 60 du R\u00e8glement int\u00e9rieur en estimant que \u00abcette proposition ne respecte pas les exigences constitutionnelles en mati\u00e8re budg\u00e9taire\u00bb, entra\u00eenant ainsi son rejet pur et simple. Selon les articles pr\u00e9cit\u00e9s par la majorit\u00e9, \u00abtoute proposition de loi susceptible d\u2019entra\u00eener une diminution des ressources de l\u2019Etat ou une augmentation de ses d\u00e9penses doit imp\u00e9rativement \u00eatre accompagn\u00e9e de m\u00e9canismes de compensation financi\u00e8re\u00bb. Or, ajoute le 1er vice-pr\u00e9sident de l\u2019Assembl\u00e9e nationale, Isma\u00efla Diallo, le texte pr\u00e9sent\u00e9 par Thierno Alassane Sall ne pr\u00e9voit aucune mesure compensatoire, rendant son adoption impossible sur le plan juridique et financier.<\/p>\n\n\n\n<p><strong>Le Bureau recale TAS, \u00abl\u2019interpr\u00e9tation\u00bb de Amadou Ba passe<\/strong><br>Par contre, la proposition de loi d\u00e9pos\u00e9e par le d\u00e9put\u00e9 de Pastef, Amadou B\u00e2, \u00abinterpr\u00e9tative de la loi d\u2019amnistie\u00bb, a \u00e9t\u00e9 valid\u00e9e par le vote des membres du Bureau. Cette proposition du d\u00e9put\u00e9 de Pastef devra \u00eatre envoy\u00e9e \u00e0 l\u2019Ex\u00e9cutif pour des observations, conform\u00e9ment \u00e0 l\u2019Article 60 du R\u00e8glement int\u00e9rieur de l\u2019Assembl\u00e9e nationale. (Voir ci-contre).<\/p>\n\n\n\n<p>Quand cette proposition a \u00e9t\u00e9 d\u00e9pos\u00e9e par le d\u00e9put\u00e9 de Pastef ? En tout cas, elle est post\u00e9rieure \u00e0 la demande formul\u00e9e par TAS. Lors de sa conf\u00e9rence de presse lundi, le responsable de la R\u00e9publique des valeurs avait utilis\u00e9 une figure de style pour afficher ses doutes par rapport \u00e0 cette \u00e9ventualit\u00e9 : \u00abSi c\u2019\u00e9tait le cas, m\u00eame les oiseaux allaient gazouiller \u00e7a\u2026\u00bb La proposition de Pastef a \u00e9t\u00e9 d\u00e9pos\u00e9e il y a quelques jours. Pour court-circuiter TAS qui esp\u00e9rait une abrogation int\u00e9grale de la loi d\u2019amnistie ? Alors que le d\u00e9bat sur une abrogation partielle a fait son chemin dans les rangs de Pastef. Cette mesure va dans ce sens \u00e9videmment, et le document sera envoy\u00e9 au Pr\u00e9sident pour avis et observations. Sans doute, c\u2019est pour cette raison que le document n\u2019a pas \u00e9t\u00e9 partag\u00e9 en public si l\u2019on sait la propension de son parrain \u00e0 tout partager sur son mur Facebook.<\/p>\n\n\n\n<p>Dans une publication en date du 19 f\u00e9vrier dernier, le d\u00e9put\u00e9 du parti Pastef, Amadou B\u00e2, avait \u00e9crit sur sa page Facebook \u00e0 propos de l\u2019abrogation de la controvers\u00e9e loi d\u2019amnistie : \u00abPastef seul, sauvegardera l\u2019honneur des combattants de la libert\u00e9.\u00bb<\/p>\n\n\n\n<p>Il faut savoir que l\u2019Etat a d\u00e9cid\u00e9 d\u2019octroyer des aides, oblig\u00e9 \u00e0 faire dans le champ lexical pour \u00e9viter le mot indemnisation, aux ex-d\u00e9tenus et victimes politiques de 2021-2024. Car le gouvernement du S\u00e9n\u00e9gal a annonc\u00e9, le 31 d\u00e9cembre, avoir allou\u00e9 5 milliards de francs Cfa pour soutenir, selon les donn\u00e9es partag\u00e9es par le minist\u00e8re de la Famille, 2 mille 172 ex-d\u00e9tenus et victimes, et les familles des 79 personnes d\u00e9c\u00e9d\u00e9es. Face \u00e0 la pol\u00e9mique, le gouvernement, par la voix de son porte-parole, Amadou Moustapha Ndieck Sarr\u00e9, avait annonc\u00e9 avoir mobilis\u00e9, dans un premier temps, un fonds de 108 millions de F Cfa pour la gestion de 112 dossiers m\u00e9dicaux valid\u00e9s par un comit\u00e9 interminist\u00e9riel institu\u00e9 par arr\u00eat\u00e9 de la ministre de la Famille et des solidarit\u00e9s.<\/p>\n\n\n\n<p><strong>Par Bocar SAKHO \u2013\u00a0<\/strong><strong>bsakho@lequotidien.sn<\/strong><\/p>\n","protected":false},"excerpt":{"rendered":"<p>Le Bureau de l\u2019Assembl\u00e9e nationale rejette la proposition de loi de Thierno Alassane Sall portant \u00ababrogation de la loi d\u2019amnistie\u00bb<\/p>\n","protected":false},"author":1,"featured_media":52808,"comment_status":"open","ping_status":"open","sticky":false,"template":"","format":"standard","meta":{"footnotes":""},"categories":[6],"tags":[],"class_list":["post-52807","post","type-post","status-publish","format-standard","has-post-thumbnail","hentry","category-politics"],"_links":{"self":[{"href":"https:\/\/dekkbi.com\/index.php?rest_route=\/wp\/v2\/posts\/52807","targetHints":{"allow":["GET"]}}],"collection":[{"href":"https:\/\/dekkbi.com\/index.php?rest_route=\/wp\/v2\/posts"}],"about":[{"href":"https:\/\/dekkbi.com\/index.php?rest_route=\/wp\/v2\/types\/post"}],"author":[{"embeddable":true,"href":"https:\/\/dekkbi.com\/index.php?rest_route=\/wp\/v2\/users\/1"}],"replies":[{"embeddable":true,"href":"https:\/\/dekkbi.com\/index.php?rest_route=%2Fwp%2Fv2%2Fcomments&post=52807"}],"version-history":[{"count":1,"href":"https:\/\/dekkbi.com\/index.php?rest_route=\/wp\/v2\/posts\/52807\/revisions"}],"predecessor-version":[{"id":52809,"href":"https:\/\/dekkbi.com\/index.php?rest_route=\/wp\/v2\/posts\/52807\/revisions\/52809"}],"wp:featuredmedia":[{"embeddable":true,"href":"https:\/\/dekkbi.com\/index.php?rest_route=\/wp\/v2\/media\/52808"}],"wp:attachment":[{"href":"https:\/\/dekkbi.com\/index.php?rest_route=%2Fwp%2Fv2%2Fmedia&parent=52807"}],"wp:term":[{"taxonomy":"category","embeddable":true,"href":"https:\/\/dekkbi.com\/index.php?rest_route=%2Fwp%2Fv2%2Fcategories&post=52807"},{"taxonomy":"post_tag","embeddable":true,"href":"https:\/\/dekkbi.com\/index.php?rest_route=%2Fwp%2Fv2%2Ftags&post=52807"}],"curies":[{"name":"wp","href":"https:\/\/api.w.org\/{rel}","templated":true}]}}