{"id":5279,"date":"2022-12-27T09:08:14","date_gmt":"2022-12-27T09:08:14","guid":{"rendered":"https:\/\/dekkbi.com\/?p=5279"},"modified":"2022-12-27T09:08:15","modified_gmt":"2022-12-27T09:08:15","slug":"3eme-candidature-la-replique-du-dr-abdourahmane-diouf-a-me-aissata-tall-sall","status":"publish","type":"post","link":"https:\/\/dekkbi.com\/?p=5279","title":{"rendered":"3eme candidature : la r\u00e9plique du Dr Abdourahmane Diouf \u00e0 Me Aissata Tall Sall"},"content":{"rendered":"\n<p>La question d&rsquo;une \u00e9ventuelle troisi\u00e8me candidature du Pr\u00e9sident Macky Sall continue de susciter d\u00e9bat. Suite aux propos tenus par Me A\u00efssata Tall Sall, hier dimanche, le Dr Abdourahmane Diouf a tenu \u00e0 porter la r\u00e9plique.<\/p>\n\n\n\n<p>De passage sur l\u2019\u00e9mission grand jury de la rfm,\u00a0 Me Aissata tall Sall a d\u00e9clar\u00e9 que la coalition Benno avait organis\u00e9 un s\u00e9minaire pour sa restructuration\u00a0 et se mettre en ordre de bataille. Elle dira que leur candidat \u00absera celui que choisira Benno\u00bb. Elle a m\u00eame avanc\u00e9 que la question de la 3eme candidature est d\u00e9j\u00e0 r\u00e9gl\u00e9e et que celle-ci \u00abn&rsquo;est ni juridique, ni politique, mais strictement math\u00e9matique.\u00bb La r\u00e9plique de Dr Abdourahmane Diouf n&rsquo;a pas tard\u00e9.<br><br>\u00abJe voudrais rappeler, tr\u00e8s courtoisement, \u00e0 la juriste Ma\u00eetre Aissata Tall Sall, qu&rsquo;il n&rsquo;y a pas eu de nouvelle Constitution au S\u00e9n\u00e9gal en 2016. Notre derni\u00e8re Constitution date de 2001 et avait d\u00e9j\u00e0 consacr\u00e9 la limitation des mandats \u00e0 deux. La disposition sur le NOMBRE de mandat n&rsquo;a pas boug\u00e9 depuis lors. Juridiquement V\u00f4tre!\u00bb, a pr\u00e9cis\u00e9 le patron de Awal\u00e9.<\/p>\n\n\n\n<p><\/p>\n\n\n\n<p>SOURCE IGFM<\/p>\n","protected":false},"excerpt":{"rendered":"<p>La question d&rsquo;une \u00e9ventuelle troisi\u00e8me candidature du Pr\u00e9sident Macky Sall continue de susciter d\u00e9bat. Suite aux propos tenus par Me<\/p>\n","protected":false},"author":1,"featured_media":5280,"comment_status":"open","ping_status":"open","sticky":false,"template":"","format":"standard","meta":{"footnotes":""},"categories":[6],"tags":[],"class_list":["post-5279","post","type-post","status-publish","format-standard","has-post-thumbnail","hentry","category-politics"],"_links":{"self":[{"href":"https:\/\/dekkbi.com\/index.php?rest_route=\/wp\/v2\/posts\/5279","targetHints":{"allow":["GET"]}}],"collection":[{"href":"https:\/\/dekkbi.com\/index.php?rest_route=\/wp\/v2\/posts"}],"about":[{"href":"https:\/\/dekkbi.com\/index.php?rest_route=\/wp\/v2\/types\/post"}],"author":[{"embeddable":true,"href":"https:\/\/dekkbi.com\/index.php?rest_route=\/wp\/v2\/users\/1"}],"replies":[{"embeddable":true,"href":"https:\/\/dekkbi.com\/index.php?rest_route=%2Fwp%2Fv2%2Fcomments&post=5279"}],"version-history":[{"count":1,"href":"https:\/\/dekkbi.com\/index.php?rest_route=\/wp\/v2\/posts\/5279\/revisions"}],"predecessor-version":[{"id":5281,"href":"https:\/\/dekkbi.com\/index.php?rest_route=\/wp\/v2\/posts\/5279\/revisions\/5281"}],"wp:featuredmedia":[{"embeddable":true,"href":"https:\/\/dekkbi.com\/index.php?rest_route=\/wp\/v2\/media\/5280"}],"wp:attachment":[{"href":"https:\/\/dekkbi.com\/index.php?rest_route=%2Fwp%2Fv2%2Fmedia&parent=5279"}],"wp:term":[{"taxonomy":"category","embeddable":true,"href":"https:\/\/dekkbi.com\/index.php?rest_route=%2Fwp%2Fv2%2Fcategories&post=5279"},{"taxonomy":"post_tag","embeddable":true,"href":"https:\/\/dekkbi.com\/index.php?rest_route=%2Fwp%2Fv2%2Ftags&post=5279"}],"curies":[{"name":"wp","href":"https:\/\/api.w.org\/{rel}","templated":true}]}}