{"id":52785,"date":"2025-02-28T08:54:32","date_gmt":"2025-02-28T08:54:32","guid":{"rendered":"https:\/\/dekkbi.com\/?p=52785"},"modified":"2025-02-28T08:54:33","modified_gmt":"2025-02-28T08:54:33","slug":"ousmane-sonko-aux-centrales-syndicales-letat-doit-vivre-selon-ses-capacites","status":"publish","type":"post","link":"https:\/\/dekkbi.com\/?p=52785","title":{"rendered":"Ousmane Sonko aux centrales syndicales : \u00ab L\u2019\u00c9tat doit vivre selon ses capacit\u00e9s\u2026 \u00bb"},"content":{"rendered":"\n<p>Ce jeudi, le gouvernement, repr\u00e9sent\u00e9 par le Premier ministre Ousmane Sonko, a rencontr\u00e9 les acteurs syndicaux et le patronat afin d\u2019engager un processus de dialogue fond\u00e9 sur la v\u00e9rit\u00e9, dans un contexte \u00e9conomique difficile. Le Premier ministre a reconnu que plusieurs secteurs rencontrent des difficult\u00e9s, tout en insistant sur la n\u00e9cessit\u00e9 de prendre en compte les marges de man\u0153uvre de l\u2019\u00c9tat. \u00ab Un \u00c9tat ne peut pas et ne doit pas vivre au-dessus de ses moyens. Dans le dialogue que nous allons avoir, il faut tout mettre sur la table. S\u2019il faut se limiter \u00e0 un seul mandat, nous sommes pr\u00eats, car nous ne tiendrons que le langage de la v\u00e9rit\u00e9 \u00bb, a-t-il d\u00e9clar\u00e9.<\/p>\n\n\n\n<p>Devant les repr\u00e9sentants du monde du travail, Ousmane Sonko a soulign\u00e9 l\u2019importance de d\u00e9gager des marges budg\u00e9taires et de faire des efforts collectifs. \u00ab L\u2019\u00c9tat doit vivre conform\u00e9ment \u00e0 ses capacit\u00e9s. Personne ne peut accepter l\u2019injustice. \u00c0 court terme, certains points seront satisfaits, de m\u00eame qu\u2019\u00e0 long terme. Nous devons nous rappeler que le syst\u00e8me de la fonction publique avait autrefois une coh\u00e9rence, mais h\u00e9las, cela n\u2019existe plus. Il y a trop de d\u00e9s\u00e9quilibres dans l\u2019administration, notamment dans la hi\u00e9rarchie, avec une d\u00e9structuration \u00e9vidente. Et il faut corriger tout cela\u2026 \u00bb, a martel\u00e9 le chef du gouvernement.<\/p>\n\n\n\n<figure class=\"wp-block-embed is-type-rich is-provider-prise-en-charge-des-contenus-embarqu-s wp-block-embed-prise-en-charge-des-contenus-embarqu-s wp-embed-aspect-16-9 wp-has-aspect-ratio\"><div class=\"wp-block-embed__wrapper\">\n<iframe loading=\"lazy\" title=\"Ousmane Sonko aux centrales syndicales : \u00ab L\u2019\u00c9tat doit vivre selon ses capacit\u00e9s\u2026 \u00bb\" width=\"800\" height=\"450\" src=\"https:\/\/www.youtube.com\/embed\/6q3L8f7Qra8?feature=oembed\" frameborder=\"0\" allow=\"accelerometer; autoplay; clipboard-write; encrypted-media; gyroscope; picture-in-picture; web-share\" referrerpolicy=\"strict-origin-when-cross-origin\" allowfullscreen><\/iframe>\n<\/div><\/figure>\n\n\n\n<p>SOURCE DAKARACTU<\/p>\n","protected":false},"excerpt":{"rendered":"<p>Ce jeudi, le gouvernement, repr\u00e9sent\u00e9 par le Premier ministre Ousmane Sonko, a rencontr\u00e9 les acteurs syndicaux et le patronat afin<\/p>\n","protected":false},"author":1,"featured_media":52788,"comment_status":"open","ping_status":"open","sticky":false,"template":"","format":"standard","meta":{"footnotes":""},"categories":[6],"tags":[],"class_list":["post-52785","post","type-post","status-publish","format-standard","has-post-thumbnail","hentry","category-politics"],"_links":{"self":[{"href":"https:\/\/dekkbi.com\/index.php?rest_route=\/wp\/v2\/posts\/52785","targetHints":{"allow":["GET"]}}],"collection":[{"href":"https:\/\/dekkbi.com\/index.php?rest_route=\/wp\/v2\/posts"}],"about":[{"href":"https:\/\/dekkbi.com\/index.php?rest_route=\/wp\/v2\/types\/post"}],"author":[{"embeddable":true,"href":"https:\/\/dekkbi.com\/index.php?rest_route=\/wp\/v2\/users\/1"}],"replies":[{"embeddable":true,"href":"https:\/\/dekkbi.com\/index.php?rest_route=%2Fwp%2Fv2%2Fcomments&post=52785"}],"version-history":[{"count":1,"href":"https:\/\/dekkbi.com\/index.php?rest_route=\/wp\/v2\/posts\/52785\/revisions"}],"predecessor-version":[{"id":52789,"href":"https:\/\/dekkbi.com\/index.php?rest_route=\/wp\/v2\/posts\/52785\/revisions\/52789"}],"wp:featuredmedia":[{"embeddable":true,"href":"https:\/\/dekkbi.com\/index.php?rest_route=\/wp\/v2\/media\/52788"}],"wp:attachment":[{"href":"https:\/\/dekkbi.com\/index.php?rest_route=%2Fwp%2Fv2%2Fmedia&parent=52785"}],"wp:term":[{"taxonomy":"category","embeddable":true,"href":"https:\/\/dekkbi.com\/index.php?rest_route=%2Fwp%2Fv2%2Fcategories&post=52785"},{"taxonomy":"post_tag","embeddable":true,"href":"https:\/\/dekkbi.com\/index.php?rest_route=%2Fwp%2Fv2%2Ftags&post=52785"}],"curies":[{"name":"wp","href":"https:\/\/api.w.org\/{rel}","templated":true}]}}