{"id":52779,"date":"2025-02-28T08:49:50","date_gmt":"2025-02-28T08:49:50","guid":{"rendered":"https:\/\/dekkbi.com\/?p=52779"},"modified":"2025-02-28T08:49:50","modified_gmt":"2025-02-28T08:49:50","slug":"enseignement-superieur-education-nationale-sante-collectivites-territoriales-les-syndicats-listent-leurs-revendications","status":"publish","type":"post","link":"https:\/\/dekkbi.com\/?p=52779","title":{"rendered":"Enseignement sup\u00e9rieur, \u00e9ducation nationale, sant\u00e9, collectivit\u00e9s territoriales : les syndicats listent leurs revendications"},"content":{"rendered":"\n<p><strong>Le Premier ministre, Ousmane Sonko, et les membres du gouvernement ont rencontr\u00e9 hier, jeudi 27 f\u00e9vrier 2025, les syndicats et les organisations d\u2019employeurs. Les revendications port\u00e9es par les organisations syndicales touchent plusieurs domaines du service public. Il s\u2019agit principalement de l\u2019Education, de l\u2019Enseignement sup\u00e9rieur, de la Sant\u00e9, des Collectivit\u00e9s territoriales, entre autres.<\/strong><\/p>\n\n\n\n<p><strong>&nbsp;<\/strong>Devant le Premier ministre, Ousmane Sonko, et les membres du gouvernement hier, jeudi 27 f\u00e9vrier 2025, \u00e0 l\u2019occasion de la rencontre tripartite, les repr\u00e9sentants des syndicats ont, tour \u00e0 tour, pendant plus d\u2019un tour d\u2019horloge, list\u00e9 leurs pr\u00e9occupations. Du c\u00f4t\u00e9 de l\u2019enseignement sup\u00e9rieur, ils exigent la mise \u00e0 disposition du d\u00e9cret permettant aux familles des enseignants-chercheurs d\u00e9c\u00e9d\u00e9s de percevoir leurs pensions de retraite.&nbsp;<em>\u00abLes veuves et les veufs des enseignants chercheurs sont aujourd\u2019hui dans une situation d\u2019extr\u00eame pauvret\u00e9. Nous avons vu \u00e7a et nous avons du mal \u00e0 les voir comme \u00e7a. Et pourtant leurs d\u00e9funts ont cotis\u00e9\u00bb,<\/em>&nbsp;d\u00e9plore Ndi\u00e9m\u00e9 Sow qui parlait au nom du Syndicat de l\u2019enseignement sup\u00e9rieur.<\/p>\n\n\n\n<p>S\u2019adressant au Premier ministre, elle dira&nbsp;:&nbsp;<em>\u00abOn vous a tromp\u00e9 parce que nous vous avons rencontr\u00e9 dans votre bureau. On \u00e9tait le 13 d\u00e9cembre. Nous avons expliqu\u00e9 la situation. La situation, c\u2019est que les veuves et les veufs ne per\u00e7oivent pas ce que leurs d\u00e9funts maris ont cotis\u00e9 et ces d\u00e9funts maris ont travaill\u00e9 jusqu\u2019\u00e0 la retraite. On ne leur reverse pas cela. La revendication du SAES, c\u2019est la r\u00e9version d\u2019un d\u00fb. Nous ne demandons pas d\u2019augmentation de salaires. Nous ne demandons pas de l\u2019argent. Nous demandons ce que nous avons cotis\u00e9\u00bb.&nbsp;<\/em><\/p>\n\n\n\n<p>Dans le secteur de l\u2019\u00e9ducation nationale, les enseignants sont aussi revenus sur leurs pr\u00e9occupations qui portent sur les in\u00e9galit\u00e9s salariales, le d\u00e9ficit d\u2019enseignant, la question des enseignants d\u00e9cisionnaires.<\/p>\n\n\n\n<p>Dans le domaine de sant\u00e9, les revendications sont aussi nombreuses. Selon le coordinateur de&nbsp;<em>\u00abAnd Gueusseum\u00bb<\/em>, Mballo Dia Thiam, c\u2019est l\u2019application des accords sign\u00e9s qui est r\u00e9clam\u00e9e.&nbsp;<em>\u00abNous avons sign\u00e9 des accords, depuis le 22 mai 2022, et jusqu\u2019\u00e0 pr\u00e9sent, il y a des accords qui sont encore en suspens. Si les camarades sont dans la rue,&nbsp;<\/em><em>sur la question de l\u2019augmentation de salaire, il y a une cat\u00e9gorie qui est consid\u00e9r\u00e9e comme des agents non cadres de la sant\u00e9, qui sont dans les \u00e9tablissements de sant\u00e9 pour la plupart, qui n\u2019ont pas per\u00e7u le moindre sou depuis fin mai 2022 et qui courent apr\u00e8s. A c\u00f4t\u00e9 de cela, il y a notamment des Collectivit\u00e9s territoriales, aussi, qui \u00e9mergent notamment dans la sant\u00e9 et qui n\u2019ont pas per\u00e7u un seul sou depuis mai 2022. Nous pensons qu\u2019il est temps de r\u00e9tablir cela\u00bb,<\/em>&nbsp;a dit Mballo Dia Thiam. Dans sa prise de parole, il a \u00e9galement d\u00e9nonc\u00e9 les probl\u00e8mes des agents contractuels et demand\u00e9 de r\u00e9gler la question des personnels des \u00e9tablissements de sant\u00e9.<\/p>\n\n\n\n<p>Toujours dans le secteur de la sant\u00e9, le secr\u00e9taire g\u00e9n\u00e9ral du SAMES, Mamadou Demba Ndour, a rappel\u00e9 leurs revendications.<em>&nbsp;\u00abMonsieur le Premier ministre, \u00eatre m\u00e9decin, c\u2019est 25 ans d\u2019investissement de l\u2019Etat S\u00e9n\u00e9galais, de la premi\u00e8re classe, CI, jusqu\u2019\u00e0 la sp\u00e9cialisation. L\u2019Etat du S\u00e9n\u00e9gal&nbsp; investit 25 ann\u00e9es pour nous permettre d\u2019\u00eatre, aujourd\u2019hui, chirurgiens, gyn\u00e9cologues, ophtalmologues, j\u2019en passe. Je vous interpelle en vous disant qu\u2019aujourd\u2019hui, les jeunes s\u00e9n\u00e9galais qui sortent apr\u00e8s 25 ans d\u2019investissements sont laiss\u00e9s dans la rue. Ils ne sont pas recrut\u00e9s. Depuis bient\u00f4t 5 ans, l\u2019Etat s\u00e9n\u00e9galais a d\u00e9missionn\u00e9 dans les ressource humaines dans la sant\u00e9\u00bb,&nbsp;<\/em>a regrett\u00e9 Mamadou Demba Ndour. Il ajoute&nbsp;:&nbsp;<em>\u00abAu niveau de la sant\u00e9, nous avons une disparit\u00e9 dans le traitement des agents et \u00e7a pose \u00e9norm\u00e9ment de probl\u00e8mes. Si aujourd\u2019hui, Monsieur le Premier ministre, nous voulons offrir \u00e0 ce S\u00e9n\u00e9gal des soins de qualit\u00e9, avec des ressources humaines form\u00e9es, de qualit\u00e9, mais aussi motiv\u00e9s, il faut que l\u2019Etat puisse revenir sur \u00e7a et sur cette question\u00bb.<\/em><\/p>\n\n\n\n<p>Pour sa part, Moussa Sissoko, qui a parl\u00e9 au nom de l\u2019Intersyndicale des travailleurs des Collectivit\u00e9s territoriales, a rappel\u00e9 la gr\u00e8ve dans leur secteur li\u00e9e \u00e0 une revalorisation des salaires.&nbsp;<em>\u00abIl faut qu\u2019on sache que ce pays-l\u00e0 ne peut pas se d\u00e9velopper sans les Collectivit\u00e9s territoriales. Et ces travailleurs m\u00e9ritent quand-m\u00eame beaucoup de la nation. Aujourd\u2019hui, depuis trois ans, nous sommes en gr\u00e8ve pour r\u00e9clamer ce droit l\u00e9gitime qu\u2019on refuse syst\u00e9matiquement de nous donner\u00bb,&nbsp;<\/em>a-t-il fait savoir.<\/p>\n\n\n\n<p><strong>Par<\/strong>\u00a0<strong>Mariame DJIGO<\/strong><br>SOURCE SUDQUOTIDIEN<\/p>\n","protected":false},"excerpt":{"rendered":"<p>Le Premier ministre, Ousmane Sonko, et les membres du gouvernement ont rencontr\u00e9 hier, jeudi 27 f\u00e9vrier 2025, les syndicats et<\/p>\n","protected":false},"author":1,"featured_media":52780,"comment_status":"open","ping_status":"open","sticky":false,"template":"","format":"standard","meta":{"footnotes":""},"categories":[6],"tags":[],"class_list":["post-52779","post","type-post","status-publish","format-standard","has-post-thumbnail","hentry","category-politics"],"_links":{"self":[{"href":"https:\/\/dekkbi.com\/index.php?rest_route=\/wp\/v2\/posts\/52779","targetHints":{"allow":["GET"]}}],"collection":[{"href":"https:\/\/dekkbi.com\/index.php?rest_route=\/wp\/v2\/posts"}],"about":[{"href":"https:\/\/dekkbi.com\/index.php?rest_route=\/wp\/v2\/types\/post"}],"author":[{"embeddable":true,"href":"https:\/\/dekkbi.com\/index.php?rest_route=\/wp\/v2\/users\/1"}],"replies":[{"embeddable":true,"href":"https:\/\/dekkbi.com\/index.php?rest_route=%2Fwp%2Fv2%2Fcomments&post=52779"}],"version-history":[{"count":1,"href":"https:\/\/dekkbi.com\/index.php?rest_route=\/wp\/v2\/posts\/52779\/revisions"}],"predecessor-version":[{"id":52781,"href":"https:\/\/dekkbi.com\/index.php?rest_route=\/wp\/v2\/posts\/52779\/revisions\/52781"}],"wp:featuredmedia":[{"embeddable":true,"href":"https:\/\/dekkbi.com\/index.php?rest_route=\/wp\/v2\/media\/52780"}],"wp:attachment":[{"href":"https:\/\/dekkbi.com\/index.php?rest_route=%2Fwp%2Fv2%2Fmedia&parent=52779"}],"wp:term":[{"taxonomy":"category","embeddable":true,"href":"https:\/\/dekkbi.com\/index.php?rest_route=%2Fwp%2Fv2%2Fcategories&post=52779"},{"taxonomy":"post_tag","embeddable":true,"href":"https:\/\/dekkbi.com\/index.php?rest_route=%2Fwp%2Fv2%2Ftags&post=52779"}],"curies":[{"name":"wp","href":"https:\/\/api.w.org\/{rel}","templated":true}]}}