{"id":52777,"date":"2025-02-28T08:45:39","date_gmt":"2025-02-28T08:45:39","guid":{"rendered":"https:\/\/dekkbi.com\/?p=52777"},"modified":"2025-02-28T09:24:10","modified_gmt":"2025-02-28T09:24:10","slug":"macky-sall-sur-les-possibles-poursuites-judiciaires-je-nai-peur-de-rienrien-ne-mempeche-daller-au-senegal","status":"publish","type":"post","link":"https:\/\/dekkbi.com\/?p=52777","title":{"rendered":"Macky Sall sur les possibles poursuites judiciaires : \u201cJe n\u2019ai peur de rien\u2026Rien ne m\u2019emp\u00eache d\u2019aller au S\u00e9n\u00e9gal\u201d"},"content":{"rendered":"\n<p>L\u2019ancien pr\u00e9sident de la R\u00e9publique, Macky Sall, s\u2019est exprim\u00e9 sur l\u2019actualit\u00e9 politico-judiciaire du S\u00e9n\u00e9gal notamment sur les accusations de falsification des chiffres des finances publiques. Dans un entretien avec Jeune Afrique, en marge d\u2019un d\u00e9placement&nbsp;en&nbsp;Afrique du Sud le 27&nbsp;f\u00e9vrier&nbsp;pour lancer \u00ab&nbsp;La d\u00e9claration du Cap&nbsp;\u00bb,&nbsp;une&nbsp;initiative visant \u00e0 all\u00e9ger le&nbsp;fardeau&nbsp;de la dette des pays&nbsp;du&nbsp;continent, M. Sall s\u2019est lav\u00e9 \u00e0 grande eau. Mieux, il a fait savoir que les menaces de poursuites judiciaires brandies par le tandem Diomaye-Sonko ne l\u2019emp\u00eacheraient pas \u00e0 revenir au pays.<\/p>\n\n\n\n<p>\u201cJe m\u2019inscris totalement en faux contre ces all\u00e9gations de falsifications, a-t-il d\u00e9clar\u00e9. Avant de souligner qu\u2019il n\u2019a pas peur des menaces du nouveau r\u00e9gime de lancer des poursuites contre lui.<\/p>\n\n\n\n<p>\u00ab Je n\u2019ai peur de rien. Ils peuvent poursuivre s\u2019ils veulent. J\u2019ai choisi de vivre au Maroc comme mes pr\u00e9d\u00e9cesseurs ont choisi librement d\u2019aller en France. Rien ne m\u2019emp\u00eache d\u2019aller au S\u00e9n\u00e9gal et je n\u2019exclus pas d\u2019y retourner \u00bb, a-t-il fait savoir.<\/p>\n\n\n\n<p>A rappeler qu\u2019au soir du 24 mars dernier, apr\u00e8s l\u2019installation de Bassirou Diomaye Faye, en tant que nouveau pr\u00e9sident du S\u00e9n\u00e9gal, Macky Sall a pris un avion pour rallier le Maroc o\u00f9 il vit depuis lors.<\/p>\n\n\n\n<p>SOURCE SUDQUOTIDIEN<\/p>\n\n\n\n<p><\/p>\n\n\n\n<h2 class=\"wp-block-heading\">Falsification des finances publiques : Macky Sall d\u00e9nonce une cabale politique<\/h2>\n\n\n\n<p><strong>Interrog\u00e9 par Jeune Afrique, l\u2019ancien pr\u00e9sident s\u00e9n\u00e9galais Macky Sall a fermement rejet\u00e9 les accusations de falsification des finances publiques port\u00e9es par le Premier ministre Ousmane Sonko. Selon lui, ces d\u00e9clarations rel\u00e8vent d\u2019une man\u0153uvre politique visant \u00e0 le discr\u00e9diter.<\/strong><\/p>\n\n\n\n<p>\u00ab Je r\u00e9fute totalement ces all\u00e9gations. Nous avons toujours travaill\u00e9 en toute transparence avec nos partenaires, et chaque ann\u00e9e, la Cour des comptes a valid\u00e9 les finances de l\u2019\u00c9tat. Il est absurde de pr\u00e9tendre aujourd\u2019hui que tout \u00e9tait faux \u00bb, a-t-il d\u00e9clar\u00e9 depuis l\u2019Afrique du Sud, o\u00f9 il participait au lancement de \u00ab La d\u00e9claration du Cap \u00bb, une initiative pour l\u2019all\u00e8gement de la dette africaine.<\/p>\n\n\n\n<p>Macky Sall assure ne pas avoir \u00e9t\u00e9 consult\u00e9 avant la communication des chiffres de la dette par le gouvernement actuel. \u00ab J\u2019ai d\u00e9couvert ces annonces en m\u00eame temps que tout le monde, par la bouche du Premier ministre. \u00c0 aucun moment, on ne nous a demand\u00e9 notre version des faits \u00bb, d\u00e9plore-t-il.<\/p>\n\n\n\n<p>Il insiste \u00e9galement sur l\u2019impossibilit\u00e9 de masquer certaines transactions financi\u00e8res. \u00ab La dette ext\u00e9rieure est, par nature, tra\u00e7able. Elle est contract\u00e9e aupr\u00e8s d\u2019institutions multilat\u00e9rales ou d\u2019\u00c9tats partenaires et transite par la Banque centrale des \u00c9tats de l\u2019Afrique de l\u2019Ouest (BCEAO). Il est donc impossible de la dissimuler \u00bb, affirme l\u2019ex-chef d\u2019\u00c9tat, d\u00e9non\u00e7ant une instrumentalisation politique du d\u00e9bat \u00e9conomique.<\/p>\n\n\n\n<p><strong>C.G. DIOP<\/strong><br>SOURCE LESOLEIL<\/p>\n","protected":false},"excerpt":{"rendered":"<p>L\u2019ancien pr\u00e9sident de la R\u00e9publique, Macky Sall, s\u2019est exprim\u00e9 sur l\u2019actualit\u00e9 politico-judiciaire du S\u00e9n\u00e9gal notamment sur les accusations de falsification<\/p>\n","protected":false},"author":1,"featured_media":33993,"comment_status":"open","ping_status":"open","sticky":false,"template":"","format":"standard","meta":{"footnotes":""},"categories":[6],"tags":[],"class_list":["post-52777","post","type-post","status-publish","format-standard","has-post-thumbnail","hentry","category-politics"],"_links":{"self":[{"href":"https:\/\/dekkbi.com\/index.php?rest_route=\/wp\/v2\/posts\/52777","targetHints":{"allow":["GET"]}}],"collection":[{"href":"https:\/\/dekkbi.com\/index.php?rest_route=\/wp\/v2\/posts"}],"about":[{"href":"https:\/\/dekkbi.com\/index.php?rest_route=\/wp\/v2\/types\/post"}],"author":[{"embeddable":true,"href":"https:\/\/dekkbi.com\/index.php?rest_route=\/wp\/v2\/users\/1"}],"replies":[{"embeddable":true,"href":"https:\/\/dekkbi.com\/index.php?rest_route=%2Fwp%2Fv2%2Fcomments&post=52777"}],"version-history":[{"count":2,"href":"https:\/\/dekkbi.com\/index.php?rest_route=\/wp\/v2\/posts\/52777\/revisions"}],"predecessor-version":[{"id":52806,"href":"https:\/\/dekkbi.com\/index.php?rest_route=\/wp\/v2\/posts\/52777\/revisions\/52806"}],"wp:featuredmedia":[{"embeddable":true,"href":"https:\/\/dekkbi.com\/index.php?rest_route=\/wp\/v2\/media\/33993"}],"wp:attachment":[{"href":"https:\/\/dekkbi.com\/index.php?rest_route=%2Fwp%2Fv2%2Fmedia&parent=52777"}],"wp:term":[{"taxonomy":"category","embeddable":true,"href":"https:\/\/dekkbi.com\/index.php?rest_route=%2Fwp%2Fv2%2Fcategories&post=52777"},{"taxonomy":"post_tag","embeddable":true,"href":"https:\/\/dekkbi.com\/index.php?rest_route=%2Fwp%2Fv2%2Ftags&post=52777"}],"curies":[{"name":"wp","href":"https:\/\/api.w.org\/{rel}","templated":true}]}}