{"id":52750,"date":"2025-02-27T11:15:59","date_gmt":"2025-02-27T11:15:59","guid":{"rendered":"https:\/\/dekkbi.com\/?p=52750"},"modified":"2025-02-27T11:15:59","modified_gmt":"2025-02-27T11:15:59","slug":"ces-binationaux-qui-ont-choisi-le-senegal-et-tracent-la-voie-pour-les-generations-futures","status":"publish","type":"post","link":"https:\/\/dekkbi.com\/?p=52750","title":{"rendered":"Ces binationaux qui ont choisi le S\u00e9n\u00e9gal et tracent la voie pour les g\u00e9n\u00e9rations futures"},"content":{"rendered":"\n<p>Depuis plusieurs ann\u00e9es, le S\u00e9n\u00e9gal s\u2019affirme comme une destination attractive pour les joueurs binationaux \u00e9voluant en Europe. \u00c0 l\u2019image de Kalidou Koulibaly, Abdou Diallo, Pape Gueye, Moussa Niakhat\u00e9, Ismail Jakobs ou encore Iliman Ndiaye, nombreux sont ceux qui ont fait le choix du c\u0153ur en rejoignant la s\u00e9lection s\u00e9n\u00e9galaise. Un engagement fort qui ne se limite pas au terrain, mais qui t\u00e9moigne d\u2019un attachement profond \u00e0 leurs origines. Aujourd\u2019hui, ces choix inspirent d\u2019autres talents en qu\u00eate d\u2019une identit\u00e9 sportive et patriotique.<\/p>\n\n\n\n<p><strong>Un dilemme identitaire et sportif<\/strong><\/p>\n\n\n\n<p>Pour les joueurs n\u00e9s en Europe de parents s\u00e9n\u00e9galais, la question du choix de s\u00e9lection nationale est souvent d\u00e9licate. Form\u00e9s dans les centres europ\u00e9ens et appel\u00e9s en \u00e9quipes de jeunes des pays o\u00f9 ils ont grandi, beaucoup d\u2019entre eux doivent faire face \u00e0 une d\u00e9cision difficile lorsqu\u2019ils atteignent la maturit\u00e9 professionnelle. Faut-il poursuivre avec la nation formatrice ou r\u00e9pondre \u00e0 l\u2019appel du pays d\u2019origine ?<\/p>\n\n\n\n<p>Jusqu\u2019\u00e0 r\u00e9cemment, nombre de talents h\u00e9sitaient \u00e0 choisir le S\u00e9n\u00e9gal, souvent frein\u00e9s par l\u2019image d\u2019un football africain per\u00e7u comme moins structur\u00e9. Mais avec l\u2019\u00e9volution du football s\u00e9n\u00e9galais, une meilleure organisation et des performances convaincantes sur la sc\u00e8ne internationale, le projet des Lions est devenu extr\u00eamement attractif.<\/p>\n\n\n\n<p><strong>&nbsp; &nbsp; &nbsp; &nbsp; &nbsp; &nbsp; &nbsp; &nbsp; &nbsp; &nbsp; &nbsp; &nbsp; &nbsp; &nbsp; &nbsp; &nbsp; &nbsp; &nbsp; &nbsp; &nbsp; &nbsp; &nbsp; &nbsp; &nbsp; &nbsp; Un choix du c\u0153ur : les t\u00e9moignages des Lions<\/strong><\/p>\n\n\n\n<p><strong>Kalidou Koulibaly, le capitaine qui a ouvert la voie<\/strong><\/p>\n\n\n\n<p>Kalidou Koulibaly est l\u2019un des premiers binationaux de renom \u00e0 avoir opt\u00e9 pour le S\u00e9n\u00e9gal apr\u00e8s avoir \u00e9t\u00e9 international Espoirs fran\u00e7ais. En choisissant les Lions en 2015, il a donn\u00e9 un signal fort et trac\u00e9 un chemin pour d\u2019autres. Il s\u2019est longuement exprim\u00e9 sur son choix. \u00ab J\u2019ai grandi en France, mais chez moi, on vivait comme au S\u00e9n\u00e9gal. Mes parents sont s\u00e9n\u00e9galais, et j\u2019ai toujours ressenti cet attachement. J\u2019aurais pu jouer pour la France, mais mon c\u0153ur a parl\u00e9. Aujourd\u2019hui, je suis fier de d\u00e9fendre les couleurs du S\u00e9n\u00e9gal et d\u2019avoir pu soulever la CAN avec cette \u00e9quipe. \u00bb Son engagement a \u00e9t\u00e9 r\u00e9compens\u00e9 en 2022 lorsqu\u2019il a soulev\u00e9 la Coupe d\u2019Afrique des Nations en tant que capitaine, un moment historique qui a consolid\u00e9 la fiert\u00e9 de son choix.<\/p>\n\n\n\n<p><strong>Abdou Diallo : un d\u00e9clic tardif mais une conviction forte<\/strong><\/p>\n\n\n\n<p>Form\u00e9 \u00e0 l\u2019AS Monaco, Abdou Diallo a connu les \u00e9quipes de jeunes de la France avant de prendre une d\u00e9cision m\u00fbrement r\u00e9fl\u00e9chie en 2021. Il a \u00e9t\u00e9 convaincu par le discours d\u2019Aliou Ciss\u00e9 et l\u2019ambiance qui r\u00e8gne dans la s\u00e9lection s\u00e9n\u00e9galaise. \u00ab Je voulais jouer pour un pays qui me correspondait vraiment. Rejoindre le S\u00e9n\u00e9gal, c\u2019\u00e9tait une d\u00e9cision qui avait du sens pour moi et pour ma famille. L\u2019accueil que j\u2019ai re\u00e7u dans cette \u00e9quipe a confirm\u00e9 que j\u2019avais fait le bon choix. \u00bb Aujourd\u2019hui, il est devenu un cadre de la d\u00e9fense s\u00e9n\u00e9galaise et incarne cette nouvelle g\u00e9n\u00e9ration de binationaux qui n\u2019h\u00e9sitent plus \u00e0 opter pour leurs racines.<\/p>\n\n\n\n<p><strong>Moussa Niakhat\u00e9 : un appel irr\u00e9sistible apr\u00e8s avoir d\u00e9clin\u00e9 le Mali<\/strong><\/p>\n\n\n\n<p>Moussa Niakhat\u00e9 a longtemps h\u00e9sit\u00e9 entre plusieurs s\u00e9lections, mais le S\u00e9n\u00e9gal s\u2019est finalement impos\u00e9. Il a notamment d\u00e9clin\u00e9 les avances du Mali avant de r\u00e9pondre \u00e0 l\u2019appel des Lions en 2023. \u00ab J\u2019ai grandi avec un m\u00e9lange culturel, mais mes racines s\u00e9n\u00e9galaises ont toujours \u00e9t\u00e9 tr\u00e8s pr\u00e9sentes dans mon \u00e9ducation. Repr\u00e9senter ce pays est une immense fiert\u00e9 pour moi et ma famille. Quand j\u2019ai vu l\u2019enthousiasme et l\u2019amour que les S\u00e9n\u00e9galais portent \u00e0 leur \u00e9quipe, je n\u2019ai pas h\u00e9sit\u00e9. \u00bb Son choix a \u00e9t\u00e9 rapidement valid\u00e9 par les supporters qui l\u2019ont adopt\u00e9 comme l\u2019un des leurs.<\/p>\n\n\n\n<p><strong>Pape Gueye : la CAN avant la Coupe du Monde<\/strong><\/p>\n\n\n\n<p>Le milieu de terrain de l\u2019OM a connu des complications administratives avant de pouvoir officiellement jouer pour le S\u00e9n\u00e9gal. Mais son attachement au pays n\u2019a jamais faibli. Mieux encore, il a fait une d\u00e9claration qui a marqu\u00e9 les esprits en pla\u00e7ant la CAN au-dessus de la Coupe du Monde. \u00ab Si on me donne le choix entre remporter la Coupe du Monde et la CAN, je choisis la CAN. Ce serait une fiert\u00e9 immense pour moi et pour tout un peuple. Ce troph\u00e9e a une saveur particuli\u00e8re et c\u2019est celui qui m\u2019attire le plus. \u00bb Une prise de position forte qui montre \u00e0 quel point la CAN est pr\u00e9cieuse pour ces joueurs qui ont d\u00e9cid\u00e9 de d\u00e9fendre les couleurs du S\u00e9n\u00e9gal.<\/p>\n\n\n\n<p><strong>Ismail Jakobs, l\u2019un des derniers venu convaincu par l\u2019aventure s\u00e9n\u00e9galaise<\/strong><\/p>\n\n\n\n<p>Lui aussi form\u00e9 en Europe, Ismail Jakobs a fait le choix du S\u00e9n\u00e9gal en 2022. Son int\u00e9gration rapide dans le groupe montre que les binationaux ne sont plus consid\u00e9r\u00e9s comme des \u00ab \u00e9trangers \u00bb, mais comme des Lions \u00e0 part enti\u00e8re. \u00ab J\u2019ai grandi avec une double culture, et j\u2019ai toujours eu une affection particuli\u00e8re pour le S\u00e9n\u00e9gal. L\u2019accueil que j\u2019ai re\u00e7u a \u00e9t\u00e9 incroyable. Aujourd\u2019hui, je me sens pleinement s\u00e9n\u00e9galais sur et en dehors du terrain. \u00bb<\/p>\n\n\n\n<p><strong>Iliman Ndiaye : un r\u00eave de Coupe du Monde avec le S\u00e9n\u00e9gal<\/strong><\/p>\n\n\n\n<p>Iliman Ndiaye, talentueux milieu offensif form\u00e9 en Angleterre, ne cache pas son ambition ultime : remporter la Coupe du Monde avec le S\u00e9n\u00e9gal. \u00ab Je veux \u00e9crire l\u2019histoire avec le S\u00e9n\u00e9gal. Mon r\u00eave, c\u2019est de remporter la Coupe du Monde avec cette \u00e9quipe. Nous avons les talents et le potentiel pour y arriver. \u00bb Une d\u00e9claration audacieuse qui montre l\u2019\u00e9volution de l\u2019\u00e9tat d\u2019esprit des joueurs binationaux : ils ne viennent plus seulement jouer pour le S\u00e9n\u00e9gal, ils viennent pour gagner et r\u00eaver en grand.<\/p>\n\n\n\n<p><strong>Un mod\u00e8le pour les futures g\u00e9n\u00e9rations<\/strong><\/p>\n\n\n\n<p>Ces choix forts ont ouvert la voie \u00e0 d\u2019autres joueurs encore h\u00e9sitants. Les performances du S\u00e9n\u00e9gal \u00e0 la CAN et en Coupe du Monde, combin\u00e9es \u00e0 l\u2019\u00e9volution du football africain, rendent aujourd\u2019hui le projet s\u00e9n\u00e9galais plus attractif que jamais.<\/p>\n\n\n\n<p>Aliou Ciss\u00e9, conscient du potentiel de la diaspora, n\u2019h\u00e9sitait pas \u00e0 aller chercher les talents. Mais avec un discours clair : jouer pour le S\u00e9n\u00e9gal n\u2019est pas un simple choix de carri\u00e8re, c\u2019est une aventure humaine et patriotique. \u00ab Nous voulons des joueurs qui aiment ce maillot, qui comprennent ce qu\u2019il repr\u00e9sente. Ceux qui rejoignent notre \u00e9quipe savent qu\u2019ils font partie d\u2019une grande famille. \u00bb<\/p>\n\n\n\n<p>Avec un effectif de plus en plus renforc\u00e9 par des binationaux talentueux, le S\u00e9n\u00e9gal s\u2019affirme aujourd\u2019hui comme une puissance du football africain et mondial. Et l\u2019histoire ne fait que commencer. Ces Lions ont montr\u00e9 la voie. Reste \u00e0 savoir qui sera le prochain \u00e0 suivre leurs traces.<\/p>\n\n\n\n<p>wiwsport.com<\/p>\n","protected":false},"excerpt":{"rendered":"<p>Depuis plusieurs ann\u00e9es, le S\u00e9n\u00e9gal s\u2019affirme comme une destination attractive pour les joueurs binationaux \u00e9voluant en Europe. \u00c0 l\u2019image de<\/p>\n","protected":false},"author":1,"featured_media":52751,"comment_status":"open","ping_status":"open","sticky":false,"template":"","format":"standard","meta":{"footnotes":""},"categories":[9],"tags":[],"class_list":["post-52750","post","type-post","status-publish","format-standard","has-post-thumbnail","hentry","category-sports"],"_links":{"self":[{"href":"https:\/\/dekkbi.com\/index.php?rest_route=\/wp\/v2\/posts\/52750","targetHints":{"allow":["GET"]}}],"collection":[{"href":"https:\/\/dekkbi.com\/index.php?rest_route=\/wp\/v2\/posts"}],"about":[{"href":"https:\/\/dekkbi.com\/index.php?rest_route=\/wp\/v2\/types\/post"}],"author":[{"embeddable":true,"href":"https:\/\/dekkbi.com\/index.php?rest_route=\/wp\/v2\/users\/1"}],"replies":[{"embeddable":true,"href":"https:\/\/dekkbi.com\/index.php?rest_route=%2Fwp%2Fv2%2Fcomments&post=52750"}],"version-history":[{"count":1,"href":"https:\/\/dekkbi.com\/index.php?rest_route=\/wp\/v2\/posts\/52750\/revisions"}],"predecessor-version":[{"id":52752,"href":"https:\/\/dekkbi.com\/index.php?rest_route=\/wp\/v2\/posts\/52750\/revisions\/52752"}],"wp:featuredmedia":[{"embeddable":true,"href":"https:\/\/dekkbi.com\/index.php?rest_route=\/wp\/v2\/media\/52751"}],"wp:attachment":[{"href":"https:\/\/dekkbi.com\/index.php?rest_route=%2Fwp%2Fv2%2Fmedia&parent=52750"}],"wp:term":[{"taxonomy":"category","embeddable":true,"href":"https:\/\/dekkbi.com\/index.php?rest_route=%2Fwp%2Fv2%2Fcategories&post=52750"},{"taxonomy":"post_tag","embeddable":true,"href":"https:\/\/dekkbi.com\/index.php?rest_route=%2Fwp%2Fv2%2Ftags&post=52750"}],"curies":[{"name":"wp","href":"https:\/\/api.w.org\/{rel}","templated":true}]}}