{"id":52745,"date":"2025-02-27T11:10:01","date_gmt":"2025-02-27T11:10:01","guid":{"rendered":"https:\/\/dekkbi.com\/?p=52745"},"modified":"2025-02-27T11:12:14","modified_gmt":"2025-02-27T11:12:14","slug":"equipe-nationale-apres-assane-diao-ilay-camara-en-route-vers-la-taniere","status":"publish","type":"post","link":"https:\/\/dekkbi.com\/?p=52745","title":{"rendered":"\u00c9quipe Nationale \u2013 Apr\u00e8s Assane Diao, Ilay Camara en route vers la tani\u00e8re !"},"content":{"rendered":"\n<p>Sauf retournement de situation, Ilay Camara devrait bient\u00f4t arborer le maillot de l\u2019\u00e9quipe nationale du S\u00e9n\u00e9gal. Le lat\u00e9ral droit polyvalent de 22 ans, qui \u00e9volue au Standard de Li\u00e8ge, est en passe de rejoindre la tani\u00e8re apr\u00e8s avoir \u00e9t\u00e9 convaincu par le s\u00e9lectionneur Pape Thiaw lors de sa tourn\u00e9e europ\u00e9enne.<\/p>\n\n\n\n<p>Selon Sen Top Team et Match 360 qui ont r\u00e9v\u00e9l\u00e9 l\u2019information :&nbsp;<em>\u201cApr\u00e8s avoir rencontr\u00e9 le s\u00e9lectionneur Pape Thiaw en Belgique, en marge du match Standard Li\u00e8ge contre Genk, le polyvalent arri\u00e8re droit de 22 ans \u00e9tait pr\u00e9sent \u00e0 Paris pour faire son passeport s\u00e9n\u00e9galais. Il devrait recevoir sa convocation courant mars pour int\u00e9grer la tani\u00e8re lors du prochain rassemblement o\u00f9 les Lions affronteront le Soudan et le Togo en \u00e9liminatoires de la Coupe du monde 2026.\u201d<\/em><\/p>\n\n\n\n<p>N\u00e9 en Belgique d\u2019origine s\u00e9n\u00e9galaise, Camara poss\u00e9dait jusque-l\u00e0 la nationalit\u00e9 belge, mais il a entam\u00e9 les d\u00e9marches administratives pour obtenir son passeport s\u00e9n\u00e9galais. Un signe fort de son engagement envers le S\u00e9n\u00e9gal, qui confirme l\u2019int\u00e9r\u00eat grandissant des binationaux pour les Lions.<\/p>\n\n\n\n<p>S\u2019il re\u00e7oit sa convocation comme attendu, Ilay Camara pourrait faire ses d\u00e9buts sous les couleurs du S\u00e9n\u00e9gal d\u00e8s le prochain rassemblement pr\u00e9vu en mars. Il viendra ainsi concurrencer les lat\u00e9raux d\u00e9j\u00e0 pr\u00e9sents et offrir une solution suppl\u00e9mentaire \u00e0 Pape Thiaw. Ce dernier en tourn\u00e9e europ\u00e9enne continue de rencontrer des joueurs. Assane Diao comme annonc\u00e9 par wiwsport et Ilay Camara, aujourd\u2019hui, d\u00e9montrent la volont\u00e9 du technicien d\u2019ouvrir les portes de la tani\u00e8re et d\u2019\u00e9largir son groupe.&nbsp;<\/p>\n\n\n\n<p>En attendant l\u2019officialisation de sa convocation, les supporters s\u00e9n\u00e9galais suivent de pr\u00e8s cette int\u00e9gration qui pourrait \u00eatre une plus-value pour la d\u00e9fense des Lions.<\/p>\n\n\n\n<p>wiwsport.com<\/p>\n","protected":false},"excerpt":{"rendered":"<p>Sauf retournement de situation, Ilay Camara devrait bient\u00f4t arborer le maillot de l\u2019\u00e9quipe nationale du S\u00e9n\u00e9gal. Le lat\u00e9ral droit polyvalent<\/p>\n","protected":false},"author":1,"featured_media":52749,"comment_status":"open","ping_status":"open","sticky":false,"template":"","format":"standard","meta":{"footnotes":""},"categories":[9],"tags":[],"class_list":["post-52745","post","type-post","status-publish","format-standard","has-post-thumbnail","hentry","category-sports"],"_links":{"self":[{"href":"https:\/\/dekkbi.com\/index.php?rest_route=\/wp\/v2\/posts\/52745","targetHints":{"allow":["GET"]}}],"collection":[{"href":"https:\/\/dekkbi.com\/index.php?rest_route=\/wp\/v2\/posts"}],"about":[{"href":"https:\/\/dekkbi.com\/index.php?rest_route=\/wp\/v2\/types\/post"}],"author":[{"embeddable":true,"href":"https:\/\/dekkbi.com\/index.php?rest_route=\/wp\/v2\/users\/1"}],"replies":[{"embeddable":true,"href":"https:\/\/dekkbi.com\/index.php?rest_route=%2Fwp%2Fv2%2Fcomments&post=52745"}],"version-history":[{"count":1,"href":"https:\/\/dekkbi.com\/index.php?rest_route=\/wp\/v2\/posts\/52745\/revisions"}],"predecessor-version":[{"id":52747,"href":"https:\/\/dekkbi.com\/index.php?rest_route=\/wp\/v2\/posts\/52745\/revisions\/52747"}],"wp:featuredmedia":[{"embeddable":true,"href":"https:\/\/dekkbi.com\/index.php?rest_route=\/wp\/v2\/media\/52749"}],"wp:attachment":[{"href":"https:\/\/dekkbi.com\/index.php?rest_route=%2Fwp%2Fv2%2Fmedia&parent=52745"}],"wp:term":[{"taxonomy":"category","embeddable":true,"href":"https:\/\/dekkbi.com\/index.php?rest_route=%2Fwp%2Fv2%2Fcategories&post=52745"},{"taxonomy":"post_tag","embeddable":true,"href":"https:\/\/dekkbi.com\/index.php?rest_route=%2Fwp%2Fv2%2Ftags&post=52745"}],"curies":[{"name":"wp","href":"https:\/\/api.w.org\/{rel}","templated":true}]}}