{"id":52725,"date":"2025-02-27T10:51:22","date_gmt":"2025-02-27T10:51:22","guid":{"rendered":"https:\/\/dekkbi.com\/?p=52725"},"modified":"2025-02-27T10:52:31","modified_gmt":"2025-02-27T10:52:31","slug":"diourbel-concertations-nationales-sur-la-reforme-du-service-public-vers-la-creation-dun-centre-daccueil-et-dorientation","status":"publish","type":"post","link":"https:\/\/dekkbi.com\/?p=52725","title":{"rendered":"Diourbel \u2013 concertations sur la r\u00e9forme du service public"},"content":{"rendered":"\n<p>Vers la cr\u00e9ation d\u2019un centre d\u2019accueil et d\u2019orientation &#8211; <strong>Une rencontre consacr\u00e9e aux concertations nationales sur la r\u00e9forme du service public s\u2019est d\u00e9roul\u00e9e avant-hier, mercredi 25 f\u00e9vrier 2025, \u00e0 la Gouvernance de Diourbel. Elle vise \u00e0 recueillir les avis et les recommandations des diff\u00e9rents acteurs. Cette rencontre devrait d\u00e9boucher sur la mise en place d\u2019un centre d\u2019accueil, d\u2019orientation et d\u2019information.\u00a0<\/strong><\/p>\n\n\n\n<p>L\u2019objectif des concertations nationales sur la r\u00e9forme du service public c\u2019est de recueillir les suggestions et les recommandations des acteurs locaux et les acteurs territoriaux sur le mode d\u2019organisation, de fonctionnement du service public. La rencontre de Diourbel a \u00e9t\u00e9 une occasion, selon Djibril Diop, l\u2019adjoint au gouverneur charg\u00e9 du D\u00e9veloppement&nbsp; de Diourbel, de soulever les difficult\u00e9s auxquelles les usagers du service public sont confront\u00e9s. Il s\u2019agit, entre autres, des probl\u00e8mes li\u00e9s \u00e0 l\u2019accueil mais aussi aux lenteurs des proc\u00e9dures administratives, au souci de d\u00e9mat\u00e9rialisation, de&nbsp; digitalisation, au manque de moyens et mat\u00e9riels, de v\u00e9hicules, \u00e0 la d\u00e9faillance, \u00e0 la n\u00e9cessit\u00e9 de d\u00e9concentrer certains services administratifs, aux comportements des agents publics, au manque d\u2019imputabilit\u00e9 et de professionnalisme des agents du service public, \u00e0 l\u2019am\u00e9lioration de l\u2019accueil au niveau des services publics, \u00e0 la d\u00e9faillance du service de l\u2019\u00e9tat civil.<\/p>\n\n\n\n<p>Les acteurs territoriaux ont profit\u00e9 de cette occasion pour d\u00e9gager des pistes de solutions, en pr\u00e9conisent la mise en place de service d\u2019accueil, d\u2019information et d\u2019orientation pour juguler le probl\u00e8me de l\u2019accueil. Pour Boubacar Samba Diop, consultant,&nbsp;<em>\u00ables discussions ont \u00e9t\u00e9 fructueuses. Le chef de l\u2019Etat, son Excellence Bassirou Diomaye Diakhar Faye, estime que&nbsp; la mise en \u0153uvre de la \u2018\u2019Vision 2050\u2019\u2019 ne pourra avoir un succ\u00e8s que si l\u2019administration est \u00e0 la hauteur\u00bb.&nbsp;<\/em>Et de rappeler, sur la question de l\u2019accueil, de l\u2019orientation et de l\u2019information et des lenteurs des proc\u00e9dures administratives et le comportement des agents, entre autres, que ces points communs \u00e0 toutes les r\u00e9gions ayant abrit\u00e9 ces concertations.<\/p>\n\n\n\n<p><strong>Adama NDIAYE\u00a0<\/strong><br>SUDQUOTIDIEN<\/p>\n","protected":false},"excerpt":{"rendered":"<p>Vers la cr\u00e9ation d\u2019un centre d\u2019accueil et d\u2019orientation &#8211; Une rencontre consacr\u00e9e aux concertations nationales sur la r\u00e9forme du service<\/p>\n","protected":false},"author":1,"featured_media":52726,"comment_status":"open","ping_status":"open","sticky":false,"template":"","format":"standard","meta":{"footnotes":""},"categories":[3],"tags":[],"class_list":["post-52725","post","type-post","status-publish","format-standard","has-post-thumbnail","hentry","category-event-more-news"],"_links":{"self":[{"href":"https:\/\/dekkbi.com\/index.php?rest_route=\/wp\/v2\/posts\/52725","targetHints":{"allow":["GET"]}}],"collection":[{"href":"https:\/\/dekkbi.com\/index.php?rest_route=\/wp\/v2\/posts"}],"about":[{"href":"https:\/\/dekkbi.com\/index.php?rest_route=\/wp\/v2\/types\/post"}],"author":[{"embeddable":true,"href":"https:\/\/dekkbi.com\/index.php?rest_route=\/wp\/v2\/users\/1"}],"replies":[{"embeddable":true,"href":"https:\/\/dekkbi.com\/index.php?rest_route=%2Fwp%2Fv2%2Fcomments&post=52725"}],"version-history":[{"count":3,"href":"https:\/\/dekkbi.com\/index.php?rest_route=\/wp\/v2\/posts\/52725\/revisions"}],"predecessor-version":[{"id":52730,"href":"https:\/\/dekkbi.com\/index.php?rest_route=\/wp\/v2\/posts\/52725\/revisions\/52730"}],"wp:featuredmedia":[{"embeddable":true,"href":"https:\/\/dekkbi.com\/index.php?rest_route=\/wp\/v2\/media\/52726"}],"wp:attachment":[{"href":"https:\/\/dekkbi.com\/index.php?rest_route=%2Fwp%2Fv2%2Fmedia&parent=52725"}],"wp:term":[{"taxonomy":"category","embeddable":true,"href":"https:\/\/dekkbi.com\/index.php?rest_route=%2Fwp%2Fv2%2Fcategories&post=52725"},{"taxonomy":"post_tag","embeddable":true,"href":"https:\/\/dekkbi.com\/index.php?rest_route=%2Fwp%2Fv2%2Ftags&post=52725"}],"curies":[{"name":"wp","href":"https:\/\/api.w.org\/{rel}","templated":true}]}}