{"id":52722,"date":"2025-02-27T10:49:31","date_gmt":"2025-02-27T10:49:31","guid":{"rendered":"https:\/\/dekkbi.com\/?p=52722"},"modified":"2025-02-27T10:49:32","modified_gmt":"2025-02-27T10:49:32","slug":"sedhiou-concertations-regionales-sur-la-reforme-du-service-public-la-region-toujours-a-la-traine-des","status":"publish","type":"post","link":"https:\/\/dekkbi.com\/?p=52722","title":{"rendered":"S\u00e9dhiou \u2013 concertations r\u00e9gionales sur la r\u00e9forme du service public : la r\u00e9gion toujours \u00e0 la tra\u00eene, des"},"content":{"rendered":"\n<p><strong>Des manquements notoires sont identifi\u00e9s dans l\u2019exercice du service public dans la r\u00e9gion de S\u00e9dhiou. Ils ont pour noms mauvaise qualit\u00e9 de l\u2019accueil, des lenteurs administratives, inexistence de certains services, entre autres. C\u2019est du moins ce qui ressort des pl\u00e9ni\u00e8res des concertations r\u00e9gionales sur la r\u00e9forme du service public organis\u00e9es hier, mercredi 26 f\u00e9vrier 2025 par le minist\u00e8re de la Fonction publique et de la R\u00e9forme du Service public. Des propositions sont faites pour abr\u00e9ger la gal\u00e8re des usagers du service public.<\/strong><\/p>\n\n\n\n<p>Ces concertations sur la r\u00e9forme du service public ont servi de tribune aux populations et \u00e0 l\u2019ensemble des sectoriels de l\u2019administration et des entit\u00e9s locales pour passer en revue le fonctionnement de plusieurs institutions et les manquements aux besoins prioritaires. Les \u00e9changes ont surtout relev\u00e9 la mauvaise qualit\u00e9 de l\u2019accueil dans certains services, les lenteurs administratives et l\u2019inaccessibilit\u00e9 \u00e0 certains services par endroits inexistants.<\/p>\n\n\n\n<p>Le Directeur de la Transformation du Secteur public du minist\u00e8re de&nbsp; la Fonction publique et de la R\u00e9forme du Service public, revenant sur les attentes de ces concertations r\u00e9gionales,&nbsp;a relev\u00e9&nbsp;que&nbsp;<em>\u00abc\u2019est vraiment de r\u00e9tablir la confiance entre les usagers et l\u2019administration mais \u00e9galement d\u2019avoir une administration performante, capable de relever les d\u00e9fis qui s\u2019adressent \u00e0 nous. Ce sont des d\u00e9fis \u00e9conomiques et soci\u00e9taux, environnementaux\u00bb,<\/em>&nbsp;a d\u00e9clar\u00e9 Mamadou Abdoulaye Tour\u00e9. Et d\u2019ajouter&nbsp;:&nbsp;<em>\u00abnous avons eu des propositions d\u2019ordre structurel et \u00e9galement d\u2019ordre conjoncturel. Et tout cela sera analys\u00e9 et des r\u00e9formes seront propos\u00e9es \u00e0 cet effet\u00bb.<\/em><\/p>\n\n\n\n<p><strong>DES MESURES D\u2019ACCOMPAGNEMENT POUR LA DIGITALISATION&nbsp;!<\/strong><\/p>\n\n\n\n<p>La digitalisation en cours du service public est magnifi\u00e9e par les participants. Mais l\u2019absence de l\u2019\u00e9lectricit\u00e9 et l\u2019inaccessibilit\u00e9 \u00e0 l\u2019internet dans certaines zones recul\u00e9es sont signal\u00e9es comme une contrainte majeure. A ce sujet, le Directeur de la Transformation du Secteur public a rassur\u00e9 que&nbsp;<em>\u00abdans le cadre de la digitalisation et pour garantir la continuit\u00e9 du service public, nous allons les r\u00e9adapter par rapport aux r\u00e9alit\u00e9s de nos territoires\u00bb,<\/em>&nbsp;at-il dit.<\/p>\n\n\n\n<p>Des recommandations sont faites pour la prise en charge optimale des besoins prioritairement identifi\u00e9s, selon Diadia Dia, le gouverneur de la r\u00e9gion de S\u00e9dhiou.&nbsp;<em>\u00abDes contraintes ont \u00e9t\u00e9 relev\u00e9es et des propositions formul\u00e9es pour am\u00e9liorer la qualit\u00e9 du service public. Nous avons demand\u00e9 \u00e0 chaque chef de service de faire de son mieux pour d\u00e9livrer un service de qualit\u00e9 et avec toute la courtoisie qui sied aux ayant-droits. Par ailleurs, S\u00e9dhiou ne dispose pas de tous les services aussi bien dans la capitale r\u00e9gionale que dans les d\u00e9partements. Et la liste des services concern\u00e9s est remise \u00e0 cette mission du minist\u00e8re de la Fonction publique pour y apporter des solutions idoines\u00bb,&nbsp;<\/em>dixit l\u2019autorit\u00e9.<\/p>\n\n\n\n<p>Dans une approche holistique de la continuit\u00e9 du service public, l\u2019imp\u00e9ratif est aussi d\u2019assurer la continuit\u00e9 du terroir r\u00e9gional de S\u00e9dhiou, par le d\u00e9senclavement, pour que les services soient r\u00e9ellement plus proches des administr\u00e9s.<\/p>\n\n\n\n<p><strong>Moussa DRAME<\/strong><\/p>\n\n\n\n<p><\/p>\n","protected":false},"excerpt":{"rendered":"<p>Des manquements notoires sont identifi\u00e9s dans l\u2019exercice du service public dans la r\u00e9gion de S\u00e9dhiou. Ils ont pour noms mauvaise<\/p>\n","protected":false},"author":1,"featured_media":52723,"comment_status":"open","ping_status":"open","sticky":false,"template":"","format":"standard","meta":{"footnotes":""},"categories":[3],"tags":[],"class_list":["post-52722","post","type-post","status-publish","format-standard","has-post-thumbnail","hentry","category-event-more-news"],"_links":{"self":[{"href":"https:\/\/dekkbi.com\/index.php?rest_route=\/wp\/v2\/posts\/52722","targetHints":{"allow":["GET"]}}],"collection":[{"href":"https:\/\/dekkbi.com\/index.php?rest_route=\/wp\/v2\/posts"}],"about":[{"href":"https:\/\/dekkbi.com\/index.php?rest_route=\/wp\/v2\/types\/post"}],"author":[{"embeddable":true,"href":"https:\/\/dekkbi.com\/index.php?rest_route=\/wp\/v2\/users\/1"}],"replies":[{"embeddable":true,"href":"https:\/\/dekkbi.com\/index.php?rest_route=%2Fwp%2Fv2%2Fcomments&post=52722"}],"version-history":[{"count":1,"href":"https:\/\/dekkbi.com\/index.php?rest_route=\/wp\/v2\/posts\/52722\/revisions"}],"predecessor-version":[{"id":52724,"href":"https:\/\/dekkbi.com\/index.php?rest_route=\/wp\/v2\/posts\/52722\/revisions\/52724"}],"wp:featuredmedia":[{"embeddable":true,"href":"https:\/\/dekkbi.com\/index.php?rest_route=\/wp\/v2\/media\/52723"}],"wp:attachment":[{"href":"https:\/\/dekkbi.com\/index.php?rest_route=%2Fwp%2Fv2%2Fmedia&parent=52722"}],"wp:term":[{"taxonomy":"category","embeddable":true,"href":"https:\/\/dekkbi.com\/index.php?rest_route=%2Fwp%2Fv2%2Fcategories&post=52722"},{"taxonomy":"post_tag","embeddable":true,"href":"https:\/\/dekkbi.com\/index.php?rest_route=%2Fwp%2Fv2%2Ftags&post=52722"}],"curies":[{"name":"wp","href":"https:\/\/api.w.org\/{rel}","templated":true}]}}