{"id":52714,"date":"2025-02-27T10:06:41","date_gmt":"2025-02-27T10:06:41","guid":{"rendered":"https:\/\/dekkbi.com\/?p=52714"},"modified":"2025-02-27T10:44:56","modified_gmt":"2025-02-27T10:44:56","slug":"nouvel-elan-politique-a-thies-retour-sur-le-lancement-du-mouvement-sauver-le-senegal-m2s","status":"publish","type":"post","link":"https:\/\/dekkbi.com\/?p=52714","title":{"rendered":"Nouvel \u00e9lan politique \u00e0 Thi\u00e8s : Retour sur le lancement du mouvement \u00ab\u00a0Sauver le S\u00e9n\u00e9gal\u00a0\u00bb"},"content":{"rendered":"\n<h3 class=\"wp-block-heading\">(LERALNET) &#8211; Un nouvel \u00e9lan politique se signale \u00e0 Thi\u00e8s. Des proches du pr\u00e9sident de Rewmi ont proc\u00e9d\u00e9 ce week-end, au lancement du mouvement \u00ab\u00a0Sauver le S\u00e9n\u00e9gal\u00a0\u00bb (M2S). Retour avec Mamadou Faye, sur les objectifs de leur leader Idrissa Seck et ses partisans\u2026<\/h3>\n\n\n\n<figure class=\"wp-block-embed is-type-rich is-provider-prise-en-charge-des-contenus-embarqu-s wp-block-embed-prise-en-charge-des-contenus-embarqu-s wp-embed-aspect-16-9 wp-has-aspect-ratio\"><div class=\"wp-block-embed__wrapper\">\n<iframe loading=\"lazy\" title=\"Nouvel \u00e9lan politique \u00e0  Thi\u00e8s : retour sur  le lancement du \u00ab Mouvement Sauver le S\u00e9n\u00e9gal (M2S)\" width=\"800\" height=\"450\" src=\"https:\/\/www.youtube.com\/embed\/aHhYPLmg1x8?feature=oembed\" frameborder=\"0\" allow=\"accelerometer; autoplay; clipboard-write; encrypted-media; gyroscope; picture-in-picture; web-share\" referrerpolicy=\"strict-origin-when-cross-origin\" allowfullscreen><\/iframe>\n<\/div><\/figure>\n","protected":false},"excerpt":{"rendered":"<p>(LERALNET) &#8211; Un nouvel \u00e9lan politique se signale \u00e0 Thi\u00e8s. Des proches du pr\u00e9sident de Rewmi ont proc\u00e9d\u00e9 ce week-end,<\/p>\n","protected":false},"author":1,"featured_media":33342,"comment_status":"open","ping_status":"open","sticky":false,"template":"","format":"standard","meta":{"footnotes":""},"categories":[21],"tags":[],"class_list":["post-52714","post","type-post","status-publish","format-standard","has-post-thumbnail","hentry","category-societe"],"_links":{"self":[{"href":"https:\/\/dekkbi.com\/index.php?rest_route=\/wp\/v2\/posts\/52714","targetHints":{"allow":["GET"]}}],"collection":[{"href":"https:\/\/dekkbi.com\/index.php?rest_route=\/wp\/v2\/posts"}],"about":[{"href":"https:\/\/dekkbi.com\/index.php?rest_route=\/wp\/v2\/types\/post"}],"author":[{"embeddable":true,"href":"https:\/\/dekkbi.com\/index.php?rest_route=\/wp\/v2\/users\/1"}],"replies":[{"embeddable":true,"href":"https:\/\/dekkbi.com\/index.php?rest_route=%2Fwp%2Fv2%2Fcomments&post=52714"}],"version-history":[{"count":2,"href":"https:\/\/dekkbi.com\/index.php?rest_route=\/wp\/v2\/posts\/52714\/revisions"}],"predecessor-version":[{"id":52721,"href":"https:\/\/dekkbi.com\/index.php?rest_route=\/wp\/v2\/posts\/52714\/revisions\/52721"}],"wp:featuredmedia":[{"embeddable":true,"href":"https:\/\/dekkbi.com\/index.php?rest_route=\/wp\/v2\/media\/33342"}],"wp:attachment":[{"href":"https:\/\/dekkbi.com\/index.php?rest_route=%2Fwp%2Fv2%2Fmedia&parent=52714"}],"wp:term":[{"taxonomy":"category","embeddable":true,"href":"https:\/\/dekkbi.com\/index.php?rest_route=%2Fwp%2Fv2%2Fcategories&post=52714"},{"taxonomy":"post_tag","embeddable":true,"href":"https:\/\/dekkbi.com\/index.php?rest_route=%2Fwp%2Fv2%2Ftags&post=52714"}],"curies":[{"name":"wp","href":"https:\/\/api.w.org\/{rel}","templated":true}]}}