{"id":52706,"date":"2025-02-27T09:51:25","date_gmt":"2025-02-27T09:51:25","guid":{"rendered":"https:\/\/dekkbi.com\/?p=52706"},"modified":"2025-02-27T09:53:06","modified_gmt":"2025-02-27T09:53:06","slug":"kaolack-concours-de-la-meilleure-mascotte-des-prochains-jeux-olympiques-de-la-jeunesse-les-jeunes-apprenants-du-primaire-senegalais-face-a-un-defi-mondial","status":"publish","type":"post","link":"https:\/\/dekkbi.com\/?p=52706","title":{"rendered":"Concours pour la cr\u00e9ation de la mascotte de \u00abdakar2026\u00bb : pr\u00e8s de 500 \u00e9l\u00e8ves planchent pour l\u2019embl\u00e8me des JOJ"},"content":{"rendered":"\n<p><strong>Le comit\u00e9 d\u2019organisation des JOJ \u00abDakar2026\u00bb en partenariat avec le minist\u00e8re de l\u2019\u00e9ducation nationale ont lanc\u00e9 hier, mercredi le concours national pour la cr\u00e9ation de la mascotte officielle. Une mani\u00e8re pour le comit\u00e9 d\u2019organisation des JOJ d\u2019impliquer les \u00e9l\u00e8ves.&nbsp;&nbsp;Quelque 494 \u00e9l\u00e8ves \u00e2g\u00e9s de 12 \u00e0 18 ans et issus de 16 acad\u00e9mies du S\u00e9n\u00e9gal seront \u00e0 l\u2019\u00e9preuve et vont rivaliser de cr\u00e9ativit\u00e9 et d\u2019originalit\u00e9 pour donner forme \u00e0 l\u2019embl\u00e8me des JOJ.&nbsp;<\/strong><\/p>\n\n\n\n<p>Le comit\u00e9 d\u2019organisation des JOJ Dakar 2026 en partenariat avec le minist\u00e8re de l\u2019\u00e9ducation nationale ont lanc\u00e9 hier, mercredi 26 f\u00e9vrier, le concours national la cr\u00e9ation et&nbsp;&nbsp;&nbsp;le nom de la mascotte officielle des Jeux olympiques. 11 candidats, \u00e2g\u00e9s de 12 \u00e0 18 ans se sont pr\u00e9sent\u00e9s au centre d\u2019examens de l\u2019\u00e9cole Manguier 2 de Dakar. Ils font partie des&nbsp;&nbsp;494 \u00e9l\u00e8ves candidats issus de 16 acad\u00e9miesdu territoire national \u00e0 rivaliser&nbsp;&nbsp;&nbsp;de cr\u00e9ativit\u00e9 et d\u2019inspiration pour la plus originale des&nbsp;mascottes. Un exercice qui n\u2019est pas seulement un exercice de design mais aussi de cr\u00e9ation d\u2019un embl\u00e8me susceptible de rassembler et d\u2019inspirer le public \u00e0 travers des symboles forts et accessibles. Venue superviser l\u2019examen au centre Manguier 2, Nd\u00e8ye Khady Diop secr\u00e9taire g\u00e9n\u00e9rale du minist\u00e8re de l\u2019\u00e9ducation nationale&nbsp;&nbsp;s\u2019est f\u00e9licit\u00e9e de la participation d\u2019un grand nombre d\u2019\u00e9l\u00e8ves.<\/p>\n\n\n\n<p>\u00abDans tous les d\u00e9partements du S\u00e9n\u00e9gal, et au niveau de chaque IF, il y a un centre. Quel que soit le nombre de candidats, nous avons voulu que tout le monde participe.&nbsp;&nbsp;De Ran\u00e9rou, Bounkiling, Saraya, Sal\u00e9mata \u00e0 Dakar. Ce sont tous les jeunes concern\u00e9s par ces Jeux\u00bb, souligne-t-elle.<\/p>\n\n\n\n<p>Ibrahima Wade, coordonnateur g\u00e9n\u00e9ral du comit\u00e9 d\u2019organisation des JOJ Dakar 2026 a, pour sa part, affich\u00e9 sa satisfaction surl\u2019organisation du concours sur le plan national et surtout sur l\u2019implication des \u00e9l\u00e8ves dans cette \u0153uvre de cr\u00e9ation.<\/p>\n\n\n\n<p>\u00abIl n\u2019y a pas meilleure implication&nbsp;que de demander \u00e0 des \u00e9l\u00e8ves, \u00e0 des jeunes, d\u2019imaginer, de faire \u0153uvre de cr\u00e9ativit\u00e9&nbsp;pour donner ce qui entrera dans l\u2019histoire, \u00e0 savoir la mascotte officielle\u00bb, a-t-il d\u00e9clar\u00e9. \u00abC\u2019est d\u00e9j\u00e0 la plus belle r\u00e9compense qu\u2019un enfant puisse avoir,&nbsp;qu\u2019un \u00eatre humain puisse avoir. C\u2019est cette reconnaissance de la nation et du monde.&nbsp;&nbsp;Maintenant, nous sommes en train d\u2019\u00e9tudier les modalit\u00e9s avec le minist\u00e8re de l\u2019\u00e9ducation. Vous savez, le sport et l\u2019olympisme ne vont pas avec un certain nombre de pratiques.&nbsp;&nbsp;Par exemple, les r\u00e9compenses financi\u00e8res pour des jeunes enfants, c\u2019est un principe interdit.&nbsp;Mais, il y a beaucoup de formes de motivation\u00bb, souligne le coordonnateur g\u00e9n\u00e9ral du COJOJ.<\/p>\n\n\n\n<p><strong>Omar DIAW<\/strong> <br>SUDQUOTIDIEN<\/p>\n","protected":false},"excerpt":{"rendered":"<p>Le comit\u00e9 d\u2019organisation des JOJ \u00abDakar2026\u00bb en partenariat avec le minist\u00e8re de l\u2019\u00e9ducation nationale ont lanc\u00e9 hier, mercredi le concours<\/p>\n","protected":false},"author":1,"featured_media":52707,"comment_status":"open","ping_status":"open","sticky":false,"template":"","format":"standard","meta":{"footnotes":""},"categories":[26],"tags":[],"class_list":["post-52706","post","type-post","status-publish","format-standard","has-post-thumbnail","hentry","category-fait-divers"],"_links":{"self":[{"href":"https:\/\/dekkbi.com\/index.php?rest_route=\/wp\/v2\/posts\/52706","targetHints":{"allow":["GET"]}}],"collection":[{"href":"https:\/\/dekkbi.com\/index.php?rest_route=\/wp\/v2\/posts"}],"about":[{"href":"https:\/\/dekkbi.com\/index.php?rest_route=\/wp\/v2\/types\/post"}],"author":[{"embeddable":true,"href":"https:\/\/dekkbi.com\/index.php?rest_route=\/wp\/v2\/users\/1"}],"replies":[{"embeddable":true,"href":"https:\/\/dekkbi.com\/index.php?rest_route=%2Fwp%2Fv2%2Fcomments&post=52706"}],"version-history":[{"count":2,"href":"https:\/\/dekkbi.com\/index.php?rest_route=\/wp\/v2\/posts\/52706\/revisions"}],"predecessor-version":[{"id":52710,"href":"https:\/\/dekkbi.com\/index.php?rest_route=\/wp\/v2\/posts\/52706\/revisions\/52710"}],"wp:featuredmedia":[{"embeddable":true,"href":"https:\/\/dekkbi.com\/index.php?rest_route=\/wp\/v2\/media\/52707"}],"wp:attachment":[{"href":"https:\/\/dekkbi.com\/index.php?rest_route=%2Fwp%2Fv2%2Fmedia&parent=52706"}],"wp:term":[{"taxonomy":"category","embeddable":true,"href":"https:\/\/dekkbi.com\/index.php?rest_route=%2Fwp%2Fv2%2Fcategories&post=52706"},{"taxonomy":"post_tag","embeddable":true,"href":"https:\/\/dekkbi.com\/index.php?rest_route=%2Fwp%2Fv2%2Ftags&post=52706"}],"curies":[{"name":"wp","href":"https:\/\/api.w.org\/{rel}","templated":true}]}}