{"id":52692,"date":"2025-02-27T09:35:58","date_gmt":"2025-02-27T09:35:58","guid":{"rendered":"https:\/\/dekkbi.com\/?p=52692"},"modified":"2025-02-27T09:36:13","modified_gmt":"2025-02-27T09:36:13","slug":"communique-du-conseil-des-ministres-du-mercredi-26-fevrier-2025","status":"publish","type":"post","link":"https:\/\/dekkbi.com\/?p=52692","title":{"rendered":"Communiqu\u00e9 du Conseil des Ministres du mercredi 26 f\u00e9vrier 2025"},"content":{"rendered":"\n<p>Le Chef de l\u2019Etat, Son Excellence, Monsieur Bassirou Diomaye Diakhar FAYE a pr\u00e9sid\u00e9, ce mercredi 26 f\u00e9vrier 2025, la r\u00e9union hebdomadaire du\u00a0Conseil des Ministres,\u00a0au Palais de la R\u00e9publique.<\/p>\n\n\n\n<p>Dans le contexte de l\u2019av\u00e8nement du mois b\u00e9ni de Ramadan, le Pr\u00e9sident de la R\u00e9publique a rappel\u00e9 au Gouvernement, l\u2019imp\u00e9ratif d\u2019assurer sur l\u2019\u00e9tendue du territoire national, l\u2019approvisionnement correct des march\u00e9s en denr\u00e9es et produits essentiels aux prix officiels fix\u00e9s. En cette p\u00e9riode particuli\u00e8re de d\u00e9votion et de ferveur religieuse, il a pri\u00e9 pour un S\u00e9n\u00e9gal de paix, de prosp\u00e9rit\u00e9 et de solidarit\u00e9 et adress\u00e9 ses chaleureuses f\u00e9licitations et ses meilleurs v\u0153ux \u00e0 la Oummah Islamique. Il a adress\u00e9 ses f\u00e9licitations \u00e0 l\u2019Ev\u00eaque de Thi\u00e8s. Monseigneur Andr\u00e9 GUEYE, nomm\u00e9 Archev\u00eaque de Dakar. Il a inform\u00e9 le Conseil qu\u2019il proc\u00e9dera, le jeudi 27 f\u00e9vrier 2025, \u00e0 l\u2019inauguration du Mus\u00e9e d\u00e9di\u00e9 au Proph\u00e8te Mouhammad (PSL).<\/p>\n\n\n\n<p>Le Chef de l\u2019Etat a abord\u00e9 la question de la paix et du d\u00e9veloppement de la r\u00e9gion naturelle de Casamance. Il a saisi cette occasion pour saluer les efforts consentis par l\u2019Etat afin de parvenir \u00e0 la signature, \u00e0 Bissau, le dimanche 23 f\u00e9vrier 2025, d\u2019un accord de paix durable en Casamance. Il a remerci\u00e9 le Pr\u00e9sident de la R\u00e9publique de Guin\u00e9e Bissau, Son Excellence Umaro Sissoco EMBALO, pour son r\u00f4le d\u00e9terminant de facilitateur et f\u00e9licit\u00e9 le Premier Ministre Ousmane SONKO, pour le travail remarquable accompli dans le cadre de la r\u00e9conciliation, de la paix et de la stabilit\u00e9 en Casamance. Il a r\u00e9it\u00e9r\u00e9 son ouverture et sa disponibilit\u00e9 \u00e0 \u0153uvrer avec toutes les parties prenantes en vue d\u2019asseoir une paix durable et la relance rapide des activit\u00e9s \u00e9conomiques et sociales en Casamance, indispensables \u00e0 l\u2019am\u00e9lioration du bien-\u00eatre des populations. Le nouveau plan int\u00e9gr\u00e9 de d\u00e9veloppement durable de la Casamance dit Plan Diomaye pour la Casamance permettra alors, avec la paix retrouv\u00e9e, de d\u00e9velopper le p\u00f5le-territoire \u00e9conomique Casamance conform\u00e9ment \u00e0 la vision d\u2019un S\u00e9n\u00e9gal souverain, juste et prosp\u00e8re.<\/p>\n\n\n\n<p>Par ailleurs, le Pr\u00e9sident de la R\u00e9publique a demand\u00e9 au Ministre en charge des Collectivit\u00e9s territoriales d\u2019engager un dialogue constructif avec les acteurs territoriaux de chacun des huit p\u00f4les identifi\u00e9s afin de mieux conduire le d\u00e9ploiement de cette r\u00e9forme visant la transformation \u00e9conomique inclusive de nos territoires.<\/p>\n\n\n\n<p>Le Chef de l\u2019Etat est revenu sur la 9 \u00e9dition de la Journ\u00e9e nationale de l\u2019Elevage qu\u2019il a pr\u00e9sid\u00e9e, le samedi 22 f\u00e9vrier 2025 \u00e0 Kaolack, pr\u00e9c\u00e9d\u00e9e par la c\u00e9r\u00e9monie de lancement, la veille \u00e0 Koungheul, du Projet de Mobilisation des Ressources en Eau du Bassin versant du Nianijia Bolong (PROMOREN). Il a remerci\u00e9 et f\u00e9licit\u00e9 les autorit\u00e9s administratives, les \u00e9lus locaux ainsi que les populations de Koungheul, Kaffrine, Kaolack et Fatick, pour leur accueil chaleureux et leur mobilisation exceptionnelle. Il a f\u00e9licit\u00e9 le Gouvernement, notanunent le Ministre de l\u2019Hydraulique et de l\u2019Assainissement, le Ministre de l\u2019Agriculture, de la Souverainet\u00e9 alimentaire et de l\u2019Elevage, le Secr\u00e9taire d\u2019Etat aux Coop\u00e9ratives et \u00e0 l\u2019Encadrement paysan pour la parfaite organisation des manifestations. Il a aussi adress\u00e9 ses chaleureuses f\u00e9licitations \u00e0 tous les \u00e9leveurs du S\u00e9n\u00e9gal au regard de leur contribution remarquable \u00e0 la politique de souverainet\u00e9 alimentaire et au d\u00e9veloppement \u00e9conomique et social du pays. D\u00e8s lors, il a indiqu\u00e9 au Gouvernement la n\u00e9cessit\u00e9 de prendre en charge les dol\u00e9ances r\u00e9currentes formul\u00e9es, sous forme de plan d\u2019action, par les \u00e9leveurs et autres op\u00e9rateurs du secteur de l\u2019\u00e9levage et des productions animales, lors de cette importante journ\u00e9e de dialogue sectoriel sur la situation et l\u2019avenir de l\u2019\u00e9levage au S\u00e9n\u00e9gal.<\/p>\n\n\n\n<p>Dans la m\u00eame lanc\u00e9e, le Pr\u00e9sident de la R\u00e9publique a rappel\u00e9 au Premier Ministre l\u2019urgence de tenir avec toutes les parties prenantes, des concertations nationales devant aboutir \u00e0 des solutions op\u00e9rationnelles face \u00e0 la lancinante question du vol de b\u00e9tail. Il a instruit \u00e9galement le Premier Ministre \u00e0 veiller \u00e0 la finalisation, avant fin juin 2025, de tous les textes d\u2019application du Code pastoral, en coh\u00e9rence avec l\u2019\u00e9valuation et l\u2019actualisation de la loi d\u2019orientation agrosylvopastorale. Il a invit\u00e9, en outre, le Gouvernement \u00e0 finaliser les \u00e9tudes relatives au foncier pastoral, \u00e0 renforcer les politiques d\u2019am\u00e9lioration g\u00e9n\u00e9tique du cheptel et \u00e0 optimiser les financements du secteur en impliquant les \u00e9leveurs, les op\u00e9rateurs et les coop\u00e9ratives. Pour clore ce chapitre, il a demand\u00e9 au Ministre en charge de l\u2019\u00e9levage de faire le point, tous les trimestres, sur l\u2019\u00e9tat d\u2019ex\u00e9cution du plan d\u2019action issu des recommandations de la 9 Journ\u00e9e nationale de l\u2019\u00e9levage.<\/p>\n\n\n\n<p>Le Chef de l\u2019Etat a \u00e9voqu\u00e9 le lancement du New Deal technologique qu\u2019il a pr\u00e9sid\u00e9, le lundi 24 f\u00e9vrier 2025. La mise en \u0153uvre optimale de cette strat\u00e9gie phare de l\u2019Agenda national de Transformation va renforcer la souverainet\u00e9 num\u00e9rique du S\u00e9n\u00e9gal, la digitalisation des services publics, l\u2019expansion de l\u2019\u00e9conomie num\u00e9rique et le positionnement international de notre pays dans le d\u00e9veloppement des technologies de l\u2019information et de la communication. Il a f\u00e9licit\u00e9 le Ministre de la Communication, des T\u00e9l\u00e9communications et du Num\u00e9rique, et l\u2019ensemble des acteurs de l\u2019\u00e9cosyst\u00e8me du num\u00e9rique pour l\u2019\u00e9laboration inclusive et collaborative des programmes et projets fondamentaux visant la transformation num\u00e9rique du S\u00e9n\u00e9gal. Il a soulign\u00e9, dans la m\u00eame dynamique, l\u2019importance de consolider les partenariats entre l\u2019Etat et les secteurs priv\u00e9s national et international afin de faciliter l\u2019acc\u00e9s universel \u00e0 Intermet, de d\u00e9velopper les start-up et la formation professionnelle dans le secteur du num\u00e9rique. Il a demand\u00e9 au Ministre en charge du Num\u00e9rique de promouvoir avec les Ministres concern\u00e9s (\u00e9ducation, enseignement sup\u00e9rieur et formation professionnelle), l\u2019\u00e9ducation populaire au num\u00e9rique et le renforcement des capacit\u00e9s et comp\u00e9tences en la mati\u00e8re. Il a indiqu\u00e9, \u00e9galement, l\u2019importance de faire de l\u2019Universit\u00e9 virtuelle du S\u00e9n\u00e9gal Cheikh Hamidou KANE. le socle et l\u2019embl\u00e8me du New Deal technologique-<\/p>\n\n\n\n<p>Le Pr\u00e9sident de la R\u00e9publique a rappel\u00e9 l\u2019urgence d\u2019assurer la coh\u00e9rence et l\u2019interop\u00e9rabilit\u00e9 des syst\u00e8mes d\u2019information de l\u2019Etat, ainsi que la mise en place d\u2019une<\/p>\n\n\n\n<p>infrastructure publique num\u00e9rique performante et r\u00e9siliente avec une maitrise optimale du cyberespace et des donn\u00e9es nationales dont l\u2019h\u00e9bergement doit \u00eatre assur\u00e9 au S\u00e9n\u00e9gal. D\u2019o\u00f9 la priorit\u00e9 \u00e0 accorder aux projets concernant le cloud souverain, l\u2019identit\u00e9 num\u00e9rique unique et la num\u00e9risation du foncier pour promouvoir un am\u00e9nagement coh\u00e9rent du territoire. Il a Indiqu\u00e9, en outre, la n\u00e9cessit\u00e9 d\u2019accompagner les projets prioritaires de d\u00e9veloppement de l\u2019Intelligence artificielle qui doivent b\u00e9n\u00e9ficier d\u2019une labellisation de r\u00e9f\u00e9rence \u00e0 travers le Conseil national du Num\u00e9rique. Par ailleurs, il a demand\u00e9 au Premier Ministre de veiller \u00e0 la mise en \u0153uvre d\u2019un plan concert\u00e9 et pragmatique de digitalisation int\u00e9grale des services publics afin de soutenir l\u2019ancrage d\u2019une administration efficace et transparente dans son action. Il a invit\u00e9 le Premier Ministre, le Ministre en charge du Num\u00e9rique et le Ministre en charge de la Recherche et de l\u2019Innovation \u00e0 proposer des m\u00e9canismes et instruments de financement et de partenariat pour l\u2019innovation technologique dans le num\u00e9rique.<\/p>\n\n\n\n<p>Le Chef de l\u2019Etat a enfin demand\u00e9 au Ministre de la Communication, des T\u00e9l\u00e9communications et du Num\u00e9rique de rendre compte, tous les mois, en Conseil des Ministres, de l\u2019\u00e9tat de mise en \u0153uvre de la nouvelle strat\u00e9gie num\u00e9rique du S\u00e9n\u00e9gal: \u00ab le New Deal technologique \u00bb.<\/p>\n\n\n\n<p>Dans sa communication, le Premier Ministre a fait le point de la mise en \u0153uvre du Plan Diomaye pour la Casamance (PDC) constitu\u00e9 de vingt-deux (22) mesures d\u2019accompagnement arr\u00eat\u00e9es lors du Conseil interminist\u00e9riel tenu en octobre 2024, en faveur des d\u00e9plac\u00e9s de retour dans leur terroir. \u00c0 cet \u00e9gard, des financements ont \u00e9t\u00e9 affect\u00e9s \u00e0 diverses r\u00e9alisations \u00e0 l\u2019actif de l\u2019Agence nationale pour la Relance des Activit\u00e9s en Casamance (ANRAC), du Centre national d\u2019Action Antimine au S\u00e9n\u00e9gal (CNAMS), du Commissariat \u00e0 la S\u00e9curit\u00e9 alimentaire et \u00e0 la R\u00e9silience (CSAR), de la D\u00e9l\u00e9gation g\u00e9n\u00e9rale \u00e0 la Protection sociale et \u00e0 la Solidarit\u00e9 nationale (DGPSN), du Programme de Modernisation des axes et territoires frontaliers (PUMA), du Programme d\u2019Urgence de D\u00e9veloppement communautaire (PUDC), du Programme de D\u00e9veloppement \u00e9conomique de la Casamance (PDEC) et du Comit\u00e9 r\u00e9gional de Solidarit\u00e9 des Femmes pour la Paix en Casamance (CRSFPC\/USOFORAL).<\/p>\n\n\n\n<p>Ces financements ont permis la r\u00e9alisation de puits hydrauliques, l\u2019appui \u00e0 l\u2019entreprenariat agricole des jeunes, la construction d\u2019habitats, l\u2019assainissement, la construction de salles de classe, la poursuite des activit\u00e9s de d\u00e9minage, de cash transfer, de secours alimentaires ainsi que la poursuite du dialogue communautaire. Pour l\u2019ann\u00e9e 2025, outre ces partenaires techniques et financiers, les activit\u00e9s se poursuivront avec l\u2019appui du Minist\u00e8re de la Microfinance et de l\u2019Economie sociale et solidaire, le Minist\u00e8re de l\u2019Agriculture, de la Souverainet\u00e9 alimentaire et de l\u2019Elevage en partenariat avec la soci\u00e9t\u00e9 italienne BONFICHE FERRARESI, le Programme des Nations Unies pour le D\u00e9veloppement (PNUD) et International Charity Organization (ICO).<\/p>\n\n\n\n<p>Le Premier Ministre a invit\u00e9 le Ministre de la Justice et le Ministre de l\u2019Int\u00e9gration africaine et des Affaires Etrang\u00e8res, \u00e0 prendre les dispositions appropri\u00e9es en vue d\u2019acc\u00e9l\u00e9rer les actions portant sur la satisfaction des besoins exprim\u00e9s en actes de naissance et sur les op\u00e9rations de d\u00e9minage. Il a inform\u00e9 le Conseil qu\u2019il convoquera prochainement une r\u00e9union interminist\u00e9rielle pour faire le point sur le niveau de r\u00e9alisation des vingt-deux (22) mesures du Plan Diomaye pour la Casamance.<\/p>\n\n\n\n<p>Par ailleurs, le Premier Ministre est revenu sur les mesures conservatoires et correctives que le Gouvernement entend mettre en \u0153uvre, au regard de la situation difficile des finances publiques, notamment la r\u00e9duction du train de vie de l\u2019Etat, la rationalisation des d\u00e9penses publiques et la mobilisation accrue de recettes fiscales. Il a demand\u00e9 aux membres du Gouvernement, chacun en ce qui le concerne et en particulier le Ministre des Finances et du Budget, le Ministre de l\u2019Economie du Plan et de la Coop\u00e9ration, le Ministre de l\u2019Energie du P\u00e9trole et des Mines, de prendre en charge les diligences requises pour l\u2019application des mesures annonc\u00e9es dans les d\u00e9lais fix\u00e9s.<\/p>\n\n\n\n<p>En outre, conform\u00e9ment aux directives du Chef de l\u2019Etat, il prendra les dispositions idoines en vue de la redynamisation et du fonctionnement rigoureux des comit\u00e9s de tr\u00e9sorerie, de la dette publique et de modulation des d\u00e9penses publiques, mis en place au sein du Minist\u00e8re des Finances et du Budget. Il veillera \u00e9galement aux arbitrages n\u00e9cessaires au titre des projets \u00e0 retenir dans la Loi de Finances rectificative et \u00e0 la restructuration du portefeuille de projets convenu avec les principaux partenaires techniques et financiers du S\u00e9n\u00e9gal.<\/p>\n\n\n\n<p>Enfin, le Premier Ministre a rappel\u00e9 l\u2019importance attach\u00e9e, dans l\u2019agenda du Gouvernement pour un dialogue social permanent et sinc\u00e8re, \u00e0 la premi\u00e8re \u00e9dition des rencontres Gouvernement-Organisations syndicales-Organisations d\u2019employeurs, pr\u00e9vue ce jeudi 27 f\u00e9vrier 2025.<\/p>\n\n\n\n<p><strong>AU TITRE DES COMMUNICATIONS DES MINISTRES :<\/strong><\/p>\n\n\n\n<p>Le Ministre de l\u2019Hydraulique et de l\u2019Assainissement a fait la situation des travaux du barrage hydro\u00e9lectrique de Sambangalou:<\/p>\n\n\n\n<p>Le Ministre de l\u2019Industrie et du Commerce a fait une communication sur l\u2019approvisionnement du march\u00e9 en denr\u00e9es de premi\u00e8re n\u00e9cessit\u00e9:<\/p>\n\n\n\n<p>Le Ministre de la Jeunesse, des Sports et de la Culture a fait le point sur l\u2019organisation des Jeux olympiques de la Jeunesse (JOJ) Dakar 2026;<\/p>\n\n\n\n<p>Le Ministre de l\u2019Agriculture, de la Souverainet\u00e9 alimentaire et de l\u2019Elevage a fait une communication sur la campagne de l\u2019arachide et sur la journ\u00e9e de l\u2019\u00e9levage.<\/p>\n\n\n\n<p><strong>AU TITRE DES TEXTES LEGISLATIFS ET REGLEMENATIRES, Le Conseil a examin\u00e9 et adopt\u00e9:<\/strong><\/p>\n\n\n\n<p>Le Projet de loi autorisant le Pr\u00e9sident de la R\u00e9publique \u00e0 signer l\u2019Instrument d\u2019adh\u00e9sion aux statuts de la Banque de Commerce et de D\u00e9veloppement de l\u2019Afrique de l\u2019Est et Australe (TDB):<\/p>\n\n\n\n<p>Le Projet de loi autorisant le Pr\u00e9sident de la R\u00e9publique \u00e0 signer l\u2019Instrument d\u2019adh\u00e9sion \u00e0 l\u2019Accord portant cr\u00e9ation de la Banque europ\u00e9enne pour la Reconstruction et le D\u00e9veloppement (BERD) sign\u00e9, \u00e0 Paris, le 29 mai 1999, tel que modifi\u00e9 le 22 aout 2012 et le 12 septembre 2013:<\/p>\n\n\n\n<p>Le Projet de loi autorisant le Pr\u00e9sident de la R\u00e9publique \u00e0 signer l\u2019Instrument d\u2019adh\u00e9sion de la Banque asiatique d\u2019Investissement dans les Infrastructures (AllB):<br><br><strong>AU TITRE DES MESURES INDIVIDUELLES, Le Pr\u00e9sident de la R\u00e9publique a pris les d\u00e9cisions suivantes :<\/strong><\/p>\n\n\n\n<p>Au titre du Minist\u00e8re de l\u2019Int\u00e9gration africaine et des Affaires \u00e9trang\u00e8res :<\/p>\n\n\n\n<p>Monsieur Papa DIOP, Conseiller des Affaires \u00e9trang\u00e8res Principal de classe exceptionnelle, matricule de solde 602 570\/J, pr\u00e9c\u00e9demment Ambassadeur du S\u00e9n\u00e9gal en Pologne, est nomm\u00e9 Ambassadeur extraordinaire et pl\u00e9nipotentiaire de la R\u00e9publique du S\u00e9n\u00e9gal, aupr\u00e8s de Son Excellence le Capitaine Ibrahim TRAORE, Pr\u00e9sident du Faso, en remplacement de Monsieur Mbaba Coura NDIAYE, appel\u00e9 \u00e0 d\u2019autres fonctions.<\/p>\n\n\n\n<p>Monsieur Abdoul Wahab AIDARA, Conseiller des Affaires \u00e9trang\u00e8res Principal, matricule de Solde 604 130\/L, pr\u00e9c\u00e9demment Ambassadeur du S\u00e9n\u00e9gal en Inde, est nomm\u00e9 Ambassadeur extraordinaire et pl\u00e9nipotentiaire de la R\u00e9publique du S\u00e9n\u00e9gal aupr\u00e8s de Son Excellence Monsieur Donald J. TRUMP, Pr\u00e9sident des Etats Unis d\u2019Am\u00e9rique, en remplacement de Monsieur Mansour Elimane KANE:<\/p>\n\n\n\n<p>Monsieur Paul Beno\u00eft Barka SARR, Conseiller des Affaires \u00e9trang\u00e8res Principal. matricule de Solde 518 962\/G, est nomm\u00e9 Ambassadeur extraordinaire et pl\u00e9nipotentiaire de la R\u00e9publique du S\u00e9n\u00e9gal aupr\u00e8s de Son Excellence Monsieur Alassane OUATTARA, Pr\u00e9sident de la R\u00e9publique de C\u00f4te d\u2019Ivoire, en remplacement du G\u00e9n\u00e9ral Daouda NIANG, appel\u00e9 \u00e0 d\u2019autres fonctions:<\/p>\n\n\n\n<p>Monsieur Serigne Falilou DIOUF, Chancelier des Affaires \u00e9trang\u00e8res Principal. matricule de solde 616 056\/J, pr\u00e9c\u00e9demment Deuxi\u00e8me Conseiller \u00e0 l\u2019Ambassade du S\u00e9n\u00e9gal au Niger, est nomm\u00e9 Consul g\u00e9n\u00e9ral de la R\u00e9publique du S\u00e9n\u00e9gal \u00e0 Marseille. en remplacement de Monsieur Abdourahmane KOITA.<\/p>\n\n\n\n<p><strong>Le Ministre de la Formation professionnelle et technique, <\/strong><br><strong>Porte-Parole du Gouvernement <\/strong><br><strong>Amadou Moustapha Njekk SARRE<\/strong><\/p>\n","protected":false},"excerpt":{"rendered":"<p>Le Chef de l\u2019Etat, Son Excellence, Monsieur Bassirou Diomaye Diakhar FAYE a pr\u00e9sid\u00e9, ce mercredi 26 f\u00e9vrier 2025, la r\u00e9union<\/p>\n","protected":false},"author":1,"featured_media":35421,"comment_status":"open","ping_status":"open","sticky":false,"template":"","format":"standard","meta":{"footnotes":""},"categories":[6],"tags":[],"class_list":["post-52692","post","type-post","status-publish","format-standard","has-post-thumbnail","hentry","category-politics"],"_links":{"self":[{"href":"https:\/\/dekkbi.com\/index.php?rest_route=\/wp\/v2\/posts\/52692","targetHints":{"allow":["GET"]}}],"collection":[{"href":"https:\/\/dekkbi.com\/index.php?rest_route=\/wp\/v2\/posts"}],"about":[{"href":"https:\/\/dekkbi.com\/index.php?rest_route=\/wp\/v2\/types\/post"}],"author":[{"embeddable":true,"href":"https:\/\/dekkbi.com\/index.php?rest_route=\/wp\/v2\/users\/1"}],"replies":[{"embeddable":true,"href":"https:\/\/dekkbi.com\/index.php?rest_route=%2Fwp%2Fv2%2Fcomments&post=52692"}],"version-history":[{"count":1,"href":"https:\/\/dekkbi.com\/index.php?rest_route=\/wp\/v2\/posts\/52692\/revisions"}],"predecessor-version":[{"id":52693,"href":"https:\/\/dekkbi.com\/index.php?rest_route=\/wp\/v2\/posts\/52692\/revisions\/52693"}],"wp:featuredmedia":[{"embeddable":true,"href":"https:\/\/dekkbi.com\/index.php?rest_route=\/wp\/v2\/media\/35421"}],"wp:attachment":[{"href":"https:\/\/dekkbi.com\/index.php?rest_route=%2Fwp%2Fv2%2Fmedia&parent=52692"}],"wp:term":[{"taxonomy":"category","embeddable":true,"href":"https:\/\/dekkbi.com\/index.php?rest_route=%2Fwp%2Fv2%2Fcategories&post=52692"},{"taxonomy":"post_tag","embeddable":true,"href":"https:\/\/dekkbi.com\/index.php?rest_route=%2Fwp%2Fv2%2Ftags&post=52692"}],"curies":[{"name":"wp","href":"https:\/\/api.w.org\/{rel}","templated":true}]}}