{"id":52681,"date":"2025-02-27T09:25:31","date_gmt":"2025-02-27T09:25:31","guid":{"rendered":"https:\/\/dekkbi.com\/?p=52681"},"modified":"2025-02-27T09:25:45","modified_gmt":"2025-02-27T09:25:45","slug":"aminata-toure-macky-provoc","status":"publish","type":"post","link":"https:\/\/dekkbi.com\/?p=52681","title":{"rendered":"Aminata Tour\u00e9, \u00ab\u00a0Macky provoc&rsquo;\u00a0\u00bb"},"content":{"rendered":"\n<p>Le haut repr\u00e9sentant du pr\u00e9sident de la R\u00e9publique, Aminata Tour\u00e9, condamne la derni\u00e8re sortie m\u00e9diatique de l\u2019ancien Chef de l\u2019\u00c9tat Macky Sall. Sortie dans laquelle M. Sall fait savoir que l\u2019heure est venue pour l\u2019Afrique de \u00ab briser les syst\u00e8mes obsol\u00e8tes, d\u2019exiger des partenariats \u00e9quitables et de cr\u00e9er l\u2019avenir que notre continent m\u00e9rite \u00bb. <\/p>\n\n\n\n<p>Pour l\u2019ancienne Premier ministre, Macky Sall est mal plac\u00e9 pour faire ce genre de d\u00e9claration, assimilant sa prise de parole \u00e0 une provocation \u00e0 la m\u00e9moire des 80 jeunes S\u00e9n\u00e9galais morts sous son r\u00e9gime. \u00ab La communication actuelle de Macky Sall est une v\u00e9ritable provocation \u00e0 la m\u00e9moire des 80 jeunes S\u00e9n\u00e9galais morts sous son r\u00e9gime. Sans compter les scandales financiers que les S\u00e9n\u00e9galais d\u00e9couvrent quotidiennement !<\/p>\n\n\n\n<p>La voix de l\u2019Afrique ne saurait \u00eatre port\u00e9e par Macky Sall, qui doit rendre des comptes ici et maintenant \u00bb, soutient Aminata Tour\u00e9 dans un message publi\u00e9 sur Facebook. Ancienne fonctionnaire de l\u2019Onu, Aminata Tour\u00e9 est ministre de la Justice de 2012 \u00e0 2013, Premier ministre de 2013 \u00e0 2014 et Pr\u00e9sidente du Conseil \u00e9conomique, social et environnemental (Cese) de 2019 \u00e0 2020.<\/p>\n\n\n\n<p><strong>Abdoulaye DIALLO<\/strong> &#8211; LESOLEIL<\/p>\n","protected":false},"excerpt":{"rendered":"<p>Le haut repr\u00e9sentant du pr\u00e9sident de la R\u00e9publique, Aminata Tour\u00e9, condamne la derni\u00e8re sortie m\u00e9diatique de l\u2019ancien Chef de l\u2019\u00c9tat<\/p>\n","protected":false},"author":1,"featured_media":3494,"comment_status":"open","ping_status":"open","sticky":false,"template":"","format":"standard","meta":{"footnotes":""},"categories":[6],"tags":[],"class_list":["post-52681","post","type-post","status-publish","format-standard","has-post-thumbnail","hentry","category-politics"],"_links":{"self":[{"href":"https:\/\/dekkbi.com\/index.php?rest_route=\/wp\/v2\/posts\/52681","targetHints":{"allow":["GET"]}}],"collection":[{"href":"https:\/\/dekkbi.com\/index.php?rest_route=\/wp\/v2\/posts"}],"about":[{"href":"https:\/\/dekkbi.com\/index.php?rest_route=\/wp\/v2\/types\/post"}],"author":[{"embeddable":true,"href":"https:\/\/dekkbi.com\/index.php?rest_route=\/wp\/v2\/users\/1"}],"replies":[{"embeddable":true,"href":"https:\/\/dekkbi.com\/index.php?rest_route=%2Fwp%2Fv2%2Fcomments&post=52681"}],"version-history":[{"count":1,"href":"https:\/\/dekkbi.com\/index.php?rest_route=\/wp\/v2\/posts\/52681\/revisions"}],"predecessor-version":[{"id":52682,"href":"https:\/\/dekkbi.com\/index.php?rest_route=\/wp\/v2\/posts\/52681\/revisions\/52682"}],"wp:featuredmedia":[{"embeddable":true,"href":"https:\/\/dekkbi.com\/index.php?rest_route=\/wp\/v2\/media\/3494"}],"wp:attachment":[{"href":"https:\/\/dekkbi.com\/index.php?rest_route=%2Fwp%2Fv2%2Fmedia&parent=52681"}],"wp:term":[{"taxonomy":"category","embeddable":true,"href":"https:\/\/dekkbi.com\/index.php?rest_route=%2Fwp%2Fv2%2Fcategories&post=52681"},{"taxonomy":"post_tag","embeddable":true,"href":"https:\/\/dekkbi.com\/index.php?rest_route=%2Fwp%2Fv2%2Ftags&post=52681"}],"curies":[{"name":"wp","href":"https:\/\/api.w.org\/{rel}","templated":true}]}}