{"id":52657,"date":"2025-02-26T12:27:27","date_gmt":"2025-02-26T12:27:27","guid":{"rendered":"https:\/\/dekkbi.com\/?p=52657"},"modified":"2025-02-26T12:42:43","modified_gmt":"2025-02-26T12:42:43","slug":"lalgerie-compte-moderniser-sa-strategie-nationale-de-developpement-des-energies-renouvelables-et-de-lefficacite-energetique","status":"publish","type":"post","link":"https:\/\/dekkbi.com\/?p=52657","title":{"rendered":"L&rsquo;Alg\u00e9rie &#8211; \u00e9nergies renouvelables"},"content":{"rendered":"\n<p>La cheffe de cabinet du secr\u00e9taire d&rsquo;Etat aupr\u00e8s du ministre de l&rsquo;Energie, charg\u00e9 des Energies renouvelables, Nacima Rachedi, a pr\u00e9cis\u00e9, \u00e0 l&rsquo;ouverture des travaux d&rsquo;une journ\u00e9e d&rsquo;\u00e9tude sur \u00ab\u00a0les solutions de l&rsquo;\u00e9nergie solaire pour le secteur \u00e9conomique\u00a0\u00bb, que cette strat\u00e9gie permettra la mise en place d&rsquo;un syst\u00e8me \u00e9nerg\u00e9tique int\u00e9gr\u00e9 favorisant l&rsquo;\u00e9largissement de l&rsquo;exploitation des \u00e9nergies renouvelables et l&rsquo;am\u00e9lioration de l&rsquo;efficacit\u00e9 de la consommation de l&rsquo;\u00e9nergie.<a href=\"https:\/\/account.microsoft.com\/privacy\/ad-settings\" target=\"_blank\" rel=\"noreferrer noopener\"><\/a><\/p>\n\n\n\n<p>Dans une allocution prononc\u00e9e au nom du secr\u00e9taire d&rsquo;Etat aupr\u00e8s du ministre de l&rsquo;Energie, charg\u00e9 des Energies renouvelables, M. Noureddine Yassa\u00e2, la responsable a soulign\u00e9 que le gouvernement accordait une grande importance au d\u00e9veloppement des \u00e9nergies renouvelables en tant que secteur strat\u00e9gique qui contribue \u00e0 diversifier l&rsquo;\u00e9conomie nationale et \u00e0 assurer la s\u00e9curit\u00e9 \u00e9nerg\u00e9tique \u00e0 moyen et long terme. Elle a en outre soulign\u00e9 que la cr\u00e9ation d&rsquo;un secr\u00e9tariat d&rsquo;Etat, charg\u00e9 des Energies renouvelables, s&rsquo;inscrivait dans le cadre de cette d\u00e9marche.<\/p>\n\n\n\n<p>Le plan d&rsquo;action sectoriel pr\u00e9voir notamment la cr\u00e9ation d&rsquo;un environnement \u00e9conomique favorable pour soutenir les projets de production d&rsquo;\u00e9lectricit\u00e9 \u00e0 partir de sources renouvelables, et ce, \u00e0 travers le renforcement de l&rsquo;int\u00e9gration industrielle, le d\u00e9veloppement de l&rsquo;industrie locale, la consolidation des r\u00e9seaux \u00e9lectriques, la promotion du partenariat entre les secteurs public et priv\u00e9, tout en drainant les investissements \u00e9trangers.<\/p>\n\n\n\n<p>Mme Rachedi a affirm\u00e9, \u00e0 ce propos, que le travail \u00e9tait en cours pour actualiser les cadres juridiques et r\u00e9glementaires, et mettre en place des m\u00e9canismes encourageants pour la g\u00e9n\u00e9ralisation de l&rsquo;utilisation des \u00e9nergies renouvelables, et ce que cela implique comme soutien \u00e0 la production et l&rsquo;autoconsommation, d\u00e9veloppement de m\u00e9canismes de financement innovants et encouragement des Start-up et micro-entreprises.<\/p>\n\n\n\n<p>Evoquant les efforts du secteur en mati\u00e8re de ma\u00eetrise de l&rsquo;\u00e9nergie, la responsable a insist\u00e9 sur l&rsquo;importance de la rationalisation de la consommation dans les secteurs vitaux, \u00e0 savoir l&rsquo;Habitat, les Transports et l&rsquo;Industrie, \u00e0 travers des plans d&rsquo;action avec des indicateurs de performance et un calendrier afin de garantir l&rsquo;obtention des r\u00e9sultats escompt\u00e9s.<\/p>\n\n\n\n<p>Pour ce qui est des projets en cours de r\u00e9alisation, Mme Rachedi a rappel\u00e9 le lancement d&rsquo;un programme pr\u00e9voyant la production de 3000 m\u00e9gawatts d&rsquo;\u00e9nergie solaire via 20 nouvelles stations, en sus d&rsquo;une centrale solaire dans la wilaya de Tindouf d&rsquo;une capacit\u00e9 de 200 m\u00e9gawatts, \u00e0 l&rsquo;effet de r\u00e9pondre aux besoins de la r\u00e9gion et en soutien aux projets d&rsquo;exploitation de la mine de Gara Djebilet.<\/p>\n\n\n\n<p>L&rsquo;Alg\u00e9rie travaille \u00e9galement \u00e0 l&rsquo;hybridation des syst\u00e8mes d&rsquo;\u00e9nergie solaires avec les centrales \u00e9lectriques fonctionnant au diesel dans le sud, outre les projets d&rsquo;\u00e9nergie solaire pour les sites de Sonatrach, a-t-elle ajout\u00e9, pr\u00e9cisant que la capacit\u00e9 totale install\u00e9e des \u00e9nergies renouvelables devrait d\u00e9passer 4.000 m\u00e9gawatts.<\/p>\n\n\n\n<p>Dans le cadre de la diversification des sources de l&rsquo;\u00e9nergie, l&rsquo;Alg\u00e9rie pr\u00e9voit l&rsquo;int\u00e9gration de l&rsquo;\u00e9nergie \u00e9olienne dans ses projets futurs. En collaboration avec la Banque mondiale (BM), un projet de production de 1.000 m\u00e9gawatts d&rsquo;\u00e9nergie \u00e9olienne \u00e0 travers 10 sites a \u00e9t\u00e9 lanc\u00e9, au vu du grand potentiel du pays en la mati\u00e8re.<\/p>\n\n\n\n<p>Organis\u00e9e par \u00ab\u00a0Green Energy Cluster Algeria\u00a0\u00bb, cette journ\u00e9e d&rsquo;\u00e9tude a \u00e9t\u00e9 marqu\u00e9e par la participation de repr\u00e9sentants d&rsquo;entreprises publiques et priv\u00e9es, et d&rsquo;experts dans le domaine. Elle a \u00e9galement \u00e9t\u00e9 l&rsquo;occasion pour pr\u00e9senter des solutions et des applications innovantes dans le domaine de l&rsquo;\u00e9nergie solaire photovolta\u00efque, mettant l&rsquo;accent sur le mod\u00e8le d&rsquo;autoconsommation de l&rsquo;\u00e9nergie sans recourir au r\u00e9seau de Sonelgaz.<\/p>\n\n\n\n<p>A ce propos, Farida Barka, membre du conseil d&rsquo;administration du Groupe, a expliqu\u00e9 que les PME locales pourraient contribuer de mani\u00e8re efficace au programme des \u00e9nergies renouvelables, et ce en pla\u00e7ant les panneaux solaires sur les toits des usines, des b\u00e2tisses et des foyers, ou sur les terres agricoles.<\/p>\n\n\n\n<p>Et de soutenir que ces projets offrent l&rsquo;avantage de la proximit\u00e9 des centres de consommation, ce qui permettra de contribuer \u00e0 la r\u00e9duction des co\u00fbts du transport et de distribution de l&rsquo;\u00e9lectricit\u00e9, et de soutenir la cr\u00e9ation de PME alg\u00e9riennes capables de g\u00e9n\u00e9rer de la richesse et de cr\u00e9er de l&#8217;emploi.<\/p>\n\n\n\n<p>Cette rencontre a \u00e9t\u00e9 ponctu\u00e9e par un \u00e9change d&rsquo;id\u00e9es sur les moyens \u00e0 m\u00eame de d\u00e9velopper les \u00e9nergies renouvelables en Alg\u00e9rie, outre la pr\u00e9sentation d&rsquo;une batterie de propositions et de recommandations visant \u00e0 soutenir l&rsquo;investissement dans ce domaine, contribuant ainsi \u00e0 accroitre la part des \u00e9nergies propres dans le mix \u00e9nerg\u00e9tique national et \u00e0 renforcer la s\u00e9curit\u00e9 \u00e9nerg\u00e9tique du pays.<\/p>\n\n\n\n<p>Provided by SyndiGate Media Inc. <\/p>\n","protected":false},"excerpt":{"rendered":"<p>La cheffe de cabinet du secr\u00e9taire d&rsquo;Etat aupr\u00e8s du ministre de l&rsquo;Energie, charg\u00e9 des Energies renouvelables, Nacima Rachedi, a pr\u00e9cis\u00e9,<\/p>\n","protected":false},"author":1,"featured_media":52658,"comment_status":"open","ping_status":"open","sticky":false,"template":"","format":"standard","meta":{"footnotes":""},"categories":[51],"tags":[],"class_list":["post-52657","post","type-post","status-publish","format-standard","has-post-thumbnail","hentry","category-general"],"_links":{"self":[{"href":"https:\/\/dekkbi.com\/index.php?rest_route=\/wp\/v2\/posts\/52657","targetHints":{"allow":["GET"]}}],"collection":[{"href":"https:\/\/dekkbi.com\/index.php?rest_route=\/wp\/v2\/posts"}],"about":[{"href":"https:\/\/dekkbi.com\/index.php?rest_route=\/wp\/v2\/types\/post"}],"author":[{"embeddable":true,"href":"https:\/\/dekkbi.com\/index.php?rest_route=\/wp\/v2\/users\/1"}],"replies":[{"embeddable":true,"href":"https:\/\/dekkbi.com\/index.php?rest_route=%2Fwp%2Fv2%2Fcomments&post=52657"}],"version-history":[{"count":2,"href":"https:\/\/dekkbi.com\/index.php?rest_route=\/wp\/v2\/posts\/52657\/revisions"}],"predecessor-version":[{"id":52663,"href":"https:\/\/dekkbi.com\/index.php?rest_route=\/wp\/v2\/posts\/52657\/revisions\/52663"}],"wp:featuredmedia":[{"embeddable":true,"href":"https:\/\/dekkbi.com\/index.php?rest_route=\/wp\/v2\/media\/52658"}],"wp:attachment":[{"href":"https:\/\/dekkbi.com\/index.php?rest_route=%2Fwp%2Fv2%2Fmedia&parent=52657"}],"wp:term":[{"taxonomy":"category","embeddable":true,"href":"https:\/\/dekkbi.com\/index.php?rest_route=%2Fwp%2Fv2%2Fcategories&post=52657"},{"taxonomy":"post_tag","embeddable":true,"href":"https:\/\/dekkbi.com\/index.php?rest_route=%2Fwp%2Fv2%2Ftags&post=52657"}],"curies":[{"name":"wp","href":"https:\/\/api.w.org\/{rel}","templated":true}]}}