{"id":52648,"date":"2025-02-26T10:45:10","date_gmt":"2025-02-26T10:45:10","guid":{"rendered":"https:\/\/dekkbi.com\/?p=52648"},"modified":"2025-02-26T10:45:10","modified_gmt":"2025-02-26T10:45:10","slug":"dette-due-aux-entreprises-les-btp-interpellent-letat","status":"publish","type":"post","link":"https:\/\/dekkbi.com\/?p=52648","title":{"rendered":"Dette due aux entreprises : Les Btp interpellent l\u2019\u00c9tat"},"content":{"rendered":"\n<p><strong>Le patronat du secteur du B\u00e2timent et travaux publics (Btp) a profit\u00e9 de l\u2019inauguration du nouveau si\u00e8ge du Syndicat professionnel des entrepreneurs du Btp du S\u00e9n\u00e9gal (Spebtps), baptis\u00e9 feu Aliou Ardo Sow, pour inviter l\u2019Etat \u00e0 solder la dette due aux entreprises.<\/strong><strong>Par Dialigu\u00e9 FAYE \u2013&nbsp;<\/strong><\/p>\n\n\n\n<p>\u00abNotre secteur fait face \u00e0 des d\u00e9fis majeurs qui menacent sa p\u00e9rennit\u00e9 et sa capacit\u00e9 \u00e0 jouer pleinement son r\u00f4le dans l\u2019\u00e9mergence du S\u00e9n\u00e9gal\u00bb, a d\u00e9clar\u00e9 hier le pr\u00e9sident du Syndicat professionnel des entrepreneurs du Btp du S\u00e9n\u00e9gal (Spebtps). Et comme premier d\u00e9fi, Oumar Ndir a soulign\u00e9 \u00abla dette colossale due aux entreprises\u00bb. \u00abDe nombreuses entreprises du Btp souffrent des retards de paiement qui s\u2019accumulent. Ces dettes mettent en p\u00e9ril la tr\u00e9sorerie des entreprises, compromettent leur capacit\u00e9 \u00e0 investir et \u00e0 embaucher, et fragilisent l\u2019\u00e9cosyst\u00e8me \u00e9conomique qui en d\u00e9pend\u00bb, explique Oumar Ndir au ministre des Infrastructures, des transports terrestres et a\u00e9riens venu pr\u00e9sider l\u2019inauguration du nouveau si\u00e8ge du Spebtps sis \u00e0 Keur Gorgui. Avant de lui demander d\u2019\u00eatre leur \u00abinterpr\u00e8te aupr\u00e8s des plus hautes autorit\u00e9s afin que cette dette soit rapidement sold\u00e9e\u00bb.<\/p>\n\n\n\n<p>Aussi, rel\u00e8ve le patron du Spebtps, \u00abl\u2019acc\u00e8s aux march\u00e9s publics reste un parcours du combattant pour de nombreuses entreprises locales\u00bb. Face \u00e0 cette situation, il appelle \u00e0 \u00absimplifier les proc\u00e9dures, rendre les appels d\u2019offres plus transparents et plus accessibles, et surtout, \u00abappliquer strictement les clauses de pr\u00e9f\u00e9rence\u00bb permettant d\u2019attribuer la commande publique au secteur priv\u00e9 national\u00bb. En effet, d\u00e9fend-il, \u00abnos entreprises ont les comp\u00e9tences, l\u2019expertise et la volont\u00e9 de contribuer au d\u00e9veloppement du pays. Donnons-leur les moyens de le faire\u00bb.<\/p>\n\n\n\n<p>L\u2019accompagnement des entreprises et le transfert de technologies restent, par ailleurs, un besoin. \u00abNos entreprises sont cr\u00e9atrices d\u2019emplois et des actrices-cl\u00e9s de l\u2019innovation. Pour qu\u2019elles puissent continuer \u00e0 jouer ce r\u00f4le, elles ont besoin d\u2019un accompagnement fort de l\u2019Etat et de ses partenaires. Cela passe par des politiques publiques adapt\u00e9es, des formations de qualit\u00e9, et surtout, par un \u00abtransfert de technologies\u00bb qui nous permettra de monter en comp\u00e9tence et de nous positionner sur des projets de plus en plus complexes et ambitieux\u00bb, plaide l\u2019entrepreneur.<\/p>\n\n\n\n<p>D\u2019autres sujets tels que l\u2019allotissement des march\u00e9s, la cotraitance entre entreprises nationales et entreprises \u00e9trang\u00e8res, l\u2019acc\u00e8s prioritaire aux offres spontan\u00e9es, avec garantie de l\u2019Etat si n\u00e9cessaire, ont \u00e9t\u00e9 \u00e9voqu\u00e9s par les entrepreneurs du Btp. Qui se disent convaincus de \u00abla capacit\u00e9 du S\u00e9n\u00e9gal \u00e0 se hisser au rang des nations \u00e9mergentes\u00bb. \u00abMais pour y parvenir, nous devons travailler main dans la main, dans un esprit de collaboration et de confiance mutuelle. Le secteur du Btp est pr\u00eat \u00e0 jouer sa partition, mais nous avons besoin d\u2019un environnement favorable, d\u2019un dialogue constructif et d\u2019actions concr\u00e8tes pour surmonter les obstacles qui entravent notre croissance\u00bb, assure M. Ndir. Corroborant ce dernier, Ba\u00efdy Agne, pr\u00e9sident du Conseil national du patronat (Cnp), pr\u00e9cise que la dette int\u00e9rieure s\u2019est amplifi\u00e9e depuis 2023. Ainsi, les dettes contract\u00e9es par les entreprises aupr\u00e8s du secteur bancaire et des fournisseurs, ainsi que les obligations fiscales et sociales, sont devenues de plus en plus difficiles \u00e0 honorer, faute de tr\u00e9sorerie.<\/p>\n\n\n\n<p>Et ces dol\u00e9ances ne sont pas tomb\u00e9es dans l\u2019oreille d\u2019un sourd. \u00abJ\u2019ai not\u00e9 des mots forts\u00a0: paiement de dette int\u00e9rieure, pr\u00e9f\u00e9rence nationale, contenu local, offre spontan\u00e9e\u2026 Je peux dire, sans pr\u00e9tendre y donner tout de suite une r\u00e9ponse, que j\u2019en accuse r\u00e9ception et j\u2019estime que c\u2019est dans un esprit de partenariat solide et \u00e9quilibr\u00e9 que ces d\u00e9fis seront relev\u00e9s\u00bb, a dit Yankhoba Di\u00e9m\u00e9. Le ministre des Infrastructures, des transports terrestres et a\u00e9riens ajoute que \u00abl\u2019Etat du S\u00e9n\u00e9gal accorde une place centrale aux infrastructures dans sa strat\u00e9gie de d\u00e9veloppement \u00e9conomique et social. Et cela appara\u00eet clairement dans l\u2019agenda national de transformation S\u00e9n\u00e9gal vision 2050, qu\u2019il s\u2019agisse de routes, d\u2019autoroutes, de ponts, de ports secs ou humides, d\u2019a\u00e9roports, d\u2019infrastructures ferroviaires ou simplement d\u2019\u00e9difices publics. La volont\u00e9 d\u2019y aller avec le secteur priv\u00e9 s\u00e9n\u00e9galais est sans \u00e9quivoque\u00bb.<\/p>\n\n\n\n<p><strong>dialigue@lequotidien.sn<\/strong><\/p>\n\n\n\n<p>SOURCE LEQUOTIDIEN<\/p>\n","protected":false},"excerpt":{"rendered":"<p>Le patronat du secteur du B\u00e2timent et travaux publics (Btp) a profit\u00e9 de l\u2019inauguration du nouveau si\u00e8ge du Syndicat professionnel<\/p>\n","protected":false},"author":1,"featured_media":45837,"comment_status":"open","ping_status":"open","sticky":false,"template":"","format":"standard","meta":{"footnotes":""},"categories":[6],"tags":[],"class_list":["post-52648","post","type-post","status-publish","format-standard","has-post-thumbnail","hentry","category-politics"],"_links":{"self":[{"href":"https:\/\/dekkbi.com\/index.php?rest_route=\/wp\/v2\/posts\/52648","targetHints":{"allow":["GET"]}}],"collection":[{"href":"https:\/\/dekkbi.com\/index.php?rest_route=\/wp\/v2\/posts"}],"about":[{"href":"https:\/\/dekkbi.com\/index.php?rest_route=\/wp\/v2\/types\/post"}],"author":[{"embeddable":true,"href":"https:\/\/dekkbi.com\/index.php?rest_route=\/wp\/v2\/users\/1"}],"replies":[{"embeddable":true,"href":"https:\/\/dekkbi.com\/index.php?rest_route=%2Fwp%2Fv2%2Fcomments&post=52648"}],"version-history":[{"count":1,"href":"https:\/\/dekkbi.com\/index.php?rest_route=\/wp\/v2\/posts\/52648\/revisions"}],"predecessor-version":[{"id":52649,"href":"https:\/\/dekkbi.com\/index.php?rest_route=\/wp\/v2\/posts\/52648\/revisions\/52649"}],"wp:featuredmedia":[{"embeddable":true,"href":"https:\/\/dekkbi.com\/index.php?rest_route=\/wp\/v2\/media\/45837"}],"wp:attachment":[{"href":"https:\/\/dekkbi.com\/index.php?rest_route=%2Fwp%2Fv2%2Fmedia&parent=52648"}],"wp:term":[{"taxonomy":"category","embeddable":true,"href":"https:\/\/dekkbi.com\/index.php?rest_route=%2Fwp%2Fv2%2Fcategories&post=52648"},{"taxonomy":"post_tag","embeddable":true,"href":"https:\/\/dekkbi.com\/index.php?rest_route=%2Fwp%2Fv2%2Ftags&post=52648"}],"curies":[{"name":"wp","href":"https:\/\/api.w.org\/{rel}","templated":true}]}}