{"id":52640,"date":"2025-02-26T10:35:19","date_gmt":"2025-02-26T10:35:19","guid":{"rendered":"https:\/\/dekkbi.com\/?p=52640"},"modified":"2025-02-26T10:36:05","modified_gmt":"2025-02-26T10:36:05","slug":"samuel-sarr-toujours-en-detention-espoir-brise-le-juge-dit-non-pour-la-troisieme-fois","status":"publish","type":"post","link":"https:\/\/dekkbi.com\/?p=52640","title":{"rendered":"Samuel Sarr toujours en d\u00e9tention : Espoir Bris\u00e9 ?"},"content":{"rendered":"\n<p>Le Juge Dit Non pour la Troisi\u00e8me Fois &#8211; L\u2019espoir d\u2019une lib\u00e9ration s\u2019\u00e9loigne encore pour Samuel Am\u00e9te Sarr. Selon\u00a0<strong>L\u2019Observateur<\/strong>, le Juge d\u2019instruction du 8e Cabinet du Tribunal de Grande Instance hors classe de Dakar, Madjigu\u00e8ne Tour\u00e9 Di\u00e8ne, a oppos\u00e9 une fin de non-recevoir \u00e0 la troisi\u00e8me demande de mise en libert\u00e9 provisoire de l\u2019ancien ministre de l\u2019\u00c9nergie, inculp\u00e9 pour\u00a0<strong>abus de biens sociaux<\/strong>\u00a0dans l\u2019affaire\u00a0<strong>West African Energy<\/strong>.<br><br>C\u2019est un nouvel \u00e9chec pour ses avocats qui, apr\u00e8s avoir vu une premi\u00e8re requ\u00eate rejet\u00e9e le\u00a0<strong>5 f\u00e9vrier 2025<\/strong>, esp\u00e9raient cette fois convaincre la magistrate en charge du dossier. Mais le verdict rendu\u00a0<strong>le 21 f\u00e9vrier<\/strong>\u00a0est sans appel :\u00a0<strong>Samuel Sarr reste en prison<\/strong>.<br><br><strong>Pourquoi un tel acharnement ?<\/strong><br><br>D\u2019apr\u00e8s\u00a0<strong>L\u2019Observateur<\/strong>, la justice estime que\u00a0<strong>rien ne justifie une remise en libert\u00e9<\/strong>. Le juge a motiv\u00e9 sa d\u00e9cision par\u00a0<strong>l\u2019absence d\u2019\u00e9volution substantielle du dossier<\/strong>, soulignant que\u00a0<strong>les faits reproch\u00e9s restent inchang\u00e9s<\/strong>. Pire encore, une lib\u00e9ration pourrait compromettre l\u2019enqu\u00eate, notamment en facilitant une\u00a0<strong>concertation avec d\u2019autres protagonistes de l\u2019affaire<\/strong>.<br><br><strong>Un appel, dernier espoir des avocats<\/strong><br><br>Face \u00e0 ce nouveau revers, la d\u00e9fense ne s\u2019avoue pas vaincue. Les avocats de\u00a0<strong>Samuel Sarr<\/strong>\u00a0ont imm\u00e9diatement interjet\u00e9 appel de la d\u00e9cision, esp\u00e9rant obtenir gain de cause devant une juridiction sup\u00e9rieure. Mais le\u00a0<strong>Procureur de la R\u00e9publique<\/strong>\u00a0reste ferme :\u00a0<strong>selon lui, toute libert\u00e9 provisoire nuirait \u00e0 la bonne marche de l\u2019instruction<\/strong>.<br><br>Pendant ce temps, l\u2019ancien patron de la\u00a0<strong>Senelec<\/strong>\u00a0et ex-ministre de l\u2019\u00c9nergie demeure\u00a0<strong>en d\u00e9tention provisoire<\/strong>, attendant de savoir si la justice finira par acc\u00e9der \u00e0 sa requ\u00eate\u2026 ou si l\u2019\u00e9tau continuera de se resserrer autour de lui.<\/p>\n\n\n\n<p>SOURCE DAKARACTU<\/p>\n\n\n\n<p><\/p>\n","protected":false},"excerpt":{"rendered":"<p>Le Juge Dit Non pour la Troisi\u00e8me Fois &#8211; L\u2019espoir d\u2019une lib\u00e9ration s\u2019\u00e9loigne encore pour Samuel Am\u00e9te Sarr. Selon\u00a0L\u2019Observateur, le<\/p>\n","protected":false},"author":1,"featured_media":48254,"comment_status":"open","ping_status":"open","sticky":false,"template":"","format":"standard","meta":{"footnotes":""},"categories":[26],"tags":[],"class_list":["post-52640","post","type-post","status-publish","format-standard","has-post-thumbnail","hentry","category-fait-divers"],"_links":{"self":[{"href":"https:\/\/dekkbi.com\/index.php?rest_route=\/wp\/v2\/posts\/52640","targetHints":{"allow":["GET"]}}],"collection":[{"href":"https:\/\/dekkbi.com\/index.php?rest_route=\/wp\/v2\/posts"}],"about":[{"href":"https:\/\/dekkbi.com\/index.php?rest_route=\/wp\/v2\/types\/post"}],"author":[{"embeddable":true,"href":"https:\/\/dekkbi.com\/index.php?rest_route=\/wp\/v2\/users\/1"}],"replies":[{"embeddable":true,"href":"https:\/\/dekkbi.com\/index.php?rest_route=%2Fwp%2Fv2%2Fcomments&post=52640"}],"version-history":[{"count":2,"href":"https:\/\/dekkbi.com\/index.php?rest_route=\/wp\/v2\/posts\/52640\/revisions"}],"predecessor-version":[{"id":52642,"href":"https:\/\/dekkbi.com\/index.php?rest_route=\/wp\/v2\/posts\/52640\/revisions\/52642"}],"wp:featuredmedia":[{"embeddable":true,"href":"https:\/\/dekkbi.com\/index.php?rest_route=\/wp\/v2\/media\/48254"}],"wp:attachment":[{"href":"https:\/\/dekkbi.com\/index.php?rest_route=%2Fwp%2Fv2%2Fmedia&parent=52640"}],"wp:term":[{"taxonomy":"category","embeddable":true,"href":"https:\/\/dekkbi.com\/index.php?rest_route=%2Fwp%2Fv2%2Fcategories&post=52640"},{"taxonomy":"post_tag","embeddable":true,"href":"https:\/\/dekkbi.com\/index.php?rest_route=%2Fwp%2Fv2%2Ftags&post=52640"}],"curies":[{"name":"wp","href":"https:\/\/api.w.org\/{rel}","templated":true}]}}