{"id":52636,"date":"2025-02-26T10:32:03","date_gmt":"2025-02-26T10:32:03","guid":{"rendered":"https:\/\/dekkbi.com\/?p=52636"},"modified":"2025-02-26T10:32:56","modified_gmt":"2025-02-26T10:32:56","slug":"saint-louis-pour-ameliorer-les-enseignements-et-apprentissages-dans-les-daaras-prescolaires-unicef-octroie-30-millions-de-materiels-ludiques-et-didactiques-a-lia","status":"publish","type":"post","link":"https:\/\/dekkbi.com\/?p=52636","title":{"rendered":"Saint-Louis \u2013 UNICEF octroie 30 millions de mat\u00e9riels ludiques et didactiques \u00e0 l\u2019IA"},"content":{"rendered":"\n<p><strong>Les autorit\u00e9s de l\u2019Inspection d\u2019Acad\u00e9mie de Saint-Louis&nbsp;ont r\u00e9ceptionn\u00e9&nbsp;<\/strong><strong>hier,<\/strong><strong>&nbsp;mardi<\/strong><strong>&nbsp;25 f\u00e9vrier 2025,&nbsp;<\/strong><strong>un lot de mat\u00e9riels ludiques et p\u00e9dagogiques destin\u00e9s aux daaras pr\u00e9scolaires de la r\u00e9gion. C\u2019est un don de l\u2019UNICEF, en partenariat avec la Ko\u00efca, la Coop\u00e9ration cor\u00e9enne, dans le cadre de leur projet de d\u00e9veloppement de la petite enfance au S\u00e9n\u00e9gal. D\u2019une valeur de 30 millions de FCFA, ce lot de mat\u00e9riels sera distribu\u00e9 \u00e0 40 daaras de Saint-Louis, en vue d\u2019y am\u00e9liorer les enseignements et apprentissages. La c\u00e9r\u00e9monie de remise de ce mat\u00e9riel s\u2019est d\u00e9roul\u00e9e en pr\u00e9sence de la Directrice g\u00e9n\u00e9rale de l\u2019Agence Nationale de la Petite Enfance et de la Case des Tout-Petits.<\/strong><\/p>\n\n\n\n<p>Apr\u00e8s avoir magnifi\u00e9 le travail&nbsp;abattu&nbsp;en faveur des tout-petits&nbsp;et qui&nbsp;t\u00e9moigne de l\u2019engagement du gouvernement du S\u00e9n\u00e9gal pour le respect des droits des enfants, la repr\u00e9sentante adjointe de l\u2019UNICEF S\u00e9n\u00e9gal, Mme Ma\u00efmouna Diallo, a rappel\u00e9 que le financement de 30.000.000 FCFA,&nbsp;d\u00e9bloqu\u00e9&nbsp;pour l\u2019achat de ces mat\u00e9riels, est le fruit de&nbsp;leur&nbsp;partenariat avec la Ko\u00efca, l\u2019Agence de Coop\u00e9ration cor\u00e9enne, dans le cadre du&nbsp;<em>\u00abProjet de d\u00e9veloppement de la petite enfance au S\u00e9n\u00e9gal : \u00e9ducation de la petite enfance et pr\u00e9paration scolaire financ\u00e9\u00bb<\/em>.<\/p>\n\n\n\n<p><em>\u00ab<\/em><em>L<\/em><em>\u2019<\/em><em>objectif du projet est d\u2019am\u00e9liorer la capacit\u00e9 du syst\u00e8me d\u2019\u00e9ducation de la petite enfance et de l\u2019enseignement pr\u00e9scolaire \u00e0 accueillir, \u00e0 soutenir le d\u00e9veloppement des enfants et \u00e0 fournir des services \u00e9ducatifs et des possibilit\u00e9s d\u2019apprentissage de qualit\u00e9<\/em>.<em>&nbsp;Ces mat\u00e9riels ludiques et p\u00e9dagogiques pour les structures pr\u00e9scolaires<\/em><em>&nbsp;<\/em><em>contribueront<\/em><em>&nbsp;<\/em><em>certainement \u00e0 l<\/em><em>\u2019<\/em><em>am\u00e9lioration des enseignements apprentissages au niveau des structures pr\u00e9scolaires<\/em><em>\u00bb<\/em>, a-t-elle d\u00e9clar\u00e9 au terme de la c\u00e9r\u00e9monie de r\u00e9ception symbolique de ces mat\u00e9riels.<\/p>\n\n\n\n<p>Mme Diallo a rappel\u00e9 qu\u2019en marge de ces actions, et toujours dans le cadre du projet financ\u00e9 par la Ko\u00efca, et en partenariat avec l\u2019UNICEF, l\u2019Agence Nationale de la Petite Enfance et de la&nbsp;Case des&nbsp;Tout-Petits a b\u00e9n\u00e9fici\u00e9 d\u2019accompagnement&nbsp;pour la construction de&nbsp;07 cases des tout-petits d\u00e9j\u00e0 \u00e9quip\u00e9es.&nbsp;<em>\u00ab<\/em><em>Ces infrastructures permettent aux enfants d\u2019acc\u00e9der \u00e0 des services int\u00e9gr\u00e9s et de qualit\u00e9 et \u00e0 un environnement sain et protecteur, convivial et propice \u00e0 leur d\u00e9veloppement gr\u00e2ce \u00e0 l\u2019engagement des parents et des \u00e9ducatrices et \u00e9ducateurs<\/em><em>\u00bb<\/em>, a-t-elle expliqu\u00e9.<\/p>\n\n\n\n<p>Mme Ma\u00efmouna Diallo a encore encourag\u00e9 les parents \u00e0 inscrire les enfants \u00e0 l\u2019\u00e9cole afin de leur permettre d\u2019avoir acc\u00e8s \u00e0 une \u00e9ducation pr\u00e9scolaire inclusive et de qualit\u00e9 dans un environnement favorisant leur d\u00e9veloppement moteur, cognitif, socio-affectif et langagier afin de permettre le d\u00e9veloppement de leur plein potentiel.&nbsp;Elle n\u2019a pas manqu\u00e9 d\u2019encourager&nbsp;\u00e9galement&nbsp;les Collectivit\u00e9s territoriales et le secteur priv\u00e9 \u00e0 investir davantage dans le d\u00e9veloppement de la petite enfance, eu \u00e9gard aux avantages de sous-secteur de l\u2019\u00e9ducation, pour un d\u00e9veloppement durable et \u00e9quitable.<\/p>\n\n\n\n<p>Le mat\u00e9riel a \u00e9t\u00e9 r\u00e9ceptionn\u00e9 par la Directrice de l\u2019Agence nationale de la Petite enfance et de la Case des Tout-petits, Khadijatou Jamila Diallo.&nbsp;Il s\u2019agit, entre autres,&nbsp;de matelas, de&nbsp;nattes, de tables, de tableaux et du mat\u00e9riel pour le lavage des mains&nbsp;destin\u00e9s&nbsp;\u00e0 40 daaras pr\u00e9scolaires&nbsp;de la r\u00e9gion.&nbsp;<em>\u00abAu S\u00e9n\u00e9gal, le taux brut de pr\u00e9scolarisation est de 19,6%, alors que nos pr\u00e9visions pour 2030 visent 64%, ce qui repr\u00e9sente un bond de 40% \u00e0 combler. Ces modes alternatifs pour augmenter le nombre d<\/em><em>\u2019<\/em><em>enfants pr\u00e9scolaris\u00e9s doivent mobiliser l<\/em><em>\u2019<\/em><em>ensemble des partenaires techniques et financiers afin d<\/em><em>\u2019<\/em><em>atteindre cet objectif \u00e0 l\u2019horizon 2030\u00bb<\/em>, a&nbsp;indiqu\u00e9 Mme&nbsp;Khadijatou Jamila Diallo.<\/p>\n\n\n\n<p>La c\u00e9r\u00e9monie a \u00e9t\u00e9 pr\u00e9sid\u00e9e par l\u2019adjoint au&nbsp;Pr\u00e9fet&nbsp;du d\u00e9partement&nbsp;de Saint-Louis, Abdou Khadre Dieylani B\u00e2,&nbsp;venu repr\u00e9senter le Gouverneur de&nbsp;la r\u00e9gion. Il a magnifi\u00e9 le geste et invit\u00e9 les r\u00e9cipiendaires \u00e0 faire bon usage du mat\u00e9riel r\u00e9ceptionn\u00e9.<\/p>\n\n\n\n<p><strong>YVES TENDENG\u00a0<\/strong><br>SOURCE SUDQUOTIDIEN<\/p>\n","protected":false},"excerpt":{"rendered":"<p>Les autorit\u00e9s de l\u2019Inspection d\u2019Acad\u00e9mie de Saint-Louis&nbsp;ont r\u00e9ceptionn\u00e9&nbsp;hier,&nbsp;mardi&nbsp;25 f\u00e9vrier 2025,&nbsp;un lot de mat\u00e9riels ludiques et p\u00e9dagogiques destin\u00e9s aux daaras pr\u00e9scolaires<\/p>\n","protected":false},"author":1,"featured_media":52637,"comment_status":"open","ping_status":"open","sticky":false,"template":"","format":"standard","meta":{"footnotes":""},"categories":[26],"tags":[],"class_list":["post-52636","post","type-post","status-publish","format-standard","has-post-thumbnail","hentry","category-fait-divers"],"_links":{"self":[{"href":"https:\/\/dekkbi.com\/index.php?rest_route=\/wp\/v2\/posts\/52636","targetHints":{"allow":["GET"]}}],"collection":[{"href":"https:\/\/dekkbi.com\/index.php?rest_route=\/wp\/v2\/posts"}],"about":[{"href":"https:\/\/dekkbi.com\/index.php?rest_route=\/wp\/v2\/types\/post"}],"author":[{"embeddable":true,"href":"https:\/\/dekkbi.com\/index.php?rest_route=\/wp\/v2\/users\/1"}],"replies":[{"embeddable":true,"href":"https:\/\/dekkbi.com\/index.php?rest_route=%2Fwp%2Fv2%2Fcomments&post=52636"}],"version-history":[{"count":2,"href":"https:\/\/dekkbi.com\/index.php?rest_route=\/wp\/v2\/posts\/52636\/revisions"}],"predecessor-version":[{"id":52639,"href":"https:\/\/dekkbi.com\/index.php?rest_route=\/wp\/v2\/posts\/52636\/revisions\/52639"}],"wp:featuredmedia":[{"embeddable":true,"href":"https:\/\/dekkbi.com\/index.php?rest_route=\/wp\/v2\/media\/52637"}],"wp:attachment":[{"href":"https:\/\/dekkbi.com\/index.php?rest_route=%2Fwp%2Fv2%2Fmedia&parent=52636"}],"wp:term":[{"taxonomy":"category","embeddable":true,"href":"https:\/\/dekkbi.com\/index.php?rest_route=%2Fwp%2Fv2%2Fcategories&post=52636"},{"taxonomy":"post_tag","embeddable":true,"href":"https:\/\/dekkbi.com\/index.php?rest_route=%2Fwp%2Fv2%2Ftags&post=52636"}],"curies":[{"name":"wp","href":"https:\/\/api.w.org\/{rel}","templated":true}]}}