{"id":5262,"date":"2022-12-23T11:02:43","date_gmt":"2022-12-23T11:02:43","guid":{"rendered":"https:\/\/dekkbi.com\/?p=5262"},"modified":"2022-12-23T11:04:51","modified_gmt":"2022-12-23T11:04:51","slug":"des-exces-anormaux-la-france-denonce-le-comportement-vulgaire-et-deplace-des-argentins-lors-des-celebrations","status":"publish","type":"post","link":"https:\/\/dekkbi.com\/?p=5262","title":{"rendered":"La France d\u00e9nonce le comportement \u201cvulgaire et d\u00e9plac\u00e9\u201d des Argentins"},"content":{"rendered":"\n<p>La ministre des Sports fran\u00e7aise Am\u00e9lie Oud\u00e9a-Cast\u00e9ra a regrett\u00e9 vendredi le comportement \u201cpitoyable\u201d et \u201cin\u00e9l\u00e9gant\u201d de certains joueurs argentins lors des c\u00e9l\u00e9brations du titre mondial obtenu contre la France, \u00e9pinglant notamment le gardien Emiliano Martinez.<\/p>\n\n\n\n<blockquote class=\"wp-block-quote is-layout-flow wp-block-quote-is-layout-flow\">\n<p><strong>RTL France<\/strong>&nbsp;@RTLFrance<img decoding=\"async\" src=\"https:\/\/statics.7sur7.be\/img\/icons\/twitter-bird-93b4d57f28.svg\"><\/p>\n\n\n\n<p><a href=\"https:\/\/twitter.com\/RTLFrance\/statuses\/1606185738655043588\">D\u00e9clarations des joueurs &lt;a href=\u00a0\u00bbhttps:\/\/twitter.com\/hashtag\/argentins?src=hash&amp;amp;ref_src=twsrc%5Etfw\u00a0\u00bb&gt;#argentins&lt;\/a&gt; : &amp;quot;C&amp;#39;est pitoyable ! Des attitudes vulgaires, d\u00e9plac\u00e9es et pas \u00e0 la hauteur de l&amp;#39;enjeu. Ils sont des gagnants in\u00e9l\u00e9gants, des supporteurs avec des propos racistes inacceptables&amp;quot;&lt;br&gt;&lt;br&gt;Am\u00e9lie Oud\u00e9a-Cast\u00e9ra ministre des Sports &lt;a href=\u00a0\u00bbhttps:\/\/twitter.com\/AOC1978?ref_src=twsrc%5Etfw\u00a0\u00bb&gt;@AOC1978&lt;\/a&gt; dans &lt;a href=\u00a0\u00bbhttps:\/\/twitter.com\/hashtag\/RTLMatin?src=hash&amp;amp;ref_src=twsrc%5Etfw\u00a0\u00bb&gt;#RTLMatin&lt;\/a&gt; &lt;a href=\u00a0\u00bbhttps:\/\/t.co\/r8khTaDqq6&Prime;&gt;pic.twitter.com\/r8khTaDqq6&lt;\/a&gt;<\/a><\/p>\n<\/blockquote>\n\n\n\n<p>\u201cJe trouve \u00e7a pitoyable. Autant notre \u00e9quipe de France a su perdre avec panache, autant la mani\u00e8re dont cette \u00e9quipe argentine a agi apr\u00e8s cette victoire n\u2019a pas \u00e9t\u00e9 digne du match qu\u2019on a vu\u201d, a estim\u00e9 la ministre sur RTL. Pendant la parade des joueurs argentins, vainqueurs de la Coupe du monde en battant la France en finale (3-3, 4 t.a.b. \u00e0 2), Emiliano Martinez a \u00e9t\u00e9 aper\u00e7u tenant une poup\u00e9e repr\u00e9sentant un b\u00e9b\u00e9, dont le visage avait \u00e9t\u00e9 recouvert d\u2019une photo de Mbapp\u00e9.<\/p>\n\n\n\n<h2 class=\"wp-block-heading\">\u201cEmiliano Martinez, plut\u00f4t path\u00e9tique\u201d<\/h2>\n\n\n\n<p>Dans la foul\u00e9e de la finale, \u201cDibu\u201d Martinez s\u2019\u00e9tait d\u00e9j\u00e0 ouvertement moqu\u00e9 de la star fran\u00e7aise, auteur de trois buts dans le match, en chantant dans le vestiaire: \u201cUne minute de silence&#8230; pour Mbapp\u00e9\u201d, avant d\u2019\u00eatre suivi par ses co\u00e9quipiers. \u201cC\u2019est juste vulgaire, d\u00e9plac\u00e9, vraiment pas \u00e0 la hauteur de l\u2019enjeu\u201d, a repris Mme Oud\u00e9a-Cast\u00e9ra, pointant des comportements de \u201cgagnants in\u00e9l\u00e9gants\u201d. \u201cCet Emiliano Martinez n\u2019est pas en train de se distinguer dans cette affaire, c\u2019est plut\u00f4t path\u00e9tique\u201d.<\/p>\n\n\n\n<p>La ministre s\u2019est satisfaite que le pr\u00e9sident de la F\u00e9d\u00e9ration fran\u00e7aise de football (FFF) No\u00ebl Le Gra\u00ebt ait \u00e9crit \u00e0 son homologue argentin pour d\u00e9noncer selon lui des \u201cexc\u00e8s anormaux\u201d lors de ces c\u00e9l\u00e9brations. \u00ab\u00a0J&rsquo;ai \u00e9crit une lettre \u00e0 mon homologue de la F\u00e9d\u00e9ration argentine, je trouve ces exc\u00e8s anormaux, dans le cadre d&rsquo;une comp\u00e9tition sportive, et j&rsquo;ai du mal \u00e0 comprendre. Cela va trop loin. Le comportement de Mbapp\u00e9 a \u00e9t\u00e9 exemplaire\u00a0\u00bb, a expliqu\u00e9 Le Graet dans une interview publi\u00e9e sur le site internet de Ouest-France.<\/p>\n","protected":false},"excerpt":{"rendered":"<p>La ministre des Sports fran\u00e7aise Am\u00e9lie Oud\u00e9a-Cast\u00e9ra a regrett\u00e9 vendredi le comportement \u201cpitoyable\u201d et \u201cin\u00e9l\u00e9gant\u201d de certains joueurs argentins lors<\/p>\n","protected":false},"author":1,"featured_media":5263,"comment_status":"open","ping_status":"open","sticky":false,"template":"","format":"standard","meta":{"footnotes":""},"categories":[9],"tags":[],"class_list":["post-5262","post","type-post","status-publish","format-standard","has-post-thumbnail","hentry","category-sports"],"_links":{"self":[{"href":"https:\/\/dekkbi.com\/index.php?rest_route=\/wp\/v2\/posts\/5262","targetHints":{"allow":["GET"]}}],"collection":[{"href":"https:\/\/dekkbi.com\/index.php?rest_route=\/wp\/v2\/posts"}],"about":[{"href":"https:\/\/dekkbi.com\/index.php?rest_route=\/wp\/v2\/types\/post"}],"author":[{"embeddable":true,"href":"https:\/\/dekkbi.com\/index.php?rest_route=\/wp\/v2\/users\/1"}],"replies":[{"embeddable":true,"href":"https:\/\/dekkbi.com\/index.php?rest_route=%2Fwp%2Fv2%2Fcomments&post=5262"}],"version-history":[{"count":2,"href":"https:\/\/dekkbi.com\/index.php?rest_route=\/wp\/v2\/posts\/5262\/revisions"}],"predecessor-version":[{"id":5265,"href":"https:\/\/dekkbi.com\/index.php?rest_route=\/wp\/v2\/posts\/5262\/revisions\/5265"}],"wp:featuredmedia":[{"embeddable":true,"href":"https:\/\/dekkbi.com\/index.php?rest_route=\/wp\/v2\/media\/5263"}],"wp:attachment":[{"href":"https:\/\/dekkbi.com\/index.php?rest_route=%2Fwp%2Fv2%2Fmedia&parent=5262"}],"wp:term":[{"taxonomy":"category","embeddable":true,"href":"https:\/\/dekkbi.com\/index.php?rest_route=%2Fwp%2Fv2%2Fcategories&post=5262"},{"taxonomy":"post_tag","embeddable":true,"href":"https:\/\/dekkbi.com\/index.php?rest_route=%2Fwp%2Fv2%2Ftags&post=5262"}],"curies":[{"name":"wp","href":"https:\/\/api.w.org\/{rel}","templated":true}]}}