{"id":52615,"date":"2025-02-26T09:22:19","date_gmt":"2025-02-26T09:22:19","guid":{"rendered":"https:\/\/dekkbi.com\/?p=52615"},"modified":"2025-02-26T09:22:19","modified_gmt":"2025-02-26T09:22:19","slug":"deforestation-pres-de-340-000-hectares-de-forets-perdus-au-senegal-entre-2005-et-2023-expert-eaux-et-forets","status":"publish","type":"post","link":"https:\/\/dekkbi.com\/?p=52615","title":{"rendered":"D\u00e9forestation :\u00a0pr\u00e8s de 340. 000 hectares de for\u00eats perdus au S\u00e9n\u00e9gal, entre 2005 et 2023 (expert eaux et for\u00eats)"},"content":{"rendered":"\n<p>Dakar, \u00a0(APS) \u2013 La d\u00e9forestation a caus\u00e9, entre 2005 \u00e0 2023, la perte de 339.673 hectares au S\u00e9n\u00e9gal, soit une moyenne annuelle estim\u00e9e \u00e0 17. 034 hectares, a indiqu\u00e9, mardi, \u00e0 Dakar, l\u2019ing\u00e9nieur des eaux et for\u00eats, colonel Pape Assane Ndour.<\/p>\n\n\n\n<p>\u201dEntre 2005 et 2023, la p\u00e9riode soumise \u00e0 l\u2019\u00e9tude de nos for\u00eats, les pertes occasionn\u00e9es par la d\u00e9forestation brute sont estim\u00e9es \u00e0 339 673 hectares, soit une perte annuelle moyenne estim\u00e9e \u00e0 17 034 hectares\u2019\u2019, a dit M. Ndour, par ailleurs conseiller technique du ministre de l\u2019Environnement et de la Transition \u00e9cologique (METE).<\/p>\n\n\n\n<p>Il s\u2019exprimait ainsi, \u00e0 l\u2019ouverture officielle de l\u2019atelier national de partage des r\u00e9sultats du processus d\u2019\u00e9laboration du niveau de r\u00e9f\u00e9rence pour les for\u00eats (NRF) au titre du m\u00e9canisme \u2018\u2019REDD\u2019\u2019.<\/p>\n\n\n\n<p>Le colonel Ndour a expliqu\u00e9 que la m\u00e9thodologie rigoureuse employ\u00e9e pour collecter, traiter et analyser les donn\u00e9es sur les for\u00eats et l\u2019utilisation des terres, a permis d\u2019obtenir ces statistiques fiables, en d\u00e9pit des pr\u00e9occupations sur la cr\u00e9dibilit\u00e9 des statistiques publiques.<\/p>\n\n\n\n<p>Il rappel\u00e9 que le m\u00e9canisme de r\u00e9duction des \u00e9missions dues \u00e0 la d\u00e9forestation et \u00e0 la d\u00e9gradation foresti\u00e8re (REDD) est une initiative de la Convention-cadre des Nations unies sur le changement climatique.<\/p>\n\n\n\n<p>Adopt\u00e9 depuis la COP 2008 (conf\u00e9rence des parties) en Pologne, le REDD encourage les pays en d\u00e9veloppement \u00e0 se renforcer au plan institutionnel en vue d\u2019une meilleure gestion de leurs for\u00eats.<\/p>\n\n\n\n<p>L\u2019ing\u00e9nieur des eaux et for\u00eats a expliqu\u00e9 que \u2018\u2019l\u2019avanc\u00e9e du front agricole et la r\u00e9currence des facteurs de d\u00e9gradation des \u00e9cosyst\u00e8mes caus\u00e9s par les feux de brousse, les coupes ill\u00e9gales de bois, le surp\u00e2turage, sont principalement \u00e0 l\u2019origine de la d\u00e9gradation des for\u00eats.\u2019\u2019<\/p>\n\n\n\n<p>Le colonel Pape Assane Ndour a en outre pr\u00e9cis\u00e9 que les conclusions de l\u2019\u00e9tude montrent que les for\u00eats restent un puits important de carbone. \u201dCe potentiel (carbone), a-t-il soulign\u00e9,&nbsp;est en nette diminution dans la mesure o\u00f9 une perte de 45,94% du potentiel d\u2019abstraction a \u00e9t\u00e9 not\u00e9e, passant de moins de 17,8 tonnes CO2 \u00e9quivalentes \u00e0 moins de 8,1 tonnes CO2 \u00e9quivalentes\u201d.<\/p>\n\n\n\n<p>Il a indiqu\u00e9 \u00e0 ce sujet que le potentiel d\u2019absorption des for\u00eats s\u00e9n\u00e9galaises est estim\u00e9 \u00e0 0,53 million de tonnes CO2 \u00e9quivalentes par an. \u201dUne quantit\u00e9 quasi \u00e9quivalente aux \u00e9missions cumul\u00e9es dues \u00e0 la d\u00e9forestation en 2005\u2019\u2019, a pr\u00e9cis\u00e9 M. Ndour.<\/p>\n\n\n\n<p>Toutefois, il a exprim\u00e9 son souhait de continuer l\u2019aventure avec les parties prenantes \u00e0 l\u2019\u00e9tude, expliquant que \u201dles objectifs sont tr\u00e8s loin d\u2019\u00eatre atteints.\u2019\u2019<\/p>\n\n\n\n<p>Pape Assane Ndour a appel\u00e9 les partenaires du S\u00e9n\u00e9gal, \u00e0 rejoindre sur le terrain de l\u2019action, afin de freiner la dynamique de d\u00e9pr\u00e9ciation de la qualit\u00e9 des for\u00eats.<\/p>\n\n\n\n<p>Il a encourag\u00e9 l\u2019expertise nationale \u00e0 s\u2019investir dans la collecte, le traitement et l\u2019analyse de donn\u00e9es foresti\u00e8res.<\/p>\n\n\n\n<p>Des repr\u00e9sentants de partenaires, de l\u2019Association des maires du S\u00e9n\u00e9gal (AMS), du Comit\u00e9 national sur le changement climatique (Comnac) et des experts ont pris part \u00e0 cet atelier.<\/p>\n\n\n\n<p>ID\/AB\/ASG<\/p>\n","protected":false},"excerpt":{"rendered":"<p>Dakar, \u00a0(APS) \u2013 La d\u00e9forestation a caus\u00e9, entre 2005 \u00e0 2023, la perte de 339.673 hectares au S\u00e9n\u00e9gal, soit une<\/p>\n","protected":false},"author":1,"featured_media":52175,"comment_status":"open","ping_status":"open","sticky":false,"template":"","format":"standard","meta":{"footnotes":""},"categories":[3],"tags":[],"class_list":["post-52615","post","type-post","status-publish","format-standard","has-post-thumbnail","hentry","category-event-more-news"],"_links":{"self":[{"href":"https:\/\/dekkbi.com\/index.php?rest_route=\/wp\/v2\/posts\/52615","targetHints":{"allow":["GET"]}}],"collection":[{"href":"https:\/\/dekkbi.com\/index.php?rest_route=\/wp\/v2\/posts"}],"about":[{"href":"https:\/\/dekkbi.com\/index.php?rest_route=\/wp\/v2\/types\/post"}],"author":[{"embeddable":true,"href":"https:\/\/dekkbi.com\/index.php?rest_route=\/wp\/v2\/users\/1"}],"replies":[{"embeddable":true,"href":"https:\/\/dekkbi.com\/index.php?rest_route=%2Fwp%2Fv2%2Fcomments&post=52615"}],"version-history":[{"count":1,"href":"https:\/\/dekkbi.com\/index.php?rest_route=\/wp\/v2\/posts\/52615\/revisions"}],"predecessor-version":[{"id":52616,"href":"https:\/\/dekkbi.com\/index.php?rest_route=\/wp\/v2\/posts\/52615\/revisions\/52616"}],"wp:featuredmedia":[{"embeddable":true,"href":"https:\/\/dekkbi.com\/index.php?rest_route=\/wp\/v2\/media\/52175"}],"wp:attachment":[{"href":"https:\/\/dekkbi.com\/index.php?rest_route=%2Fwp%2Fv2%2Fmedia&parent=52615"}],"wp:term":[{"taxonomy":"category","embeddable":true,"href":"https:\/\/dekkbi.com\/index.php?rest_route=%2Fwp%2Fv2%2Fcategories&post=52615"},{"taxonomy":"post_tag","embeddable":true,"href":"https:\/\/dekkbi.com\/index.php?rest_route=%2Fwp%2Fv2%2Ftags&post=52615"}],"curies":[{"name":"wp","href":"https:\/\/api.w.org\/{rel}","templated":true}]}}