{"id":52609,"date":"2025-02-26T09:17:03","date_gmt":"2025-02-26T09:17:03","guid":{"rendered":"https:\/\/dekkbi.com\/?p=52609"},"modified":"2025-02-26T09:17:18","modified_gmt":"2025-02-26T09:17:18","slug":"waly-diouf-bodian-relegue-tas-au-rang-d-opposant-de-seconde-zone","status":"publish","type":"post","link":"https:\/\/dekkbi.com\/?p=52609","title":{"rendered":"Waly Diouf Bodian rel\u00e8gue TAS au rang d\u2019\u00ab opposant de seconde zone \u00bb"},"content":{"rendered":"\n<p>Apr\u00e8s que Thierno Alassane Sall (TAS) a d\u00e9nonc\u00e9 une tentative des d\u00e9put\u00e9s de Pastef d\u2019\u00e9carter sa proposition de loi visant \u00e0 abroger totalement l\u2019amnistie, Waly Diouf Bodian, figure influente du parti au pouvoir, a r\u00e9agi.<\/p>\n\n\n\n<p>Dans un message post\u00e9 sur sa page Facebook, Waly Diouf Bodian a balay\u00e9 d\u2019un revers de main les inqui\u00e9tudes de TAS, affirmant qu\u2019elles n\u2019\u00e9taient que pure sp\u00e9culation. \u00ab Thierno Alassane Sall est le seul \u00e0 voir une panique dans nos rangs apr\u00e8s le d\u00e9p\u00f4t de sa proposition de loi. \u00bb a-t-il d\u00e9clar\u00e9, rejetant toute id\u00e9e d\u2019une man\u0153uvre orchestr\u00e9e par Pastef pour bloquer son initiative.<\/p>\n\n\n\n<p>Ne s\u2019arr\u00eatant pas l\u00e0, le responsable du Pastef a \u00e9galement minimis\u00e9 l\u2019influence politique de l\u2019ancien ministre de l\u2019\u00c9nergie, laissant entendre qu\u2019il surestimait son r\u00f4le dans l\u2019opposition. \u00ab Cette loi ne le concerne m\u00eame pas. Il est un opposant de seconde zone. Macky n\u2019a jamais eu besoin d\u2019\u00e9laborer quoi que ce soit pour contrer un p\u00e9tard mouill\u00e9 comme lui. \u00bb<\/p>\n\n\n\n<p><strong>C.G. DIOP<\/strong><\/p>\n\n\n\n<p>LESOLEIL<\/p>\n","protected":false},"excerpt":{"rendered":"<p>Apr\u00e8s que Thierno Alassane Sall (TAS) a d\u00e9nonc\u00e9 une tentative des d\u00e9put\u00e9s de Pastef d\u2019\u00e9carter sa proposition de loi visant<\/p>\n","protected":false},"author":1,"featured_media":52610,"comment_status":"open","ping_status":"open","sticky":false,"template":"","format":"standard","meta":{"footnotes":""},"categories":[6],"tags":[],"class_list":["post-52609","post","type-post","status-publish","format-standard","has-post-thumbnail","hentry","category-politics"],"_links":{"self":[{"href":"https:\/\/dekkbi.com\/index.php?rest_route=\/wp\/v2\/posts\/52609","targetHints":{"allow":["GET"]}}],"collection":[{"href":"https:\/\/dekkbi.com\/index.php?rest_route=\/wp\/v2\/posts"}],"about":[{"href":"https:\/\/dekkbi.com\/index.php?rest_route=\/wp\/v2\/types\/post"}],"author":[{"embeddable":true,"href":"https:\/\/dekkbi.com\/index.php?rest_route=\/wp\/v2\/users\/1"}],"replies":[{"embeddable":true,"href":"https:\/\/dekkbi.com\/index.php?rest_route=%2Fwp%2Fv2%2Fcomments&post=52609"}],"version-history":[{"count":1,"href":"https:\/\/dekkbi.com\/index.php?rest_route=\/wp\/v2\/posts\/52609\/revisions"}],"predecessor-version":[{"id":52611,"href":"https:\/\/dekkbi.com\/index.php?rest_route=\/wp\/v2\/posts\/52609\/revisions\/52611"}],"wp:featuredmedia":[{"embeddable":true,"href":"https:\/\/dekkbi.com\/index.php?rest_route=\/wp\/v2\/media\/52610"}],"wp:attachment":[{"href":"https:\/\/dekkbi.com\/index.php?rest_route=%2Fwp%2Fv2%2Fmedia&parent=52609"}],"wp:term":[{"taxonomy":"category","embeddable":true,"href":"https:\/\/dekkbi.com\/index.php?rest_route=%2Fwp%2Fv2%2Fcategories&post=52609"},{"taxonomy":"post_tag","embeddable":true,"href":"https:\/\/dekkbi.com\/index.php?rest_route=%2Fwp%2Fv2%2Ftags&post=52609"}],"curies":[{"name":"wp","href":"https:\/\/api.w.org\/{rel}","templated":true}]}}