{"id":5258,"date":"2022-12-23T10:55:31","date_gmt":"2022-12-23T10:55:31","guid":{"rendered":"https:\/\/dekkbi.com\/?p=5258"},"modified":"2022-12-23T11:09:51","modified_gmt":"2022-12-23T11:09:51","slug":"foot-le-graet-rencontrera-deschamps-des-la-semaine-prochaine-pour-evoquer-son-avenir","status":"publish","type":"post","link":"https:\/\/dekkbi.com\/?p=5258","title":{"rendered":"Foot: No\u00ebl Le Gra\u00ebt, pr\u00e9sident de la FFF, rencontrera Didier Deschamps d\u00e8s la semaine prochaine pour \u00e9voquer son avenir"},"content":{"rendered":"\n<p><a href=\"https:\/\/www.addthis.com\/bookmark.php?v=300\"><\/a><a href=\"https:\/\/www.addthis.com\/bookmark.php?v=300\"><\/a><a rel=\"noreferrer noopener\" href=\"https:\/\/www.addthis.com\/bookmark.php?v=300\" target=\"_blank\"><\/a><a rel=\"noreferrer noopener\" href=\"https:\/\/www.addthis.com\/bookmark.php?v=300\" target=\"_blank\"><\/a>Le pr\u00e9sident de la F\u00e9d\u00e9ration fran\u00e7aise de football (FFF), No\u00ebl Le Gra\u00ebt va rencontrer Didier Deschamps d\u00e8s la semaine prochaine pour \u00e9voquer l&rsquo;avenir du s\u00e9lectionneur des Bleus dont il semble enclin \u00e0 prolonger le contrat jusqu&rsquo;\u00e0 l&rsquo;Euro-2024, a-t-il annonc\u00e9 jeudi au quotidien Ouest-France.<\/p>\n\n\n\n<p>Comme apr\u00e8s chaque grande comp\u00e9tition depuis dix ans que Deschamps est en poste, les deux hommes vont se retrouver \u00e0 Guingamp (C\u00f4tes-d&rsquo;Armor), fief de Le Gra\u00ebt, pour tirer un bilan sportif et logistique et \u00e9voquer l&rsquo;avenir.<\/p>\n\n\n\n<p>Ce rendez-vous est pr\u00e9vu d\u00e8s la semaine prochaine, a expliqu\u00e9 Le Gra\u00ebt au quotidien breton, sans donner de date pr\u00e9cise. Il souhaite voir Deschamps rester et \u00ab\u00a0boucler cela avant la fin de l&rsquo;ann\u00e9e\u00a0\u00bb.<\/p>\n\n\n\n<p>\u00ab\u00a0A mon avis on va r\u00e9gler \u00e7a \u00e0 Guingamp. S&rsquo;il ne veut pas rester, ce sera tr\u00e8s court. S&rsquo;il veut rester, il y aura des discussions un peu plus longues\u00a0\u00bb, a-t-il estim\u00e9.<\/p>\n\n\n\n<p>En fin de contrat, Deschamps appr\u00e9cie beaucoup son poste et a les cartes en main pour prolonger compte tenu du succ\u00e8s du Mondial-2022, o\u00f9 la France a atteint la finale. Mais selon le quotidien L&rsquo;Equipe, il pourrait demander, au-del\u00e0 de l&rsquo;Euro-2024 dans 18 mois en Allemagne, un contrat jusqu&rsquo;au Mondial-2026.<\/p>\n\n\n\n<p>\u00ab\u00a0Et pourquoi pas 2030 ?\u00a0\u00bb, a ironis\u00e9 Le Gra\u00ebt, qui souhaite d&rsquo;abord voir \u00ab\u00a0comment on envisage d\u00e9j\u00e0 le championnat d&rsquo;Europe 2024\u00a0\u00bb. D&rsquo;autant que la date correspond \u00e0 la fin de son troisi\u00e8me et dernier mandat \u00e0 la t\u00eate de la FFF.<\/p>\n\n\n\n<p>Interrog\u00e9 sur un \u00e9ventuel recours \u00e0 Zin\u00e9dine Zidane en cas de d\u00e9part de Deschamps, Le Gra\u00ebt a coup\u00e9 court: \u00ab\u00a0Je n&rsquo;ai pas song\u00e9 au fait que Didier puisse partir (&#8230;) Didier a bien fait son boulot, il a la priorit\u00e9, et je pense qu&rsquo;on se mettra d&rsquo;accord\u00a0\u00bb.<\/p>\n\n\n\n<p><\/p>\n","protected":false},"excerpt":{"rendered":"<p>Le pr\u00e9sident de la F\u00e9d\u00e9ration fran\u00e7aise de football (FFF), No\u00ebl Le Gra\u00ebt va rencontrer Didier Deschamps d\u00e8s la semaine prochaine<\/p>\n","protected":false},"author":1,"featured_media":5259,"comment_status":"open","ping_status":"open","sticky":false,"template":"","format":"standard","meta":{"footnotes":""},"categories":[9],"tags":[],"class_list":["post-5258","post","type-post","status-publish","format-standard","has-post-thumbnail","hentry","category-sports"],"_links":{"self":[{"href":"https:\/\/dekkbi.com\/index.php?rest_route=\/wp\/v2\/posts\/5258","targetHints":{"allow":["GET"]}}],"collection":[{"href":"https:\/\/dekkbi.com\/index.php?rest_route=\/wp\/v2\/posts"}],"about":[{"href":"https:\/\/dekkbi.com\/index.php?rest_route=\/wp\/v2\/types\/post"}],"author":[{"embeddable":true,"href":"https:\/\/dekkbi.com\/index.php?rest_route=\/wp\/v2\/users\/1"}],"replies":[{"embeddable":true,"href":"https:\/\/dekkbi.com\/index.php?rest_route=%2Fwp%2Fv2%2Fcomments&post=5258"}],"version-history":[{"count":2,"href":"https:\/\/dekkbi.com\/index.php?rest_route=\/wp\/v2\/posts\/5258\/revisions"}],"predecessor-version":[{"id":5268,"href":"https:\/\/dekkbi.com\/index.php?rest_route=\/wp\/v2\/posts\/5258\/revisions\/5268"}],"wp:featuredmedia":[{"embeddable":true,"href":"https:\/\/dekkbi.com\/index.php?rest_route=\/wp\/v2\/media\/5259"}],"wp:attachment":[{"href":"https:\/\/dekkbi.com\/index.php?rest_route=%2Fwp%2Fv2%2Fmedia&parent=5258"}],"wp:term":[{"taxonomy":"category","embeddable":true,"href":"https:\/\/dekkbi.com\/index.php?rest_route=%2Fwp%2Fv2%2Fcategories&post=5258"},{"taxonomy":"post_tag","embeddable":true,"href":"https:\/\/dekkbi.com\/index.php?rest_route=%2Fwp%2Fv2%2Ftags&post=5258"}],"curies":[{"name":"wp","href":"https:\/\/api.w.org\/{rel}","templated":true}]}}